{"id":716,"date":"2012-09-30T18:31:58","date_gmt":"2012-09-30T21:31:58","guid":{"rendered":"http:\/\/www.24baires.com\/?p=716"},"modified":"2012-09-30T18:31:58","modified_gmt":"2012-09-30T21:31:58","slug":"persico-quiere-poner-al-estado-al-lado-de-los-pequenos-productores","status":"publish","type":"post","link":"https:\/\/www.24baires.com\/?p=716","title":{"rendered":"P\u00e9rsico quiere \u00abponer al Estado al lado de los peque\u00f1os productores\u201d"},"content":{"rendered":"<p style=\"text-align: left;\"><img data-recalc-dims=\"1\" loading=\"lazy\" decoding=\"async\" class=\"size-full wp-image-717 aligncenter\" title=\"persico emilio\" src=\"https:\/\/i0.wp.com\/www.24baires.com\/wp-content\/uploads\/2012\/09\/persico-emilio.jpg?resize=560%2C419\" alt=\"\" width=\"560\" height=\"419\" srcset=\"https:\/\/i0.wp.com\/www.24baires.com\/wp-content\/uploads\/2012\/09\/persico-emilio.jpg?w=560&amp;ssl=1 560w, https:\/\/i0.wp.com\/www.24baires.com\/wp-content\/uploads\/2012\/09\/persico-emilio.jpg?resize=300%2C224&amp;ssl=1 300w\" sizes=\"auto, (max-width: 560px) 100vw, 560px\" \/><br \/>\nEl flamante subsecretario de Agricultura Familiar, Emilio P\u00e9rsico, afirm\u00f3 que el trabajo que llevar\u00e1 adelante dentro de la cartera agropecuaria tiene por objetivo seguir adelante \u00abcon la l\u00ednea de trabajo\u00bb del Gobierno en el sector y \u00abponer al Estado al lado de los peque\u00f1os productores\u201d.<!--more--><br \/>\nP\u00e9rsico, en di\u00e1logo con la agencia T\u00e9lam, se\u00f1al\u00f3 que su llegada a Agricultura responde a \u00abun pedido concreto de la Presidenta (Cristina Fern\u00e1ndez de Kirchner)\u00bb a partir de su \u00abperfil militante\u00bb y por su pasado \u00abcercano al campo\u00bb como quintero y tambero en las afueras de La Plata.<br \/>\nA continuaci\u00f3n los principales tramos del reportaje:<\/p>\n<p><strong>T\u00e9lam: \u00bfComo fue su llegada al ministerio?<\/strong><br \/>\nP\u00e9rsico: Fue un pedido concreto de la Presidenta (Cristina Fern\u00e1ndez de Kirchner). Quer\u00eda alguien de un perfil militante, pero tambi\u00e9n cercano al campo. Para los que no saben, yo viv\u00ed 25 a\u00f1os del campo con una quinta en las afueras de La Plata y tambi\u00e9n fui tambero, un sector que conozco bien.<br \/>\n<strong>T: \u00bfQue l\u00edneas de continuidad o ruptura va a haber con las gestiones anteriores?<\/strong><br \/>\nP: La verdad es que el Gobierno viene d\u00e1ndole impulso al \u00e1rea de Agricultura Familiar desde que asumi\u00f3 Cristina. Primero desde la Secretar\u00eda de Agricultura y luego con la creaci\u00f3n del Ministerio. Vamos a trabajar en la l\u00ednea en la que ven\u00eda trabajando Martini (Guillermo, ex subsecretario de Agricultura), vamos a pasar a una postura m\u00e1s ofensiva en la defensa de los peque\u00f1os productores.<br \/>\nVamos a trabajar en facilitar la comercializaci\u00f3n, vamos a crear protocolos para proteger y certificar los productos familiares y las econom\u00edas regionales, acelerar la cuesti\u00f3n de la tierra, dialogar con todos los t\u00e9cnicos y productores.<br \/>\n<strong>T: \u00bfEn qu\u00e9 tipo de protocolos est\u00e1n pensando?<\/strong><br \/>\nP: Una idea es elaborar un protocolo espec\u00edfico de pollo de campo, que camine, que se alimente en movimiento, certific\u00e1ndolo y d\u00e1ndole valor agregado, esa es la idea general. La verdad es que este Gobierno y el crecimiento econ\u00f3mico han creado un mercado muy grande y hay muchos lugares donde ofrecer los productos de elaboraci\u00f3n familiar, hay que seguir los ejemplos de los europeos, que fueron certificando sus producciones regionales y le dieron un valor que antes no ten\u00edan.<br \/>\n<strong>T: En lo que respecta al tema de la tierra, \u00bfcree que puede llegar a surgir alg\u00fan problema con alguna provincia o con intereses econ\u00f3micos locales?<\/strong><br \/>\nP: La cuesti\u00f3n de la normalizaci\u00f3n de la tierra, de la entrega de t\u00edtulos efectivos a muchos campesinos que hoy trabajan esas tierras es fundamental. Yo estuve dialogando con muchos empresarios que me llamaron por mi llegada, muchos quieren saber qu\u00e9 voy a hacer, sienten que yo soy un bicho raro para este ministerio.<br \/>\nYo los atiendo y les digo que hay que recordar todos los proyectos de pa\u00eds que hubo, desde la generaci\u00f3n del 80 hasta Per\u00f3n y el desarrollismo. Todos tuvieron una pol\u00edtica de colonizaci\u00f3n, justamente porque es muy importante desarrollar y darles oportunidades a los peque\u00f1os productores. A esa responsabilidad empresaria es a la que apelo.<br \/>\n<strong>T: Seg\u00fan la Federaci\u00f3n Agraria hay 350.000 peque\u00f1os y medianos productores, \u00bfque n\u00fameros manejan ustedes?<\/strong><br \/>\nP: Nosotros nos basamos en los datos del censo agropecuario, hay cerca de 250.000 peque\u00f1os productores, pero hay que sumar tambi\u00e9n a los que abandonaron recientemente sus antiguas actividades, los que se mudaron a las afueras de las ciudades del interior y conservan la tradici\u00f3n campesina, sobre esos tambi\u00e9n vamos a trabajar porque queremos que puedan volver a ser agricultores.<br \/>\n<strong>T: Usted tiene un perfil pol\u00edtico como l\u00edder del Movimiento Evita indisociable de la gesti\u00f3n, \u00bfse puede pensar que haya un trabajo pol\u00edtico sobre los peque\u00f1os productores?<\/strong><br \/>\nP: Hay que construir un espacio reivindicativo del campesinado, social. No algo pol\u00edtico en t\u00e9rminos de dependencia del Estado, que sea sin banderas. Necesitamos un campesinado fuerte que exija cosas en la sociedad, para que avance la pol\u00edtica de Estado.<br \/>\nNosotros creemos en el control presupuestario y vamos abrir el control del presupuesto a las organizaciones campesinas, as\u00ed se fortifican y empiezan a discutir ac\u00e1 adentro cu\u00e1nto va para los peque\u00f1os productores.<br \/>\n<strong>T: \u00bfEs posible pensar en asistencias m\u00e1s directas, que surjan de las necesidades de los peque\u00f1os productores?<\/strong><br \/>\nP: S\u00ed, hay que tratar de que el dinero llegue a los peque\u00f1os productores. Hay que hacer un balance, ac\u00e1 se va mucha plata en informes, en estudios, en montones de cosas y lo que vos med\u00eds que llega espec\u00edficamente al peque\u00f1o productor es muy poco.\u00a0Un ejemplo es seguir lo que hizo Alicia Kirchner en Desarrollo Social, unificar los programas. Es sencillo, cuando hay muchos programas como hay en estos ministerios es porque algo anda mal.<br \/>\nAc\u00e1 el ministro (Norberto) Yauhar tambi\u00e9n quiere corregir esas cosas, unificar programas para que las cosas sean m\u00e1s claras y yo estoy muy de acuerdo. Hay que definir cu\u00e1nto puede ir a capacitaci\u00f3n y cu\u00e1nto tiene que llegar directamente al productor. La l\u00ednea es clara, buscamos que llegue la mayor cantidad posible al productor y resolverle el problema, estamos trabajando con todo desde que llegamos para hacer ese diagn\u00f3stico\u201d.<\/p>\n<p><strong> T: \u00bfC\u00f3mo es la relaci\u00f3n con el resto del Ministerio?<\/strong><br \/>\nEstamos trabajando mucho con Carla (Campos Bilbao). Cristina nos dijo que trabaj\u00e1ramos mucho con ella y el ministro Yauhar tambi\u00e9n nos est\u00e1 ayudando para lograr este diagn\u00f3stico lo m\u00e1s r\u00e1pido posible.<br \/>\nVamos a respetar mucho la institucionalidad, ac\u00e1 est\u00e1 el ministro puesto por Cristina, Carla Campos Bilbao es la secretaria del \u00e1rea y nosotros vamos a tratar de trabajar todos juntos y en equipo.<br \/>\nSi no se trabaja en equipo, estos problemas no se pueden resolver.\u00a0Fijate que de los equipos que est\u00e1n ac\u00e1 no he cambiado a nadie, no es un desembarco de gente, no es un desembarco del Movimiento Evita en el Ministerio de Agricultura, la idea es no cambiar, que esto sea una continuidad, pero con una conducci\u00f3n diferente.<\/p>\n","protected":false},"excerpt":{"rendered":"<p>El flamante subsecretario de Agricultura Familiar, Emilio P\u00e9rsico, afirm\u00f3 que el trabajo que llevar\u00e1 adelante dentro de la cartera agropecuaria tiene por objetivo seguir adelante \u00abcon la l\u00ednea de trabajo\u00bb del Gobierno en el sector y \u00abponer al Estado al lado de los peque\u00f1os productores\u201d.<\/p>\n","protected":false},"author":11,"featured_media":0,"comment_status":"open","ping_status":"open","sticky":false,"template":"","format":"standard","meta":{"_jetpack_newsletter_access":"","_jetpack_dont_email_post_to_subs":false,"_jetpack_newsletter_tier_id":0,"_jetpack_memberships_contains_paywalled_content":false,"_jetpack_memberships_contains_paid_content":false,"footnotes":""},"categories":[51],"tags":[],"class_list":["post-716","post","type-post","status-publish","format-standard","hentry","category-politica"],"jetpack_featured_media_url":"","jetpack_shortlink":"https:\/\/wp.me\/p2JWE0-by","jetpack-related-posts":[{"id":91498,"url":"https:\/\/www.24baires.com\/?p=91498","url_meta":{"origin":716,"position":0},"title":"Denuncian a Laura Alonso por \u00abparcialidad manifiesta\u00bb","author":"AF","date":"10\/01\/2017","format":false,"excerpt":"El dirigente social Juan Grabois la acus\u00f3 de actuar como una \"funcionaria militante que no est\u00e1 luchando contra la corrupci\u00f3n sino persiguiendo a adversarios pol\u00edticos\" del Gobierno nacional. \"Lejos de cumplir la funci\u00f3n para la que ha sido designada al frente de la Oficina Anticorrupci\u00f3n, incurre en persecuci\u00f3n contra adversarios\u2026","rel":"","context":"En \u00abPol\u00edtica\u00bb","block_context":{"text":"Pol\u00edtica","link":"https:\/\/www.24baires.com\/?cat=51"},"img":{"alt_text":"","src":"https:\/\/i0.wp.com\/www.24baires.com\/wp-content\/uploads\/2016\/07\/laurita-alonso.jpg?resize=350%2C200","width":350,"height":200,"srcset":"https:\/\/i0.wp.com\/www.24baires.com\/wp-content\/uploads\/2016\/07\/laurita-alonso.jpg?resize=350%2C200 1x, https:\/\/i0.wp.com\/www.24baires.com\/wp-content\/uploads\/2016\/07\/laurita-alonso.jpg?resize=525%2C300 1.5x"},"classes":[]},{"id":69614,"url":"https:\/\/www.24baires.com\/?p=69614","url_meta":{"origin":716,"position":1},"title":"Scioli habl\u00f3 de crear un &#8216;Ministerio de Econom\u00eda Popular&#8217; si es Presidente","author":"Grupo Sierra","date":"27\/07\/2015","format":false,"excerpt":"El candidato a presidente del FpV lo asegur\u00f3 en un acto junto a organizaciones sociales, en el que recibi\u00f3 el apoyo del dirigente del Movimiento Evita, Emilio P\u00e9rsico, junto al primer candidato al Parlasur Jorge Taiana. \"Desde el ministerio de Desarrollo Social, tenemos que proyectar un Ministerio de la Econom\u00eda\u2026","rel":"","context":"En \u00abElecciones 2015\u00bb","block_context":{"text":"Elecciones 2015","link":"https:\/\/www.24baires.com\/?cat=74"},"img":{"alt_text":"","src":"","width":0,"height":0},"classes":[]},{"id":118081,"url":"https:\/\/www.24baires.com\/?p=118081","url_meta":{"origin":716,"position":2},"title":"Fern\u00e1ndez: \u00abEstamos dando un paso para ponerle fin a una disputa de a\u00f1os\u00bb","author":"AF","date":"30\/09\/2021","format":false,"excerpt":"El Presidente encabez\u00f3 la presentaci\u00f3n del proyecto agroindustrial en Casa Rosada junto a la vicepresidenta, Cristina Fern\u00e1ndez de Kirchner; el jefe de Gabinete, Juan Manzur, y el ministro de Agricultura, Juli\u00e1n Dom\u00ednguez. El presidente Alberto Fern\u00e1ndez asegur\u00f3 hoy que se est\u00e1 dando \"un paso para ponerle fin a una disputa\u2026","rel":"","context":"En \u00abPol\u00edtica\u00bb","block_context":{"text":"Pol\u00edtica","link":"https:\/\/www.24baires.com\/?cat=51"},"img":{"alt_text":"","src":"https:\/\/i0.wp.com\/www.24baires.com\/wp-content\/uploads\/2021\/09\/alberto-fernandez-cristina-kirchner-1jpg.jpg?resize=350%2C200","width":350,"height":200,"srcset":"https:\/\/i0.wp.com\/www.24baires.com\/wp-content\/uploads\/2021\/09\/alberto-fernandez-cristina-kirchner-1jpg.jpg?resize=350%2C200 1x, https:\/\/i0.wp.com\/www.24baires.com\/wp-content\/uploads\/2021\/09\/alberto-fernandez-cristina-kirchner-1jpg.jpg?resize=525%2C300 1.5x"},"classes":[]},{"id":18974,"url":"https:\/\/www.24baires.com\/?p=18974","url_meta":{"origin":716,"position":3},"title":"Lomas de Zamora contar\u00e1 con su propio &#8216;Mercado Central&#8217;","author":"AF","date":"21\/03\/2013","format":false,"excerpt":"El primer mercado concentrador de productos alimentarios a precios populares ser\u00e1 presentado este jueves en el partido bonaerense de Lomas de Zamora y se convertir\u00e1 en el puntapi\u00e9 inicial de los 20 centros de expendio que se instalar\u00e1n en distintos puntos de la provincia de Buenos Aires. Se trata de\u2026","rel":"","context":"En \u00abLocales\u00bb","block_context":{"text":"Locales","link":"https:\/\/www.24baires.com\/?cat=38"},"img":{"alt_text":"mercado","src":"https:\/\/i0.wp.com\/www.24baires.com\/wp-content\/uploads\/2013\/03\/mercado.jpg?resize=350%2C200","width":350,"height":200,"srcset":"https:\/\/i0.wp.com\/www.24baires.com\/wp-content\/uploads\/2013\/03\/mercado.jpg?resize=350%2C200 1x, https:\/\/i0.wp.com\/www.24baires.com\/wp-content\/uploads\/2013\/03\/mercado.jpg?resize=525%2C300 1.5x"},"classes":[]},{"id":120519,"url":"https:\/\/www.24baires.com\/?p=120519","url_meta":{"origin":716,"position":4},"title":"Massa celebr\u00f3 ley que modifica ganancias y pidi\u00f3 apoyo para la de devoluci\u00f3n del IVA","author":"AF","date":"29\/09\/2023","format":false,"excerpt":"El ministro de Econom\u00eda y candidato presidencial de Uni\u00f3n por la Patria (UxP), Sergio Massa, consider\u00f3 hoy como \"un paso fundamental\" contra \"la injusticia\" la eliminaci\u00f3n de la cuarta categor\u00eda del impuesto a las Ganancias, al destacar la sanci\u00f3n de la ley que elimin\u00f3 ese gravamen, y pidi\u00f3 \"apoyo\" para\u2026","rel":"","context":"En \u00abPol\u00edtica\u00bb","block_context":{"text":"Pol\u00edtica","link":"https:\/\/www.24baires.com\/?cat=51"},"img":{"alt_text":"","src":"https:\/\/i0.wp.com\/www.24baires.com\/wp-content\/uploads\/2023\/09\/massa.jpg?resize=350%2C200","width":350,"height":200,"srcset":"https:\/\/i0.wp.com\/www.24baires.com\/wp-content\/uploads\/2023\/09\/massa.jpg?resize=350%2C200 1x, https:\/\/i0.wp.com\/www.24baires.com\/wp-content\/uploads\/2023\/09\/massa.jpg?resize=525%2C300 1.5x, https:\/\/i0.wp.com\/www.24baires.com\/wp-content\/uploads\/2023\/09\/massa.jpg?resize=700%2C400 2x"},"classes":[]},{"id":20263,"url":"https:\/\/www.24baires.com\/?p=20263","url_meta":{"origin":716,"position":5},"title":"Productores agropecuarios recibir\u00e1n ayuda de Naci\u00f3n y Provincia","author":"AF","date":"05\/04\/2013","format":false,"excerpt":"El ministro de Asuntos Agrarios de la Provincia de Buenos Aires, Gustavo\u00a0Arrieta se reuni\u00f3 esta ma\u00f1ana con el Secretario de Coordinaci\u00f3n\u00a0Pol\u00edtico-Institucional y Emergencia Agropecuaria del Ministerio de\u00a0Agricultura Ganader\u00eda y Pesca de la Naci\u00f3n Haroldo Lebed, para avanzar en la\u00a0articulaci\u00f3n de asistencia a los peque\u00f1os productores periurbanos afectados\u00a0tras la tormenta de\u2026","rel":"","context":"En \u00abEconom\u00eda\u00bb","block_context":{"text":"Econom\u00eda","link":"https:\/\/www.24baires.com\/?cat=45"},"img":{"alt_text":"campo inundado","src":"https:\/\/i0.wp.com\/www.24baires.com\/wp-content\/uploads\/2012\/11\/campo-inundado.jpg?resize=350%2C200","width":350,"height":200},"classes":[]}],"jetpack_sharing_enabled":true,"jetpack_likes_enabled":true,"_links":{"self":[{"href":"https:\/\/www.24baires.com\/index.php?rest_route=\/wp\/v2\/posts\/716","targetHints":{"allow":["GET"]}}],"collection":[{"href":"https:\/\/www.24baires.com\/index.php?rest_route=\/wp\/v2\/posts"}],"about":[{"href":"https:\/\/www.24baires.com\/index.php?rest_route=\/wp\/v2\/types\/post"}],"author":[{"embeddable":true,"href":"https:\/\/www.24baires.com\/index.php?rest_route=\/wp\/v2\/users\/11"}],"replies":[{"embeddable":true,"href":"https:\/\/www.24baires.com\/index.php?rest_route=%2Fwp%2Fv2%2Fcomments&post=716"}],"version-history":[{"count":0,"href":"https:\/\/www.24baires.com\/index.php?rest_route=\/wp\/v2\/posts\/716\/revisions"}],"wp:attachment":[{"href":"https:\/\/www.24baires.com\/index.php?rest_route=%2Fwp%2Fv2%2Fmedia&parent=716"}],"wp:term":[{"taxonomy":"category","embeddable":true,"href":"https:\/\/www.24baires.com\/index.php?rest_route=%2Fwp%2Fv2%2Fcategories&post=716"},{"taxonomy":"post_tag","embeddable":true,"href":"https:\/\/www.24baires.com\/index.php?rest_route=%2Fwp%2Fv2%2Ftags&post=716"}],"curies":[{"name":"wp","href":"https:\/\/api.w.org\/{rel}","templated":true}]}}