{"id":7157,"date":"2012-11-28T22:23:05","date_gmt":"2012-11-29T01:23:05","guid":{"rendered":"http:\/\/www.24baires.com\/?p=7157"},"modified":"2012-11-28T22:23:05","modified_gmt":"2012-11-29T01:23:05","slug":"docentes-anunciaron-que-las-clases-no-comenzaran-el-25-de-febrero","status":"publish","type":"post","link":"https:\/\/www.24baires.com\/?p=7157","title":{"rendered":"Docentes anunciaron que las clases no comenzar\u00e1n el 25 de febrero"},"content":{"rendered":"<p>La presidente de la Federaci\u00f3n de Educadores Bonaerenses (FEB), Mirta Petrocini, explic\u00f3 que la medida de fuerza se llevar\u00e1 a cabo en caso de que las autoridades educativas, encabezadas por la ministra Nora De Luc\u00eda, sigan evitando dar \u201crespuestas concretas\u201d a los reclamos del sector.<!--more--><\/p>\n<p>En un congreso extraordinario, los maestros de la Federaci\u00f3n de Educadores Bonaerenses (FEB) decidieron este mi\u00e9rcoles no iniciar las clases el pr\u00f3ximo 25 de febrero ante \u201cla falta de respuestas\u201d de la Direcci\u00f3n General de Cultura y Educaci\u00f3n y del Ministerio de Trabajo bonaerense.<\/p>\n<p>\u201cEste era un planteo que ya ven\u00edan haciendo los docentes y, ante la falta de respuestas concretas a nuestras demandas, los congresales decidieron votar el no inicio de clases para el 2013, siempre que no sean atendidos los reclamos de los educadores\u201d, indic\u00f3 la presidente de la FEB, Mirta Petrocini.<\/p>\n<p>La dirigente gremial record\u00f3 que el sector pide a la ministra de Educaci\u00f3n, Nora de Luc\u00eda, y a su par de Trabajo, Oscar Cuartango, \u201cla discusi\u00f3n de un incremento salarial, que se regularice la situaci\u00f3n de los docentes que est\u00e1n percibiendo de forma parcial e irregular sus haberes, la eliminaci\u00f3n del Impuesto a las Ganancias para los trabajadores y la universalizaci\u00f3n de las Asignaciones Familiares\u201d<\/p>\n<p>Los maestros tambi\u00e9n reclaman que \u201cse efectivicen miles de Premios Jubilatorios atrasados y se d\u00e9 respuesta a problemas de infraestructura, comedores escolares y transporte\u201d.<\/p>\n<p>Una medida similar podr\u00eda ser decidida en los pr\u00f3ximos d\u00edas por el resto de los sindicatos del Frente Gremial, que el pasado 22 y 23 de noviembre realizaron un paro de 48 horas y, en ese marco, advirtieron sobre la posibilidad de frenar el comienzo de las clases en 2013.<\/p>\n<p>\u00abSi seguimos en este estado actual de cosas, evidentemente corre riesgo el inicio del ciclo lectivo\u00bb, hab\u00eda advertido en esa oportunidad el titular de SUTEBA, Roberto Baradel, al sostener que \u00abno hay argumentos que ameriten no pagarle el salario a los docentes\u201d y desconocer la necesidad de una reapertura de las paritarias.<\/p>\n","protected":false},"excerpt":{"rendered":"<p>La presidente de la Federaci\u00f3n de Educadores Bonaerenses (FEB), Mirta Petrocini, explic\u00f3 que la medida de fuerza se llevar\u00e1 a cabo en caso de que las autoridades educativas, encabezadas por la ministra Nora De Luc\u00eda, sigan evitando dar \u201crespuestas concretas\u201d a los reclamos del sector.<\/p>\n","protected":false},"author":4,"featured_media":0,"comment_status":"open","ping_status":"open","sticky":false,"template":"","format":"standard","meta":{"_jetpack_newsletter_access":"","_jetpack_dont_email_post_to_subs":false,"_jetpack_newsletter_tier_id":0,"_jetpack_memberships_contains_paywalled_content":false,"_jetpack_memberships_contains_paid_content":false,"footnotes":""},"categories":[1],"tags":[],"class_list":["post-7157","post","type-post","status-publish","format-standard","hentry","category-sociedad"],"jetpack_featured_media_url":"","jetpack_shortlink":"https:\/\/wp.me\/p2JWE0-1Rr","jetpack-related-posts":[{"id":122888,"url":"https:\/\/www.24baires.com\/?p=122888","url_meta":{"origin":7157,"position":0},"title":"Gremios docentes confirmaron el paro y se complica el inicio de clases en la Provincia","author":"GB","date":"19\/02\/2026","format":false,"excerpt":"Los gremios docentes de la provincia de Buenos Aires anunciaron un paro para el 2 de marzo, el d\u00eda que deber\u00edan empezar las clases. El Frente de Unidad Docente Bonaerense (FUDB) anunci\u00f3 un paro de actividades para el 2 de marzo. La medida de fuerza complicar\u00eda el inicia del ciclo\u2026","rel":"","context":"En \u00abProvincia\u00bb","block_context":{"text":"Provincia","link":"https:\/\/www.24baires.com\/?cat=40"},"img":{"alt_text":"","src":"https:\/\/i0.wp.com\/www.24baires.com\/wp-content\/uploads\/2014\/03\/aulas-vac%C3%ADas.jpg?resize=350%2C200","width":350,"height":200,"srcset":"https:\/\/i0.wp.com\/www.24baires.com\/wp-content\/uploads\/2014\/03\/aulas-vac%C3%ADas.jpg?resize=350%2C200 1x, https:\/\/i0.wp.com\/www.24baires.com\/wp-content\/uploads\/2014\/03\/aulas-vac%C3%ADas.jpg?resize=525%2C300 1.5x, https:\/\/i0.wp.com\/www.24baires.com\/wp-content\/uploads\/2014\/03\/aulas-vac%C3%ADas.jpg?resize=700%2C400 2x"},"classes":[]},{"id":56159,"url":"https:\/\/www.24baires.com\/?p=56159","url_meta":{"origin":7157,"position":1},"title":"Docentes bonaerenses confirmaron un paro por 48 horas","author":"GB","date":"28\/10\/2014","format":false,"excerpt":"La huelga fue definida por la FEB en reclamo de mejoras presupuestarias. Todav\u00eda no definieron los d\u00edas que se realizar\u00e1 y resta sumarse Suteba La Federaci\u00f3n de Educadores Bonaerenses (FEB) defini\u00f3 un paro de 48 horas y el inicio de un plan de lucha hasta el comienzo del ciclo lectivo\u2026","rel":"","context":"En \u00abSociedad\u00bb","block_context":{"text":"Sociedad","link":"https:\/\/www.24baires.com\/?cat=1"},"img":{"alt_text":"feb","src":"https:\/\/i0.wp.com\/www.24baires.com\/wp-content\/uploads\/2013\/06\/feb.jpg?resize=350%2C200","width":350,"height":200,"srcset":"https:\/\/i0.wp.com\/www.24baires.com\/wp-content\/uploads\/2013\/06\/feb.jpg?resize=350%2C200 1x, https:\/\/i0.wp.com\/www.24baires.com\/wp-content\/uploads\/2013\/06\/feb.jpg?resize=525%2C300 1.5x"},"classes":[]},{"id":4404,"url":"https:\/\/www.24baires.com\/?p=4404","url_meta":{"origin":7157,"position":2},"title":"Esta semana Scioli retoma las negociaciones con el gremio docente","author":"Grupo Sierra","date":"04\/11\/2012","format":false,"excerpt":"El Ejecutivo provincial y los gremios docentes retoman las negociaciones el pr\u00f3ximo martes. La Federaci\u00f3n de Educadores Bonaerenses defini\u00f3 un nuevo paro y lo at\u00f3 al resultado de la reuni\u00f3n. Amenaza con votar el no inicio de clases para el a\u00f1o pr\u00f3ximo. En medio de amenazas de nuevos paros en\u2026","rel":"","context":"En \u00abProvincia\u00bb","block_context":{"text":"Provincia","link":"https:\/\/www.24baires.com\/?cat=40"},"img":{"alt_text":"","src":"https:\/\/i0.wp.com\/www.24baires.com\/wp-content\/uploads\/2012\/11\/Scioli-clima-politico-300x214.jpg?resize=350%2C200","width":350,"height":200},"classes":[]},{"id":49668,"url":"https:\/\/www.24baires.com\/?p=49668","url_meta":{"origin":7157,"position":3},"title":"La FEB advirti\u00f3 que no reiniciar\u00e1 las clases luego del receso invernal","author":"AF","date":"11\/07\/2014","format":false,"excerpt":"El Congreso Extraordinario de la Federaci\u00f3n de Educadores Bonaerenses (FEB) realizado este jueves defini\u00f3 no iniciar las clases luego del receso invernal, en protesta por la falta de respuesta a varios pedidos que quedaron establecidos en la \u00faltima Paritaria. \u201cLos docentes decidieron no volver a las aulas luego de las\u2026","rel":"","context":"En \u00abSociedad\u00bb","block_context":{"text":"Sociedad","link":"https:\/\/www.24baires.com\/?cat=1"},"img":{"alt_text":"petrocini","src":"https:\/\/i0.wp.com\/www.24baires.com\/wp-content\/uploads\/2014\/03\/petrocini.jpg?resize=350%2C200","width":350,"height":200,"srcset":"https:\/\/i0.wp.com\/www.24baires.com\/wp-content\/uploads\/2014\/03\/petrocini.jpg?resize=350%2C200 1x, https:\/\/i0.wp.com\/www.24baires.com\/wp-content\/uploads\/2014\/03\/petrocini.jpg?resize=525%2C300 1.5x"},"classes":[]},{"id":25378,"url":"https:\/\/www.24baires.com\/?p=25378","url_meta":{"origin":7157,"position":4},"title":"Docentes aceptaron la propuesta salarial y no habr\u00e1 m\u00e1s paros","author":"AF","date":"08\/06\/2013","format":false,"excerpt":"Los gremios docentes bonaerenses aprobaron la propuesta de aumento salarial del 24,5% y de esta forma se normalizar\u00e1 el dictado de clases en la provincia. La Federaci\u00f3n de Educadores Bonaerenses (FEB) aprob\u00f3 el aumento de 24,5 por ciento en dos tramos, a pagar el \u00faltimo en septiembre, y de esta\u2026","rel":"","context":"En \u00abSociedad\u00bb","block_context":{"text":"Sociedad","link":"https:\/\/www.24baires.com\/?cat=1"},"img":{"alt_text":"","src":"","width":0,"height":0},"classes":[]},{"id":51248,"url":"https:\/\/www.24baires.com\/?p=51248","url_meta":{"origin":7157,"position":5},"title":"Docentes se re\u00fanen con el Gobierno","author":"AF","date":"06\/08\/2014","format":false,"excerpt":"Los gremios docentes bonaerenses, que llevaron adelante un paro de 48 horas en escuelas p\u00fablicas, se reunir\u00e1n este mi\u00e9rcoles con el Gobierno a la espera de \u201csoluciones concretas\u201d a sus reclamos, al tiempo que amenazaron con \u201cprofundizar\u201d las medidas de fuerza. El encuentro con los gremios est\u00e1 previsto para las\u2026","rel":"","context":"En \u00abSociedad\u00bb","block_context":{"text":"Sociedad","link":"https:\/\/www.24baires.com\/?cat=1"},"img":{"alt_text":"baradel denuncia inspectores","src":"https:\/\/i0.wp.com\/www.24baires.com\/wp-content\/uploads\/2013\/05\/baradel-denuncia-inspectores.jpg?resize=350%2C200","width":350,"height":200,"srcset":"https:\/\/i0.wp.com\/www.24baires.com\/wp-content\/uploads\/2013\/05\/baradel-denuncia-inspectores.jpg?resize=350%2C200 1x, https:\/\/i0.wp.com\/www.24baires.com\/wp-content\/uploads\/2013\/05\/baradel-denuncia-inspectores.jpg?resize=525%2C300 1.5x"},"classes":[]}],"jetpack_sharing_enabled":true,"jetpack_likes_enabled":true,"_links":{"self":[{"href":"https:\/\/www.24baires.com\/index.php?rest_route=\/wp\/v2\/posts\/7157","targetHints":{"allow":["GET"]}}],"collection":[{"href":"https:\/\/www.24baires.com\/index.php?rest_route=\/wp\/v2\/posts"}],"about":[{"href":"https:\/\/www.24baires.com\/index.php?rest_route=\/wp\/v2\/types\/post"}],"author":[{"embeddable":true,"href":"https:\/\/www.24baires.com\/index.php?rest_route=\/wp\/v2\/users\/4"}],"replies":[{"embeddable":true,"href":"https:\/\/www.24baires.com\/index.php?rest_route=%2Fwp%2Fv2%2Fcomments&post=7157"}],"version-history":[{"count":1,"href":"https:\/\/www.24baires.com\/index.php?rest_route=\/wp\/v2\/posts\/7157\/revisions"}],"predecessor-version":[{"id":7158,"href":"https:\/\/www.24baires.com\/index.php?rest_route=\/wp\/v2\/posts\/7157\/revisions\/7158"}],"wp:attachment":[{"href":"https:\/\/www.24baires.com\/index.php?rest_route=%2Fwp%2Fv2%2Fmedia&parent=7157"}],"wp:term":[{"taxonomy":"category","embeddable":true,"href":"https:\/\/www.24baires.com\/index.php?rest_route=%2Fwp%2Fv2%2Fcategories&post=7157"},{"taxonomy":"post_tag","embeddable":true,"href":"https:\/\/www.24baires.com\/index.php?rest_route=%2Fwp%2Fv2%2Ftags&post=7157"}],"curies":[{"name":"wp","href":"https:\/\/api.w.org\/{rel}","templated":true}]}}