{"id":7153,"date":"2012-11-28T22:00:49","date_gmt":"2012-11-29T01:00:49","guid":{"rendered":"http:\/\/www.24baires.com\/?p=7153"},"modified":"2012-11-29T14:13:54","modified_gmt":"2012-11-29T17:13:54","slug":"el-7-de-diciembre-es-la-fecha-final","status":"publish","type":"post","link":"https:\/\/www.24baires.com\/?p=7153","title":{"rendered":"\u00abEl 7 de diciembre es la fecha final\u00bb"},"content":{"rendered":"<p>El ministro de Justicia y Derechos Humanos, Julio Alak, asegur\u00f3 que \u00abel 7 de diciembre es la fecha final para las cautelares de Clar\u00edn\u00bb, luego de que la Corte Suprema de Justicia dispusiera este martes no otorgar una nueva pr\u00f3rroga al grupo medi\u00e1tico respecto al cumplimiento pleno de la Ley de Medios.<!--more--><br \/>\n\u00abEl 7 de diciembre es la fecha final para las cautelares de Clar\u00edn, el resto del fallo son disposiciones de la Corte para activar los mecanismos judiciales\u00bb, dijo Alak a la prensa en el marco de la firma de un convenio de Acceso a la Justicia que su cartera firm\u00f3 con el municipio de Lan\u00fas, que conduce Dar\u00edo D\u00edaz P\u00e9rez.<br \/>\nAlak, que estuvo acompa\u00f1ado por el secretario de Justicia Juli\u00e1n \u00c1lvarez, record\u00f3 que la semana pasada, cuando el grupo Clar\u00edn present\u00f3 el pedido de pr\u00f3rroga a la Corte, \u00e9l mismo dijo en una conferencia de prensa en la sede de su cartera que lo que buscaba el grupo medi\u00e1tico con esta nueva instancia judicial era \u00abuna cautelar eterna\u00bb.<br \/>\n\u00abFelizmente, la Corte dijo con el fallo de ayer que la medida cautelar no se va a prorrogar\u00bb, dijo Alak respecto a la intenci\u00f3n de Clar\u00edn.<br \/>\nEl ministro de Justicia destac\u00f3 tambi\u00e9n que \u00abla ley es absolutamente constitucional, y no ha sido declarada inconstitucional por ninguna instancia judicial\u00bb.<br \/>\nEl 7 de diciembre del 2012 fue la fecha que la Corte Suprema de Justicia estableci\u00f3 para que Clar\u00edn se adec\u00fae plenamente a la Ley de Medios, luego que el grupo medi\u00e1tico pidiera a la Justicia que declare inconstitucional el art\u00edculo 161 de esa norma, hace 36 meses.<\/p>\n","protected":false},"excerpt":{"rendered":"<p>El ministro de Justicia y Derechos Humanos, Julio Alak, asegur\u00f3 que \u00abel 7 de diciembre es la fecha final para las cautelares de Clar\u00edn\u00bb, luego de que la Corte Suprema de Justicia dispusiera este martes no otorgar una nueva pr\u00f3rroga al grupo medi\u00e1tico respecto al cumplimiento pleno de la Ley de Medios.<\/p>\n","protected":false},"author":4,"featured_media":0,"comment_status":"open","ping_status":"open","sticky":false,"template":"","format":"standard","meta":{"_jetpack_newsletter_access":"","_jetpack_dont_email_post_to_subs":false,"_jetpack_newsletter_tier_id":0,"_jetpack_memberships_contains_paywalled_content":false,"_jetpack_memberships_contains_paid_content":false,"footnotes":""},"categories":[54],"tags":[],"class_list":["post-7153","post","type-post","status-publish","format-standard","hentry","category-medios"],"jetpack_featured_media_url":"","jetpack_shortlink":"https:\/\/wp.me\/p2JWE0-1Rn","jetpack-related-posts":[{"id":7018,"url":"https:\/\/www.24baires.com\/?p=7018","url_meta":{"origin":7153,"position":0},"title":"La Corte rechaz\u00f3 el pedido del grupo de Magnetto de prorrogar la cautelar","author":"Grupo Sierra","date":"27\/11\/2012","format":false,"excerpt":"La Corte rechaz\u00f3 el pedido del grupo que reclamaba una pr\u00f3rroga de la cautelar que paraliza la aplicaci\u00f3n del art\u00edculo 161 sobre la adecuaci\u00f3n de licencias e inst\u00f3 a los jueces a dictar \u201cuna sentencia de fondo\u201d. \u201cLa ley de medios est\u00e1 vigente y el AFSCA (Autoridad Federal de Servicio\u2026","rel":"","context":"En \u00abMedios\u00bb","block_context":{"text":"Medios","link":"https:\/\/www.24baires.com\/?cat=54"},"img":{"alt_text":"","src":"https:\/\/i0.wp.com\/www.24baires.com\/wp-content\/uploads\/2012\/11\/tribunales.jpg?resize=350%2C200","width":350,"height":200,"srcset":"https:\/\/i0.wp.com\/www.24baires.com\/wp-content\/uploads\/2012\/11\/tribunales.jpg?resize=350%2C200 1x, https:\/\/i0.wp.com\/www.24baires.com\/wp-content\/uploads\/2012\/11\/tribunales.jpg?resize=525%2C300 1.5x"},"classes":[]},{"id":10728,"url":"https:\/\/www.24baires.com\/?p=10728","url_meta":{"origin":7153,"position":1},"title":"\u00abClar\u00edn tiene la esperanza de que se modifique el Congreso por eso extiende la cautelar\u00bb","author":"Grupo Sierra","date":"28\/12\/2012","format":false,"excerpt":"El ministro de Justicia, julio Alak se sum\u00f3 a los pedidos para que la C\u00e1mara Federal Civil y Comercial resuelva cuanto antes la cuesti\u00f3n de fondo sobre los art\u00edculos cuestionados de la Ley de Medios. Adem\u00e1s advirti\u00f3 que \"la estrategia final de Clar\u00edn es extender la cautelar hasta las pr\u00f3ximas\u2026","rel":"","context":"En \u00abPol\u00edtica\u00bb","block_context":{"text":"Pol\u00edtica","link":"https:\/\/www.24baires.com\/?cat=51"},"img":{"alt_text":"","src":"","width":0,"height":0},"classes":[]},{"id":1102,"url":"https:\/\/www.24baires.com\/?p=1102","url_meta":{"origin":7153,"position":2},"title":"Alak denunci\u00f3 maniobras \u00abfuncionales al Grupo Clar\u00edn\u00bb contra la vigencia plena de la Ley de Medios","author":"Grupo Sierra","date":"05\/10\/2012","format":false,"excerpt":"El ministro de Justicia se\u00a0refiri\u00f3\u00a0a la decisi\u00f3n de cinco integrantes de la Magistratura de bloquear la designaci\u00f3n del juez titular que deber\u00e1 fallar sobre la cl\u00e1usula que obliga al grupo Clar\u00edn a desinvertir. Alak advirti\u00f3 sobre una \"maniobra que apunta a tener en suspenso el art\u00edculo 161 de la ley\u2026","rel":"","context":"En \u00abMedios\u00bb","block_context":{"text":"Medios","link":"https:\/\/www.24baires.com\/?cat=54"},"img":{"alt_text":"","src":"","width":0,"height":0},"classes":[]},{"id":7965,"url":"https:\/\/www.24baires.com\/?p=7965","url_meta":{"origin":7153,"position":3},"title":"\u00abEl fuero que busc\u00f3 el Grupo Clar\u00edn no es el competente\u00bb explic\u00f3 Alak","author":"Grupo Sierra","date":"05\/12\/2012","format":false,"excerpt":"El ministro de Justicia afirm\u00f3 que el Estado sufri\u00f3 una denegaci\u00f3n de justicia porque \"la causa que inici\u00f3 el Grupo Clar\u00edn es tomada por un fuero (el Civil y Comercial) que no es competente\". \"El fuero competente es el Contencioso Administrativo, pero el Grupo Clar\u00edn busc\u00f3 este fuero que se\u2026","rel":"","context":"En \u00abMedios\u00bb","block_context":{"text":"Medios","link":"https:\/\/www.24baires.com\/?cat=54"},"img":{"alt_text":"","src":"","width":0,"height":0},"classes":[]},{"id":1539,"url":"https:\/\/www.24baires.com\/?p=1539","url_meta":{"origin":7153,"position":4},"title":"Renunci\u00f3 Tettamanti, el juez recusado por el Gobierno","author":"AF","date":"09\/10\/2012","format":false,"excerpt":"El ministro de Justicia, Julio Alak, hab\u00eda anunciado la semana pasada que objetar\u00eda la designaci\u00f3n del juez jubilado Ra\u00fal Tettamanti, convocado como subrogante para resolver sobre la cl\u00e1usula que obliga al Grupo Clar\u00edn a desinvertir a partir del 7 de diciembre, y hab\u00eda afirmado que exist\u00edan indicios de que el\u2026","rel":"","context":"En \u00abMedios\u00bb","block_context":{"text":"Medios","link":"https:\/\/www.24baires.com\/?cat=54"},"img":{"alt_text":"","src":"","width":0,"height":0},"classes":[]},{"id":1757,"url":"https:\/\/www.24baires.com\/?p=1757","url_meta":{"origin":7153,"position":5},"title":"Alak pide \u00abjueces naturales\u00bb y cuestion\u00f3 a los miembros de la oposici\u00f3n en la Magistratura","author":"Grupo Sierra","date":"12\/10\/2012","format":false,"excerpt":"El ministro de Justicia, Julio Alak, cuestion\u00f3 a los miembros de la oposici\u00f3n en el Consejo de la Magistratura y los acus\u00f3 de \"privar a los argentinos de tener un juez natural\". Los cuestionamientos fueron dirigidos a los miembros de la oposici\u00f3n en el Consejo de la Magistratura que ayer\u2026","rel":"","context":"En \u00abMedios\u00bb","block_context":{"text":"Medios","link":"https:\/\/www.24baires.com\/?cat=54"},"img":{"alt_text":"","src":"https:\/\/i0.wp.com\/www.24baires.com\/wp-content\/uploads\/2012\/10\/alak.jpg?resize=350%2C200","width":350,"height":200,"srcset":"https:\/\/i0.wp.com\/www.24baires.com\/wp-content\/uploads\/2012\/10\/alak.jpg?resize=350%2C200 1x, https:\/\/i0.wp.com\/www.24baires.com\/wp-content\/uploads\/2012\/10\/alak.jpg?resize=525%2C300 1.5x"},"classes":[]}],"jetpack_sharing_enabled":true,"jetpack_likes_enabled":true,"_links":{"self":[{"href":"https:\/\/www.24baires.com\/index.php?rest_route=\/wp\/v2\/posts\/7153","targetHints":{"allow":["GET"]}}],"collection":[{"href":"https:\/\/www.24baires.com\/index.php?rest_route=\/wp\/v2\/posts"}],"about":[{"href":"https:\/\/www.24baires.com\/index.php?rest_route=\/wp\/v2\/types\/post"}],"author":[{"embeddable":true,"href":"https:\/\/www.24baires.com\/index.php?rest_route=\/wp\/v2\/users\/4"}],"replies":[{"embeddable":true,"href":"https:\/\/www.24baires.com\/index.php?rest_route=%2Fwp%2Fv2%2Fcomments&post=7153"}],"version-history":[{"count":3,"href":"https:\/\/www.24baires.com\/index.php?rest_route=\/wp\/v2\/posts\/7153\/revisions"}],"predecessor-version":[{"id":7155,"href":"https:\/\/www.24baires.com\/index.php?rest_route=\/wp\/v2\/posts\/7153\/revisions\/7155"}],"wp:attachment":[{"href":"https:\/\/www.24baires.com\/index.php?rest_route=%2Fwp%2Fv2%2Fmedia&parent=7153"}],"wp:term":[{"taxonomy":"category","embeddable":true,"href":"https:\/\/www.24baires.com\/index.php?rest_route=%2Fwp%2Fv2%2Fcategories&post=7153"},{"taxonomy":"post_tag","embeddable":true,"href":"https:\/\/www.24baires.com\/index.php?rest_route=%2Fwp%2Fv2%2Ftags&post=7153"}],"curies":[{"name":"wp","href":"https:\/\/api.w.org\/{rel}","templated":true}]}}