{"id":7144,"date":"2012-11-28T20:50:37","date_gmt":"2012-11-28T23:50:37","guid":{"rendered":"http:\/\/www.24baires.com\/?p=7144"},"modified":"2012-11-28T22:04:29","modified_gmt":"2012-11-29T01:04:29","slug":"convirtieron-en-ley-la-creacion-del-instituto-nacional-de-la-musica","status":"publish","type":"post","link":"https:\/\/www.24baires.com\/?p=7144","title":{"rendered":"Convirtieron en ley la creaci\u00f3n del Instituto Nacional de la M\u00fasica"},"content":{"rendered":"<p><img data-recalc-dims=\"1\" loading=\"lazy\" decoding=\"async\" class=\"aligncenter size-full wp-image-7145\" title=\"senado INM\" src=\"https:\/\/i0.wp.com\/www.24baires.com\/wp-content\/uploads\/2012\/11\/senado-INM.jpg?resize=560%2C335\" alt=\"\" width=\"560\" height=\"335\" srcset=\"https:\/\/i0.wp.com\/www.24baires.com\/wp-content\/uploads\/2012\/11\/senado-INM.jpg?w=560&amp;ssl=1 560w, https:\/\/i0.wp.com\/www.24baires.com\/wp-content\/uploads\/2012\/11\/senado-INM.jpg?resize=300%2C179&amp;ssl=1 300w\" sizes=\"auto, (max-width: 560px) 100vw, 560px\" \/>El Senado convirti\u00f3 en la noche del mi\u00e9rcoles en ley, por unanimidad, el proyecto que dispone la creaci\u00f3n del Instituto Nacional de la M\u00fasica, cuyo objetivo ser\u00e1 el de fomentar la actividad musical en general y la nacional en particular.<!--more--><br \/>\nLa normativa establece, entre otros aspectos, la obligaci\u00f3n de que en cada recital de una figura extranjera se incluya a un artista nacional.<\/p>\n","protected":false},"excerpt":{"rendered":"<p>El Senado convirti\u00f3 en la noche del mi\u00e9rcoles en ley, por unanimidad, el proyecto que dispone la creaci\u00f3n del Instituto Nacional de la M\u00fasica, cuyo objetivo ser\u00e1 el de fomentar la actividad musical en general y la nacional en particular.<\/p>\n","protected":false},"author":4,"featured_media":0,"comment_status":"open","ping_status":"open","sticky":false,"template":"","format":"standard","meta":{"_jetpack_newsletter_access":"","_jetpack_dont_email_post_to_subs":false,"_jetpack_newsletter_tier_id":0,"_jetpack_memberships_contains_paywalled_content":false,"_jetpack_memberships_contains_paid_content":false,"footnotes":""},"categories":[1],"tags":[],"class_list":["post-7144","post","type-post","status-publish","format-standard","hentry","category-sociedad"],"jetpack_featured_media_url":"","jetpack_shortlink":"https:\/\/wp.me\/p2JWE0-1Re","jetpack-related-posts":[{"id":33383,"url":"https:\/\/www.24baires.com\/?p=33383","url_meta":{"origin":7144,"position":0},"title":"Ya est\u00e1 en funcionamiento el Instituto Nacional de la M\u00fasica","author":"AF","date":"11\/10\/2013","format":false,"excerpt":"El vicepresidente Amado Boudou encabez\u00f3 junto al jefe de Gabinete Juan Manuel Abal Medina y el secretario de Cultura Jorge Coscia, la puesta en funcionamiento del Instituto Nacional de la M\u00fasica, que estar\u00e1 encabezado por Diego Boris y Celsa Mel Gowland. En ese marco, el vicepresidente llam\u00f3 a \"darles a\u2026","rel":"","context":"En \u00abSociedad\u00bb","block_context":{"text":"Sociedad","link":"https:\/\/www.24baires.com\/?cat=1"},"img":{"alt_text":"","src":"","width":0,"height":0},"classes":[]},{"id":15355,"url":"https:\/\/www.24baires.com\/?p=15355","url_meta":{"origin":7144,"position":1},"title":"La Federaci\u00f3n de M\u00fasicos y la Afsca se reunieron con m\u00fasicos geselinos","author":"AF","date":"11\/02\/2013","format":false,"excerpt":"El viernes 8 de febrero Diego Boris, presidente de la Federaci\u00f3n Argentina de M\u00fasicos Independientes, estuvo en Villa Gesell reunido con M\u00fasicos Geselinos Independientes. Tambi\u00e9n participaron Luciano Dorcazberro y Samuel Demarco, representantes de la Afsca delegaci\u00f3n Mar del Plata. Boris brind\u00f3 una charla informativa sobre la Ley de la M\u00fasica,\u2026","rel":"","context":"En \u00abSociedad\u00bb","block_context":{"text":"Sociedad","link":"https:\/\/www.24baires.com\/?cat=1"},"img":{"alt_text":"","src":"","width":0,"height":0},"classes":[]},{"id":120510,"url":"https:\/\/www.24baires.com\/?p=120510","url_meta":{"origin":7144,"position":2},"title":"El Congreso cre\u00f3 tres universidades nacionales en la Provincia del Buenos Aires","author":"GB","date":"29\/09\/2023","format":false,"excerpt":"La C\u00e1mara de Senadores de la Naci\u00f3n le dio sanci\u00f3n definitiva a la creaci\u00f3n de tres universidades en la provincia de Buenos Aires. Tras casi un a\u00f1o de tr\u00e1mite legislativo, el Congreso de la Naci\u00f3n aprob\u00f3 la creaci\u00f3n de tres universidades emplazadas en la provincia de Buenos Aires. El gobernador\u2026","rel":"","context":"En \u00abSociedad\u00bb","block_context":{"text":"Sociedad","link":"https:\/\/www.24baires.com\/?cat=1"},"img":{"alt_text":"","src":"https:\/\/i0.wp.com\/www.24baires.com\/wp-content\/uploads\/2023\/09\/voto-congreso.webp?resize=350%2C200","width":350,"height":200,"srcset":"https:\/\/i0.wp.com\/www.24baires.com\/wp-content\/uploads\/2023\/09\/voto-congreso.webp?resize=350%2C200 1x, https:\/\/i0.wp.com\/www.24baires.com\/wp-content\/uploads\/2023\/09\/voto-congreso.webp?resize=525%2C300 1.5x, https:\/\/i0.wp.com\/www.24baires.com\/wp-content\/uploads\/2023\/09\/voto-congreso.webp?resize=700%2C400 2x"},"classes":[]},{"id":118679,"url":"https:\/\/www.24baires.com\/?p=118679","url_meta":{"origin":7144,"position":3},"title":"El oficialismo propone pagar la deuda con dinero fugado al exterior","author":"AF","date":"28\/03\/2022","format":false,"excerpt":"El bloque del Frente de Todos impulsa la creaci\u00f3n de un \"Fondo Nacional para la cancelaci\u00f3n de la deuda con el FMI\" para quienes tienen bienes no declarados fuera del pa\u00eds. El bloque de senadores nacionales del Frente de Todos present\u00f3 este lunes un proyecto de ley que propone crear\u2026","rel":"","context":"En \u00abPol\u00edtica\u00bb","block_context":{"text":"Pol\u00edtica","link":"https:\/\/www.24baires.com\/?cat=51"},"img":{"alt_text":"","src":"https:\/\/i0.wp.com\/www.24baires.com\/wp-content\/uploads\/2022\/03\/dolar-lupajpg.jpg?resize=350%2C200","width":350,"height":200,"srcset":"https:\/\/i0.wp.com\/www.24baires.com\/wp-content\/uploads\/2022\/03\/dolar-lupajpg.jpg?resize=350%2C200 1x, https:\/\/i0.wp.com\/www.24baires.com\/wp-content\/uploads\/2022\/03\/dolar-lupajpg.jpg?resize=525%2C300 1.5x"},"classes":[]},{"id":121036,"url":"https:\/\/www.24baires.com\/?p=121036","url_meta":{"origin":7144,"position":4},"title":"El gobierno de Milei fren\u00f3 la creaci\u00f3n de 5 nuevas universidades nacionales","author":"GB","date":"28\/02\/2024","format":false,"excerpt":"El gobierno nacional generado detuvo la creaci\u00f3n de cinco nuevas universidades nacionales aprobadas por el Congreso, bajo el argumento de revisar el cumplimiento administrativo. El gobierno encabezado por Javier Milei detuvo el proceso de creaci\u00f3n de cinco nuevas universidades nacionales que hab\u00edan sido propuestas durante la administraci\u00f3n de Alberto Fern\u00e1ndez\u2026","rel":"","context":"En \u00abPol\u00edtica\u00bb","block_context":{"text":"Pol\u00edtica","link":"https:\/\/www.24baires.com\/?cat=51"},"img":{"alt_text":"","src":"https:\/\/i0.wp.com\/www.24baires.com\/wp-content\/uploads\/2024\/02\/milei-cap-humano.webp?resize=350%2C200","width":350,"height":200,"srcset":"https:\/\/i0.wp.com\/www.24baires.com\/wp-content\/uploads\/2024\/02\/milei-cap-humano.webp?resize=350%2C200 1x, https:\/\/i0.wp.com\/www.24baires.com\/wp-content\/uploads\/2024\/02\/milei-cap-humano.webp?resize=525%2C300 1.5x, https:\/\/i0.wp.com\/www.24baires.com\/wp-content\/uploads\/2024\/02\/milei-cap-humano.webp?resize=700%2C400 2x"},"classes":[]},{"id":116063,"url":"https:\/\/www.24baires.com\/?p=116063","url_meta":{"origin":7144,"position":5},"title":"CFK asegura que Macri realiz\u00f3 una \u00abreforma de facto\u00bb de la Justicia para \u00abperseguir opositores\u00bb","author":"AF","date":"25\/08\/2020","format":false,"excerpt":"La vicepresidenta apareci\u00f3 nuevamente en escena para expresarse sobre el proyecto del oficialismo que se tratar\u00e1 este jueves en el Senado. La vicepresidenta Cristina Fern\u00e1ndez de Kirchner comparti\u00f3, hace instantes, una publicaci\u00f3n en sus redes sociales donde opin\u00f3 sobre el proyecto que envi\u00f3 el Gobierno Nacional al Congreso para modificar\u2026","rel":"","context":"En \u00abPol\u00edtica\u00bb","block_context":{"text":"Pol\u00edtica","link":"https:\/\/www.24baires.com\/?cat=51"},"img":{"alt_text":"","src":"https:\/\/i0.wp.com\/www.24baires.com\/wp-content\/uploads\/2019\/08\/cristina-LP.jpg?resize=350%2C200","width":350,"height":200,"srcset":"https:\/\/i0.wp.com\/www.24baires.com\/wp-content\/uploads\/2019\/08\/cristina-LP.jpg?resize=350%2C200 1x, https:\/\/i0.wp.com\/www.24baires.com\/wp-content\/uploads\/2019\/08\/cristina-LP.jpg?resize=525%2C300 1.5x"},"classes":[]}],"jetpack_sharing_enabled":true,"jetpack_likes_enabled":true,"_links":{"self":[{"href":"https:\/\/www.24baires.com\/index.php?rest_route=\/wp\/v2\/posts\/7144","targetHints":{"allow":["GET"]}}],"collection":[{"href":"https:\/\/www.24baires.com\/index.php?rest_route=\/wp\/v2\/posts"}],"about":[{"href":"https:\/\/www.24baires.com\/index.php?rest_route=\/wp\/v2\/types\/post"}],"author":[{"embeddable":true,"href":"https:\/\/www.24baires.com\/index.php?rest_route=\/wp\/v2\/users\/4"}],"replies":[{"embeddable":true,"href":"https:\/\/www.24baires.com\/index.php?rest_route=%2Fwp%2Fv2%2Fcomments&post=7144"}],"version-history":[{"count":3,"href":"https:\/\/www.24baires.com\/index.php?rest_route=\/wp\/v2\/posts\/7144\/revisions"}],"predecessor-version":[{"id":7147,"href":"https:\/\/www.24baires.com\/index.php?rest_route=\/wp\/v2\/posts\/7144\/revisions\/7147"}],"wp:attachment":[{"href":"https:\/\/www.24baires.com\/index.php?rest_route=%2Fwp%2Fv2%2Fmedia&parent=7144"}],"wp:term":[{"taxonomy":"category","embeddable":true,"href":"https:\/\/www.24baires.com\/index.php?rest_route=%2Fwp%2Fv2%2Fcategories&post=7144"},{"taxonomy":"post_tag","embeddable":true,"href":"https:\/\/www.24baires.com\/index.php?rest_route=%2Fwp%2Fv2%2Ftags&post=7144"}],"curies":[{"name":"wp","href":"https:\/\/api.w.org\/{rel}","templated":true}]}}