{"id":7140,"date":"2012-11-28T20:52:35","date_gmt":"2012-11-28T23:52:35","guid":{"rendered":"http:\/\/www.24baires.com\/?p=7140"},"modified":"2012-11-28T20:52:35","modified_gmt":"2012-11-28T23:52:35","slug":"denuncian-que-las-obras-sociales-exigen-dos-anos-de-tratamiento-para-aprobar-operaciones-bariatricas","status":"publish","type":"post","link":"https:\/\/www.24baires.com\/?p=7140","title":{"rendered":"Denuncian que las obras sociales exigen dos a\u00f1os de tratamiento para aprobar operaciones bari\u00e1tricas"},"content":{"rendered":"<p>A cuatro a\u00f1os de aprobada la Ley 26396 de Trastornos Alimentarios, que reconoce como patolog\u00edas a la obesidad, la bulimia y la anorexia, los pacientes denuncian que las empresas de medicina prepaga y las obras sociales exigen una certificaci\u00f3n de dos a\u00f1os de tratamiento para aprobar las operaciones y otros beneficios paliativos.<!--more--><\/p>\n<p>Alberto Logulo, abogado especialista en Ley de Obesidad de Unidades Bari\u00e1tricas, se\u00f1al\u00f3 que \u201csi bien la ley est\u00e1 reglamentada, hay un art\u00edculo que se hizo mal porque pide que el enfermo tenga que demostrar 24 meses de tratamiento\u201d para que se autorice la cobertura m\u00e9dica por parte de las firmas privadas.<\/p>\n<p>Para Logulo, esta reglamentaci\u00f3n \u201cchoca con la constituci\u00f3n, los principios del derecho porque no podes pedir volver el tiempo atr\u00e1s ni esperar dos a\u00f1os para juntar ese requisito. Es como estimular a que la persona contin\u00fae con su patolog\u00eda\u201d.<\/p>\n<p>Frente a esta situaci\u00f3n, tal como denuncian algunos pacientes del Foro \u201cFamilias Bari\u00e1tricas\u201d, se suelen presentar recursos de amparo, los cuales mayoritariamente se resuelven favorablemente. Sin embargo, las intervenciones que necesitan los enfermos de trastornos alimentarios deben ser reprogramadas en varias oportunidades producto de la judicializaci\u00f3n de la ley.<\/p>\n<p>Al respecto, el especialista Alberto Logulo advirti\u00f3 que \u201cla problem\u00e1tica en Argentina se ubica segunda en la incidencia mundial, s\u00f3lo superada por Jap\u00f3n por lo que es importante actuar lo antes posible\u201d y, en este sentido, explic\u00f3 que \u201cla vida cotidiana de los enfermos es muy dif\u00edcil, los obesos no pueden viajar, no pueden higienizarse solos y existen grandes posibilidades de que caigan en la depresi\u00f3n\u201d.<\/p>\n<p>Cabe resaltar que la ley reconoce la prevenci\u00f3n y acci\u00f3n frente los trastornos alimentarios desde m\u00faltiples factores culturales, psicol\u00f3gicos, sociales, gen\u00e9ticos. As\u00ed, los prestadores est\u00e1n obligados a cubrir desde cirug\u00edas reconstructivas, que anteriormente eran consideradas como est\u00e9ticas, hasta disciplinas como musicoterapia que ayudan a que el enfermo supere su enfermedad.<\/p>\n<p>Finalmente, Logulo asegur\u00f3 que \u201cpara la medicina privada igualmente es un negocio porque no a todos los que se les aprueban las operaciones afrontan esa decisi\u00f3n\u201d y consider\u00f3 que \u201cel Estado tendr\u00eda que hacerse cargo de estos tratamientos y operaciones. Hay mucha gente de clase media-baja que no tiene acceso a tratarse de estas patolog\u00edas\u201d.<\/p>\n","protected":false},"excerpt":{"rendered":"<p>A cuatro a\u00f1os de aprobada la Ley 26396 de Trastornos Alimentarios, que reconoce como patolog\u00edas a la obesidad, la bulimia y la anorexia, los pacientes denuncian que las empresas de medicina prepaga y las obras sociales exigen una certificaci\u00f3n de dos a\u00f1os de tratamiento para aprobar las operaciones y otros beneficios paliativos.<\/p>\n","protected":false},"author":4,"featured_media":0,"comment_status":"open","ping_status":"open","sticky":false,"template":"","format":"standard","meta":{"_jetpack_newsletter_access":"","_jetpack_dont_email_post_to_subs":false,"_jetpack_newsletter_tier_id":0,"_jetpack_memberships_contains_paywalled_content":false,"_jetpack_memberships_contains_paid_content":false,"footnotes":""},"categories":[1],"tags":[],"class_list":["post-7140","post","type-post","status-publish","format-standard","hentry","category-sociedad"],"jetpack_featured_media_url":"","jetpack_shortlink":"https:\/\/wp.me\/p2JWE0-1Ra","jetpack-related-posts":[{"id":48063,"url":"https:\/\/www.24baires.com\/?p=48063","url_meta":{"origin":7140,"position":0},"title":"Se realizaron m\u00e1s de 60 operaciones bari\u00e1tricas gratuitas en estos dos a\u00f1os","author":"AF","date":"15\/06\/2014","format":false,"excerpt":"El programa de Cirug\u00edas Bari\u00e1tricas del ministerio de Salud de la Provincia super\u00f3 las 60 operaciones gratuitas en los \u00faltimos dos a\u00f1os. Una de las \u00faltimas se hizo en el hospital Bocalandro, de Tres de Febrero, y tuvo como protagonista a Marcela Di St\u00e9fano, una mujer de 36 a\u00f1os que\u2026","rel":"","context":"En \u00abProvincia\u00bb","block_context":{"text":"Provincia","link":"https:\/\/www.24baires.com\/?cat=40"},"img":{"alt_text":"","src":"","width":0,"height":0},"classes":[]},{"id":99044,"url":"https:\/\/www.24baires.com\/?p=99044","url_meta":{"origin":7140,"position":1},"title":"Diputada present\u00f3 proyecto para que las obras sociales cubran tratamientos de obesidad","author":"Grupo Sierra","date":"28\/11\/2017","format":false,"excerpt":"La diputada provincial Alejandra Lord\u00e9n present\u00f3 un proyecto de Ley de Obesidad para la provincia de Buenos Aires, con el objetivo de que se la considere una \u201cenfermedad cr\u00f3nica\u201d cuyo abordaje y tratamiento sea cubierto por las obras sociales. La legisladora se\u00f1al\u00f3 que \u201clos problemas alimentarios deben tratarse como una\u2026","rel":"","context":"En \u00abSalud\u00bb","block_context":{"text":"Salud","link":"https:\/\/www.24baires.com\/?cat=76"},"img":{"alt_text":"Resultado de imagen para Alejandra Lord\u00e9n","src":"https:\/\/i0.wp.com\/www.infosaladillo.com.ar\/wp-content\/uploads\/2015\/12\/151206-Alejandra-Lorden.jpg?resize=350%2C200","width":350,"height":200,"srcset":"https:\/\/i0.wp.com\/www.infosaladillo.com.ar\/wp-content\/uploads\/2015\/12\/151206-Alejandra-Lorden.jpg?resize=350%2C200 1x, https:\/\/i0.wp.com\/www.infosaladillo.com.ar\/wp-content\/uploads\/2015\/12\/151206-Alejandra-Lorden.jpg?resize=525%2C300 1.5x"},"classes":[]},{"id":121432,"url":"https:\/\/www.24baires.com\/?p=121432","url_meta":{"origin":7140,"position":2},"title":"El Senado aprob\u00f3 la Ley Bases","author":"GB","date":"13\/06\/2024","format":false,"excerpt":"El Senado de la Naci\u00f3n aprob\u00f3 en general la Ley Bases, tras el desempate de la vicepresidenta Victoria Villarruel. A largas horas de la noche del mi\u00e9rcoles, luego de una sesi\u00f3n que dur\u00f3 m\u00e1s de 10 horas, el Senado aprob\u00f3 en general la Ley Bases y ahora el recinto pas\u00f3\u2026","rel":"","context":"En \u00abPol\u00edtica\u00bb","block_context":{"text":"Pol\u00edtica","link":"https:\/\/www.24baires.com\/?cat=51"},"img":{"alt_text":"","src":"https:\/\/i0.wp.com\/www.24baires.com\/wp-content\/uploads\/2024\/06\/senado-sesion-ley-basesjpg.webp?resize=350%2C200","width":350,"height":200,"srcset":"https:\/\/i0.wp.com\/www.24baires.com\/wp-content\/uploads\/2024\/06\/senado-sesion-ley-basesjpg.webp?resize=350%2C200 1x, https:\/\/i0.wp.com\/www.24baires.com\/wp-content\/uploads\/2024\/06\/senado-sesion-ley-basesjpg.webp?resize=525%2C300 1.5x, https:\/\/i0.wp.com\/www.24baires.com\/wp-content\/uploads\/2024\/06\/senado-sesion-ley-basesjpg.webp?resize=700%2C400 2x"},"classes":[]},{"id":122041,"url":"https:\/\/www.24baires.com\/?p=122041","url_meta":{"origin":7140,"position":3},"title":"Milei cambia la Ley de Identidad de G\u00e9nero","author":"GB","date":"06\/02\/2025","format":false,"excerpt":"El vocero presidencial, Manuel Adorni, anunci\u00f3 que el Gobierno nacional modificar\u00e1 la Ley de Identidad de G\u00e9nero y prohibir\u00e1 los tratamientos y cirug\u00edas de cambio de sexo en menores de edad de 18. El gobierno de Javier Milei sigue firme con su agenda \u201cpro Trump\u201d y redobla la provocaci\u00f3n. Hace\u2026","rel":"","context":"En \u00abPol\u00edtica\u00bb","block_context":{"text":"Pol\u00edtica","link":"https:\/\/www.24baires.com\/?cat=51"},"img":{"alt_text":"","src":"https:\/\/i0.wp.com\/www.24baires.com\/wp-content\/uploads\/2025\/02\/identidad-genero.webp?resize=350%2C200","width":350,"height":200,"srcset":"https:\/\/i0.wp.com\/www.24baires.com\/wp-content\/uploads\/2025\/02\/identidad-genero.webp?resize=350%2C200 1x, https:\/\/i0.wp.com\/www.24baires.com\/wp-content\/uploads\/2025\/02\/identidad-genero.webp?resize=525%2C300 1.5x, https:\/\/i0.wp.com\/www.24baires.com\/wp-content\/uploads\/2025\/02\/identidad-genero.webp?resize=700%2C400 2x"},"classes":[]},{"id":118183,"url":"https:\/\/www.24baires.com\/?p=118183","url_meta":{"origin":7140,"position":4},"title":"Es Ley el Etiquetado Frontal de Alimentos","author":"GB","date":"27\/10\/2021","format":false,"excerpt":"La C\u00e1mara de Diputados aprob\u00f3 este martes el proyecto de Etiquetado Frontal que busca advertir a los consumidores sobre los excesos de algunos elementos nocivos para la salud La C\u00e1mara de Diputados aprob\u00f3 con 200 votos a favor, 22 en contra y 16 abstenciones, el proyecto de Etiquetado Frontal de\u2026","rel":"","context":"En \u00abPol\u00edtica\u00bb","block_context":{"text":"Pol\u00edtica","link":"https:\/\/www.24baires.com\/?cat=51"},"img":{"alt_text":"","src":"https:\/\/i0.wp.com\/www.24baires.com\/wp-content\/uploads\/2021\/10\/diputados-ley.jpg?resize=350%2C200","width":350,"height":200,"srcset":"https:\/\/i0.wp.com\/www.24baires.com\/wp-content\/uploads\/2021\/10\/diputados-ley.jpg?resize=350%2C200 1x, https:\/\/i0.wp.com\/www.24baires.com\/wp-content\/uploads\/2021\/10\/diputados-ley.jpg?resize=525%2C300 1.5x"},"classes":[]},{"id":111459,"url":"https:\/\/www.24baires.com\/?p=111459","url_meta":{"origin":7140,"position":5},"title":"Convocan a una multitudinaria marcha en San Cayetano contra el hambre","author":"AF","date":"05\/08\/2019","format":false,"excerpt":"Este mi\u00e9rcoles 7 de agosto, movimientos sociales y gremios partir\u00e1n desde Liniers, luego de realizada la homil\u00eda del arzobispo de Buenos Aires, el cardenal Mario Aurelio Poli, con destino al Congreso Nacional. El santuario de San Cayetano del barrio porte\u00f1o de Liniers volver\u00e1 -este 7 de agosto- a ser el\u2026","rel":"","context":"En \u00abSociedad\u00bb","block_context":{"text":"Sociedad","link":"https:\/\/www.24baires.com\/?cat=1"},"img":{"alt_text":"","src":"https:\/\/i0.wp.com\/www.24baires.com\/wp-content\/uploads\/2013\/05\/marcha-paraguas.jpg?resize=350%2C200","width":350,"height":200,"srcset":"https:\/\/i0.wp.com\/www.24baires.com\/wp-content\/uploads\/2013\/05\/marcha-paraguas.jpg?resize=350%2C200 1x, https:\/\/i0.wp.com\/www.24baires.com\/wp-content\/uploads\/2013\/05\/marcha-paraguas.jpg?resize=525%2C300 1.5x"},"classes":[]}],"jetpack_sharing_enabled":true,"jetpack_likes_enabled":true,"_links":{"self":[{"href":"https:\/\/www.24baires.com\/index.php?rest_route=\/wp\/v2\/posts\/7140","targetHints":{"allow":["GET"]}}],"collection":[{"href":"https:\/\/www.24baires.com\/index.php?rest_route=\/wp\/v2\/posts"}],"about":[{"href":"https:\/\/www.24baires.com\/index.php?rest_route=\/wp\/v2\/types\/post"}],"author":[{"embeddable":true,"href":"https:\/\/www.24baires.com\/index.php?rest_route=\/wp\/v2\/users\/4"}],"replies":[{"embeddable":true,"href":"https:\/\/www.24baires.com\/index.php?rest_route=%2Fwp%2Fv2%2Fcomments&post=7140"}],"version-history":[{"count":3,"href":"https:\/\/www.24baires.com\/index.php?rest_route=\/wp\/v2\/posts\/7140\/revisions"}],"predecessor-version":[{"id":7143,"href":"https:\/\/www.24baires.com\/index.php?rest_route=\/wp\/v2\/posts\/7140\/revisions\/7143"}],"wp:attachment":[{"href":"https:\/\/www.24baires.com\/index.php?rest_route=%2Fwp%2Fv2%2Fmedia&parent=7140"}],"wp:term":[{"taxonomy":"category","embeddable":true,"href":"https:\/\/www.24baires.com\/index.php?rest_route=%2Fwp%2Fv2%2Fcategories&post=7140"},{"taxonomy":"post_tag","embeddable":true,"href":"https:\/\/www.24baires.com\/index.php?rest_route=%2Fwp%2Fv2%2Ftags&post=7140"}],"curies":[{"name":"wp","href":"https:\/\/api.w.org\/{rel}","templated":true}]}}