{"id":7138,"date":"2012-11-28T22:46:31","date_gmt":"2012-11-29T01:46:31","guid":{"rendered":"http:\/\/www.24baires.com\/?p=7138"},"modified":"2012-11-28T22:46:31","modified_gmt":"2012-11-29T01:46:31","slug":"no-se-que-mas-hacer-para-ganar-sollozo-el-tolo","status":"publish","type":"post","link":"https:\/\/www.24baires.com\/?p=7138","title":{"rendered":"\u00abNo s\u00e9 qu\u00e9 m\u00e1s hacer para ganar\u00bb solloz\u00f3 el &#8216;Tolo&#8217;"},"content":{"rendered":"<p><img data-recalc-dims=\"1\" loading=\"lazy\" decoding=\"async\" class=\"aligncenter size-full wp-image-7161\" title=\"tolo\" src=\"https:\/\/i0.wp.com\/www.24baires.com\/wp-content\/uploads\/2012\/11\/tolo.jpg?resize=560%2C335\" alt=\"\" width=\"560\" height=\"335\" srcset=\"https:\/\/i0.wp.com\/www.24baires.com\/wp-content\/uploads\/2012\/11\/tolo.jpg?w=560&amp;ssl=1 560w, https:\/\/i0.wp.com\/www.24baires.com\/wp-content\/uploads\/2012\/11\/tolo.jpg?resize=300%2C179&amp;ssl=1 300w\" sizes=\"auto, (max-width: 560px) 100vw, 560px\" \/><\/p>\n<p>El entrenador de Independiente, Am\u00e9rico &#8216;Tolo&#8217; \u00a0Gallego, afirm\u00f3 este mi\u00e9rcoles que su equipo jug\u00f3 \u00abbien\u00bb a pesar de la derrota ante Belgrano (1-2) y por tal motivo expres\u00f3 su incredulidad por el resultado.<!--more--><br \/>\n\u00abNo s\u00e9 m\u00e1s qu\u00e9 hacer para ganar\u00bb, indic\u00f3 Gallego en rueda de prensa una vez finalizado el cotejo ante Belgrano.<\/p>\n<p>Desde su punto de vista, el conjunto de Avellaneda, que no gana desde la 11ma. jornada (1-0 a Argentinos Juniors en La Paternal), \u00abjug\u00f3 mejor que el otro d\u00eda ante River\u00bb y apunt\u00f3 que el marcador adverso le gener\u00f3 \u00abmucha bronca\u00bb.<\/p>\n<p>A su vez, entendi\u00f3 el malestar del hincha de Independiente, que ve a su equipo en la zona de descenso, pero solicit\u00f3 que no insulten a sus jugadores, porque -de lo contrario- ingresan \u00abcon temor\u00bb a disputar los partidos.<\/p>\n<p>A su vez, el entrenador asegur\u00f3 que el plantel ya est\u00e1 pensando en el pr\u00f3ximo rival, San Lorenzo, y consultado por los periodistas por las declaraciones sobre su persona del titular del club de Boedo, Mat\u00edas Lammens, Gallego dijo: \u00abQu\u00e9 tiene que ver con la violencia lo que dije? El presidente de San Lorenzo \u00bfEs del f\u00fatbol?\u00bb, lanz\u00f3 con iron\u00eda.<\/p>\n<p>En otro orden, los jugadores de Independiente se retiraron del estadio increpados por sus hinchas, quienes le reclamaron una victoria para el domingo ante San Lorenzo.<\/p>\n<p>Independiente, que suma 15 unidades en el campeonato y est\u00e1 en zona de descenso, vistar\u00e1 el domingo a San Lorenzo (22), en partido v\u00e1lido por la 18va. fecha del Inicial, que tendr\u00e1 incidencia para ambos en la lucha por mantenerse en la categor\u00eda.<\/p>\n<p>&nbsp;<\/p>\n<p>&nbsp;<\/p>\n<p>&nbsp;<\/p>\n<p>&nbsp;<\/p>\n<p>&nbsp;<\/p>\n<p>&nbsp;<\/p>\n<p>&nbsp;<\/p>\n<p>&nbsp;<\/p>\n<p>&nbsp;<\/p>\n<p>&nbsp;<\/p>\n<p>&nbsp;<\/p>\n<p>&nbsp;<\/p>\n<p>&nbsp;<\/p>\n<p>&nbsp;<\/p>\n<p>&nbsp;<\/p>\n","protected":false},"excerpt":{"rendered":"<p>El entrenador de Independiente, Am\u00e9rico &#8216;Tolo&#8217; \u00a0Gallego, afirm\u00f3 este mi\u00e9rcoles que su equipo jug\u00f3 \u00abbien\u00bb a pesar de la derrota ante Belgrano (1-2) y por tal motivo expres\u00f3 su incredulidad por el resultado.<\/p>\n","protected":false},"author":11,"featured_media":0,"comment_status":"open","ping_status":"open","sticky":false,"template":"","format":"standard","meta":{"_jetpack_newsletter_access":"","_jetpack_dont_email_post_to_subs":false,"_jetpack_newsletter_tier_id":0,"_jetpack_memberships_contains_paywalled_content":false,"_jetpack_memberships_contains_paid_content":false,"footnotes":""},"categories":[12],"tags":[],"class_list":["post-7138","post","type-post","status-publish","format-standard","hentry","category-deportes"],"jetpack_featured_media_url":"","jetpack_shortlink":"https:\/\/wp.me\/p2JWE0-1R8","jetpack-related-posts":[{"id":14882,"url":"https:\/\/www.24baires.com\/?p=14882","url_meta":{"origin":7138,"position":0},"title":"Gallego: \u00abMe voy a ir el d\u00eda que mis jugadores no respondan\u00bb","author":"Grupo Sierra","date":"06\/02\/2013","format":false,"excerpt":"El entrenador de Independiente, Am\u00e9rico Gallego advirti\u00f3 que, ante la crisis de su equipo, sabr\u00e1 cuando llegue el momento indicado para irse y \"nadie\" tendr\u00e1 que decirle que lo haga. \"Yo s\u00e9 cu\u00e1ndo me tengo que ir de Independiente y no hace falta que nadie me lo venga a decir.\u2026","rel":"","context":"En \u00abDeportes\u00bb","block_context":{"text":"Deportes","link":"https:\/\/www.24baires.com\/?cat=12"},"img":{"alt_text":"gallego tolo 3","src":"https:\/\/i0.wp.com\/www.24baires.com\/wp-content\/uploads\/2013\/02\/gallego-tolo-3.jpg?resize=350%2C200","width":350,"height":200,"srcset":"https:\/\/i0.wp.com\/www.24baires.com\/wp-content\/uploads\/2013\/02\/gallego-tolo-3.jpg?resize=350%2C200 1x, https:\/\/i0.wp.com\/www.24baires.com\/wp-content\/uploads\/2013\/02\/gallego-tolo-3.jpg?resize=525%2C300 1.5x"},"classes":[]},{"id":7895,"url":"https:\/\/www.24baires.com\/?p=7895","url_meta":{"origin":7138,"position":1},"title":"Un &#8216;Tolo&#8217; Gallego desesperado ahora promueve a la 1ra. a dos juveniles","author":"Grupo Sierra","date":"04\/12\/2012","format":false,"excerpt":"El DT de Independiente promovi\u00f3 al volante Marcelo Vidal y al delantero Francisco Pizzini para encarar la semana previa al compromiso ante Col\u00f3n de Santa Fe, por la 19na. y \u00faltima fecha del torneo Inicial. Vidal, volante central de la Reserva, y Pizzini, delantero de 19 a\u00f1os que ya tiene\u2026","rel":"","context":"En \u00abDeportes\u00bb","block_context":{"text":"Deportes","link":"https:\/\/www.24baires.com\/?cat=12"},"img":{"alt_text":"","src":"https:\/\/i0.wp.com\/www.24baires.com\/wp-content\/uploads\/2012\/12\/gallego-tolo.jpg?resize=350%2C200","width":350,"height":200,"srcset":"https:\/\/i0.wp.com\/www.24baires.com\/wp-content\/uploads\/2012\/12\/gallego-tolo.jpg?resize=350%2C200 1x, https:\/\/i0.wp.com\/www.24baires.com\/wp-content\/uploads\/2012\/12\/gallego-tolo.jpg?resize=525%2C300 1.5x"},"classes":[]},{"id":14550,"url":"https:\/\/www.24baires.com\/?p=14550","url_meta":{"origin":7138,"position":2},"title":"Independiente empat\u00f3 con Tigre y sigue en zona de descenso","author":"Grupo Sierra","date":"03\/02\/2013","format":false,"excerpt":"Los dirigidos por \"Tolo\" Gallego y el conjunto de Victoria igualaron 1 a 1 en el partido postergado de la 12ma. fecha del torneo Inicial. Botta marc\u00f3 para Tigre e igual\u00f3 Ben\u00edtez. Al 'Rojo' con el empate no le alcanz\u00f3 para salir de la zona de descenso.","rel":"","context":"En \u00abDeportes\u00bb","block_context":{"text":"Deportes","link":"https:\/\/www.24baires.com\/?cat=12"},"img":{"alt_text":"gallego tolo","src":"https:\/\/i0.wp.com\/www.24baires.com\/wp-content\/uploads\/2012\/12\/gallego-tolo.jpg?resize=350%2C200","width":350,"height":200,"srcset":"https:\/\/i0.wp.com\/www.24baires.com\/wp-content\/uploads\/2012\/12\/gallego-tolo.jpg?resize=350%2C200 1x, https:\/\/i0.wp.com\/www.24baires.com\/wp-content\/uploads\/2012\/12\/gallego-tolo.jpg?resize=525%2C300 1.5x"},"classes":[]},{"id":20920,"url":"https:\/\/www.24baires.com\/?p=20920","url_meta":{"origin":7138,"position":3},"title":"Se fue Gallego y se agudiza la crisis en Independiente","author":"Grupo Sierra","date":"13\/04\/2013","format":false,"excerpt":"El Tolo dimiti\u00f3 la direcci\u00f3n t\u00e9cnica del Rojo, despu\u00e9s de una conversaci\u00f3n con el presidente del club, Javier Cantero, que el viernes lo hab\u00eda ratificado tras el empate con Uni\u00f3n de Santa Fe en Avellaneda. Am\u00e9rico Rub\u00e9n Gallego, que esta ma\u00f1ana dirigi\u00f3 la pr\u00e1ctica en el estadio \"Libertadores de Am\u00e9rica\",\u2026","rel":"","context":"En \u00abDeportes\u00bb","block_context":{"text":"Deportes","link":"https:\/\/www.24baires.com\/?cat=12"},"img":{"alt_text":"gallego tolo","src":"https:\/\/i0.wp.com\/www.24baires.com\/wp-content\/uploads\/2012\/12\/gallego-tolo.jpg?resize=350%2C200","width":350,"height":200,"srcset":"https:\/\/i0.wp.com\/www.24baires.com\/wp-content\/uploads\/2012\/12\/gallego-tolo.jpg?resize=350%2C200 1x, https:\/\/i0.wp.com\/www.24baires.com\/wp-content\/uploads\/2012\/12\/gallego-tolo.jpg?resize=525%2C300 1.5x"},"classes":[]},{"id":6196,"url":"https:\/\/www.24baires.com\/?p=6196","url_meta":{"origin":7138,"position":4},"title":"Far\u00edas hace su autocr\u00edtica","author":"Grupo Sierra","date":"20\/11\/2012","format":false,"excerpt":"El delantero de Independiente Ernesto Far\u00edas cont\u00f3 que el grupo hizo una \"fuerte autocr\u00edtica\", al tiempo que admiti\u00f3 que desde que lleg\u00f3 al club no fue un \"jugador regular\". \"Tengo que ser autocr\u00edtico en lo individual. Los jugadores hemos ca\u00eddo en un pozo. En lo personal, desde que estoy en\u2026","rel":"","context":"En \u00abDeportes\u00bb","block_context":{"text":"Deportes","link":"https:\/\/www.24baires.com\/?cat=12"},"img":{"alt_text":"","src":"https:\/\/i0.wp.com\/www.24baires.com\/wp-content\/uploads\/2012\/11\/farias-independiente.jpg?resize=350%2C200","width":350,"height":200,"srcset":"https:\/\/i0.wp.com\/www.24baires.com\/wp-content\/uploads\/2012\/11\/farias-independiente.jpg?resize=350%2C200 1x, https:\/\/i0.wp.com\/www.24baires.com\/wp-content\/uploads\/2012\/11\/farias-independiente.jpg?resize=525%2C300 1.5x"},"classes":[]},{"id":284,"url":"https:\/\/www.24baires.com\/?p=284","url_meta":{"origin":7138,"position":5},"title":"Independiente y Racing, las dos caras de Avellaneda","author":"Grupo Sierra","date":"24\/09\/2012","format":false,"excerpt":"Pas\u00f3 la octava fecha del Torneo Inicial del f\u00fatbol argentino y no fue una jornada m\u00e1s para los equipos de Avellaneda. Dos de los equipos m\u00e1s grandes del pa\u00eds atravesaban un momento complicado antes de sus partidos, con jugadores discutidos y t\u00e9cnicos discutidos, m\u00e1s all\u00e1 que Am\u00e9rico Rub\u00e9n Gallego haya\u2026","rel":"","context":"En \u00abDeportes\u00bb","block_context":{"text":"Deportes","link":"https:\/\/www.24baires.com\/?cat=12"},"img":{"alt_text":"","src":"https:\/\/i0.wp.com\/www.24baires.com\/wp-content\/uploads\/2012\/09\/Racing-e-Independiente11.jpg?resize=350%2C200","width":350,"height":200},"classes":[]}],"jetpack_sharing_enabled":true,"jetpack_likes_enabled":true,"_links":{"self":[{"href":"https:\/\/www.24baires.com\/index.php?rest_route=\/wp\/v2\/posts\/7138","targetHints":{"allow":["GET"]}}],"collection":[{"href":"https:\/\/www.24baires.com\/index.php?rest_route=\/wp\/v2\/posts"}],"about":[{"href":"https:\/\/www.24baires.com\/index.php?rest_route=\/wp\/v2\/types\/post"}],"author":[{"embeddable":true,"href":"https:\/\/www.24baires.com\/index.php?rest_route=\/wp\/v2\/users\/11"}],"replies":[{"embeddable":true,"href":"https:\/\/www.24baires.com\/index.php?rest_route=%2Fwp%2Fv2%2Fcomments&post=7138"}],"version-history":[{"count":2,"href":"https:\/\/www.24baires.com\/index.php?rest_route=\/wp\/v2\/posts\/7138\/revisions"}],"predecessor-version":[{"id":7165,"href":"https:\/\/www.24baires.com\/index.php?rest_route=\/wp\/v2\/posts\/7138\/revisions\/7165"}],"wp:attachment":[{"href":"https:\/\/www.24baires.com\/index.php?rest_route=%2Fwp%2Fv2%2Fmedia&parent=7138"}],"wp:term":[{"taxonomy":"category","embeddable":true,"href":"https:\/\/www.24baires.com\/index.php?rest_route=%2Fwp%2Fv2%2Fcategories&post=7138"},{"taxonomy":"post_tag","embeddable":true,"href":"https:\/\/www.24baires.com\/index.php?rest_route=%2Fwp%2Fv2%2Ftags&post=7138"}],"curies":[{"name":"wp","href":"https:\/\/api.w.org\/{rel}","templated":true}]}}