{"id":71303,"date":"2015-08-28T14:00:39","date_gmt":"2015-08-28T17:00:39","guid":{"rendered":"http:\/\/www.24baires.com\/?p=71303"},"modified":"2015-08-28T13:40:10","modified_gmt":"2015-08-28T16:40:10","slug":"por-las-malas","status":"publish","type":"post","link":"https:\/\/www.24baires.com\/?p=71303","title":{"rendered":"Por las malas"},"content":{"rendered":"<p><img data-recalc-dims=\"1\" loading=\"lazy\" decoding=\"async\" class=\"aligncenter  wp-image-71186\" src=\"https:\/\/i0.wp.com\/www.24baires.com\/wp-content\/uploads\/2015\/08\/oposici%C3%B3n.jpg?resize=560%2C372\" alt=\"oposici\u00f3n\" width=\"560\" height=\"372\" srcset=\"https:\/\/i0.wp.com\/www.24baires.com\/wp-content\/uploads\/2015\/08\/oposici%C3%B3n.jpg?w=510&amp;ssl=1 510w, https:\/\/i0.wp.com\/www.24baires.com\/wp-content\/uploads\/2015\/08\/oposici%C3%B3n.jpg?resize=300%2C199&amp;ssl=1 300w\" sizes=\"auto, (max-width: 560px) 100vw, 560px\" \/>En la reuni\u00f3n opositora del pasado mi\u00e9rcoles, en resumen, le reclaman al kirchnerismo que no gane m\u00e1s. Y se lo piden por las malas, porque las buenas, que ser\u00eda construir un proyecto alternativo al que gobierna, someterlo a la voluntad popular, y triunfar, no parece estar entre las posibilidades.<!--more--><br \/>\nY pedirlo por las malas incluye aullar fraude cada vez que se pierde, incendiar urnas, utilizar el inmenso aparato medi\u00e1tico que los cobija para fomentar manifestaciones y echarle nafta al fuego que lograron trasladar desde las urnas a las calles. O pedir incendiar la Casa de Gobierno, como hizo un asesor de quien perdiera la elecci\u00f3n en Tucum\u00e1n, Jos\u00e9 Cano.<br \/>\nPorque se paran en un republicanismo que fabrican tan a medida, que se les ajusta tanto, que deja afuera a las mayor\u00edas. Esas mayor\u00edas que no los eligen, no los acompa\u00f1an, no los votan. Y ese es el gran problema, la voluntad popular de la que reniegan. Por eso llaman fraude a cualquier derrota, por eso aplican sin piedad el aparato medi\u00e1tico, por eso quieren cambiar todo, para que lo \u00fanico que cambie, al final, sea el resultado de las elecciones.<br \/>\nUna ya irreconocible Margarita Stolbizer, junto a Mauricio Macri, a Sergio Massa, a Jos\u00e9 Cano y al silencioso Ernesto Sanz, se unieron (o fueron unidos) por el supremo poder del C\u00edrculo Rojo. Ese abrazo de oso que quiere gobernarnos desde los t\u00edtulos de los diarios, aprieta fuerte y junta cualquier cosa. Los aprieta tanto que los explota y los mezcla. Los revuelve, los confunde, los mimetiza. Y ya Margarita en nada puede diferenciarse de Macri y, junto a Massa, hace lo que les exigen que haga: bancan la parada del PRO. Entregan todo, siguiendo el ejemplo de Sanz, en pos de la candidatura de Mauricio, porque \u00e9l es el \u00fanico que tiene alguna chance de llegar a un hipot\u00e9tico ballotage con Daniel Scioli.<br \/>\nEl objetivo es uno: ganarle al kirchnerismo. Ellos son uno: Macri. La estrategia tambi\u00e9n resulta en singular: generar todo el caos posible con cualquier calumnia que se encuentre a mano, atizando la infame llama de la indignaci\u00f3n acomodada. La indignaci\u00f3n que se activa con cualquier soplido, porque siempre es brasa.<br \/>\nPero no se detienen en el \u00fanico dato que sobrevive tanta injuria: la personas eligen. Porque parece no importar que los votos se cuenten y den un mismo resultado, parece que lo \u00fanico que interesa es lo que se dice que pas\u00f3, la f\u00e1bula que se cuenta, el z\u00f3calo de TN que se inventa.<br \/>\nEsa mesa opositora, que flota como globo amarillo despu\u00e9s de las elecciones en Tucum\u00e1n, resume la desesperaci\u00f3n que, por un lado, los impulsa a unirse en el espanto, y, por el otro, a decir y hacer cualquier cosa en pos de perseguir el ego\u00edsta y esquivo sue\u00f1o de terminar con el kirchnerismo. Y eso, con la verdad rotunda de las votaciones, les revienta en la cara, tambi\u00e9n como globo amarillo.<br \/>\nDe aqu\u00ed a las elecciones generales llover\u00e1n las operaciones, los grupos hegem\u00f3nicos se las servir\u00e1n en bandeja a los opositores, como man\u00e1 del cielo. Algunas se desbaratar\u00e1n en minutos y horas, otras aguantar\u00e1n d\u00edas, a fuerza de la permanente repetici\u00f3n medi\u00e1tica. No la vamos a pasar bien, seguro. Entonces, que los que s\u00f3lo buscan destruir lo hecho, entregar lo conquistado, retroceder lo avanzado, no la pasen bien el 25 de octubre.<\/p>\n","protected":false},"excerpt":{"rendered":"<p>En la reuni\u00f3n opositora del pasado mi\u00e9rcoles, en resumen, le reclaman al kirchnerismo que no gane m\u00e1s. Y se lo piden por las malas, porque las buenas, que ser\u00eda construir un proyecto alternativo al que gobierna, someterlo a la voluntad popular, y triunfar, no parece estar entre las posibilidades.<\/p>\n","protected":false},"author":4,"featured_media":0,"comment_status":"open","ping_status":"open","sticky":false,"template":"","format":"standard","meta":{"_jetpack_newsletter_access":"","_jetpack_dont_email_post_to_subs":false,"_jetpack_newsletter_tier_id":0,"_jetpack_memberships_contains_paywalled_content":false,"_jetpack_memberships_contains_paid_content":false,"footnotes":""},"categories":[64],"tags":[],"class_list":["post-71303","post","type-post","status-publish","format-standard","hentry","category-opinion"],"jetpack_featured_media_url":"","jetpack_shortlink":"https:\/\/wp.me\/p2JWE0-iy3","jetpack-related-posts":[{"id":71077,"url":"https:\/\/www.24baires.com\/?p=71077","url_meta":{"origin":71303,"position":0},"title":"Manzur gan\u00f3 por m\u00e1s del 13%","author":"AF","date":"24\/08\/2015","format":false,"excerpt":"El candidato a gobernador de Tucum\u00e1n por el Frente para la Victoria, Juan Manzur, se impuso en las elecciones provinciales al obtener el 54,42 ciento de los votos contra el 40,76% de Jos\u00e9 Cano, del opositor Acuerdo para el Bicentenario, mientras que el gobernador Jos\u00e9 Alperovich propuso la apertura de\u2026","rel":"","context":"En \u00abElecciones 2015\u00bb","block_context":{"text":"Elecciones 2015","link":"https:\/\/www.24baires.com\/?cat=74"},"img":{"alt_text":"","src":"","width":0,"height":0},"classes":[]},{"id":111543,"url":"https:\/\/www.24baires.com\/?p=111543","url_meta":{"origin":71303,"position":1},"title":"Ya se distribuyeron las urnas en todo el pa\u00eds","author":"AF","date":"10\/08\/2019","format":false,"excerpt":"En total 100.185 urnas se llevaron hasta los lugares de votaci\u00f3n en todo el territorio. M\u00e1s de 34 millones de argentinos votan en estas Primarias. El operativo para la distrubuci\u00f3n de las urnas comenz\u00f3 hace algunos d\u00edas para evitar tener problemas de \u00faltimo momento. A horas de la tarde del\u2026","rel":"","context":"En \u00abSociedad\u00bb","block_context":{"text":"Sociedad","link":"https:\/\/www.24baires.com\/?cat=1"},"img":{"alt_text":"","src":"https:\/\/i0.wp.com\/www.24baires.com\/wp-content\/uploads\/2015\/10\/urnas.jpg?resize=350%2C200","width":350,"height":200,"srcset":"https:\/\/i0.wp.com\/www.24baires.com\/wp-content\/uploads\/2015\/10\/urnas.jpg?resize=350%2C200 1x, https:\/\/i0.wp.com\/www.24baires.com\/wp-content\/uploads\/2015\/10\/urnas.jpg?resize=525%2C300 1.5x"},"classes":[]},{"id":40546,"url":"https:\/\/www.24baires.com\/?p=40546","url_meta":{"origin":71303,"position":2},"title":"Incendio de Barracas: \u00abLos porte\u00f1os esperan respuestas de Macri\u00bb","author":"Grupo Sierra","date":"16\/02\/2014","format":false,"excerpt":"El legislador porte\u00f1o y vicepresidente del bloque del Frente para la Victoria, Gabriel Fuks, reiter\u00f3 que algunos incendios sucedidos en las \u00faltimas semanas deben esclarecerse con urgencia y enfatiz\u00f3 que \"los porte\u00f1os esperan respuestas del (jefe de gobierno Mauricio) Macri\". En ese sentido, y ante las investigaciones que podr\u00edan determinar\u2026","rel":"","context":"En \u00abSociedad\u00bb","block_context":{"text":"Sociedad","link":"https:\/\/www.24baires.com\/?cat=1"},"img":{"alt_text":"incendio barracas","src":"https:\/\/i0.wp.com\/www.24baires.com\/wp-content\/uploads\/2014\/02\/incendio-barracas-300x190.jpg?resize=350%2C200","width":350,"height":200},"classes":[]},{"id":104740,"url":"https:\/\/www.24baires.com\/?p=104740","url_meta":{"origin":71303,"position":3},"title":"Parrilli sobre el Gobierno: \u00abNo me sorprendi\u00f3 que citen a Hitler, son violentos y perversos\u00bb","author":"AF","date":"02\/10\/2018","format":false,"excerpt":"As\u00ed se refiri\u00f3 a un pol\u00e9mico tuit que el Presidente public\u00f3 en los \u00faltimos d\u00edas. Adem\u00e1s apunt\u00f3 contra Pichetto: \"No descarto que se d\u00e9 vuelta y vote el desafuero de Cristina\". El ex titular de la AFI, Oscar Parrilli, le advirti\u00f3 \"a Bonadio y Stornelli\" que est\u00e1 \"en riesgo la\u2026","rel":"","context":"En \u00abPol\u00edtica\u00bb","block_context":{"text":"Pol\u00edtica","link":"https:\/\/www.24baires.com\/?cat=51"},"img":{"alt_text":"","src":"https:\/\/i0.wp.com\/www.24baires.com\/wp-content\/uploads\/2018\/10\/parrilli.jpg?resize=350%2C200","width":350,"height":200,"srcset":"https:\/\/i0.wp.com\/www.24baires.com\/wp-content\/uploads\/2018\/10\/parrilli.jpg?resize=350%2C200 1x, https:\/\/i0.wp.com\/www.24baires.com\/wp-content\/uploads\/2018\/10\/parrilli.jpg?resize=525%2C300 1.5x"},"classes":[]},{"id":120620,"url":"https:\/\/www.24baires.com\/?p=120620","url_meta":{"origin":71303,"position":4},"title":"La Justicia rechaz\u00f3 la apertura de m\u00e1s urnas y ratific\u00f3 a Alak como intendente","author":"GB","date":"03\/11\/2023","format":false,"excerpt":"La Justicia confirm\u00f3 a Julio Alak como nuevo intendente de la Ciudad de La Plata tras varios d\u00edas de debates y especulaciones que comenzaron el mismo d\u00eda de la primera vuelta, Julio Garro apelar\u00e1 la decisi\u00f3n. Julio Alak, es el nuevo intendente de la Ciudad de La Plata y asumir\u00e1\u2026","rel":"","context":"En \u00abMunicipios\u00bb","block_context":{"text":"Municipios","link":"https:\/\/www.24baires.com\/?cat=44"},"img":{"alt_text":"","src":"https:\/\/i0.wp.com\/www.24baires.com\/wp-content\/uploads\/2023\/11\/alak.jpg?resize=350%2C200","width":350,"height":200,"srcset":"https:\/\/i0.wp.com\/www.24baires.com\/wp-content\/uploads\/2023\/11\/alak.jpg?resize=350%2C200 1x, https:\/\/i0.wp.com\/www.24baires.com\/wp-content\/uploads\/2023\/11\/alak.jpg?resize=525%2C300 1.5x, https:\/\/i0.wp.com\/www.24baires.com\/wp-content\/uploads\/2023\/11\/alak.jpg?resize=700%2C400 2x"},"classes":[]},{"id":71063,"url":"https:\/\/www.24baires.com\/?p=71063","url_meta":{"origin":71303,"position":5},"title":"Alfons\u00edn coincidi\u00f3 en el \u00abrecuento controlado de urnas\u00bb en Tucum\u00e1n","author":"AF","date":"24\/08\/2015","format":false,"excerpt":"El diputado nacional Ricardo Alfons\u00edn (UCR), afirm\u00f3 este lunes que \"existen razones m\u00e1s que sobradas y de p\u00fablico conocimiento para sospechar que en Tucum\u00e1n puede haberse violentado la voluntad ciudadana\" y respald\u00f3 el pedido para que se realice \"el recuento controlado de las urnas\". \"Se equivoca el gobernador Daniel Scioli,\u2026","rel":"","context":"En \u00abElecciones 2015\u00bb","block_context":{"text":"Elecciones 2015","link":"https:\/\/www.24baires.com\/?cat=74"},"img":{"alt_text":"Alfons\u00edn mdp","src":"https:\/\/i0.wp.com\/www.24baires.com\/wp-content\/uploads\/2013\/01\/Alfons%C3%ADn-mdp.jpg?resize=350%2C200","width":350,"height":200,"srcset":"https:\/\/i0.wp.com\/www.24baires.com\/wp-content\/uploads\/2013\/01\/Alfons%C3%ADn-mdp.jpg?resize=350%2C200 1x, https:\/\/i0.wp.com\/www.24baires.com\/wp-content\/uploads\/2013\/01\/Alfons%C3%ADn-mdp.jpg?resize=525%2C300 1.5x"},"classes":[]}],"jetpack_sharing_enabled":true,"jetpack_likes_enabled":true,"_links":{"self":[{"href":"https:\/\/www.24baires.com\/index.php?rest_route=\/wp\/v2\/posts\/71303","targetHints":{"allow":["GET"]}}],"collection":[{"href":"https:\/\/www.24baires.com\/index.php?rest_route=\/wp\/v2\/posts"}],"about":[{"href":"https:\/\/www.24baires.com\/index.php?rest_route=\/wp\/v2\/types\/post"}],"author":[{"embeddable":true,"href":"https:\/\/www.24baires.com\/index.php?rest_route=\/wp\/v2\/users\/4"}],"replies":[{"embeddable":true,"href":"https:\/\/www.24baires.com\/index.php?rest_route=%2Fwp%2Fv2%2Fcomments&post=71303"}],"version-history":[{"count":1,"href":"https:\/\/www.24baires.com\/index.php?rest_route=\/wp\/v2\/posts\/71303\/revisions"}],"predecessor-version":[{"id":71304,"href":"https:\/\/www.24baires.com\/index.php?rest_route=\/wp\/v2\/posts\/71303\/revisions\/71304"}],"wp:attachment":[{"href":"https:\/\/www.24baires.com\/index.php?rest_route=%2Fwp%2Fv2%2Fmedia&parent=71303"}],"wp:term":[{"taxonomy":"category","embeddable":true,"href":"https:\/\/www.24baires.com\/index.php?rest_route=%2Fwp%2Fv2%2Fcategories&post=71303"},{"taxonomy":"post_tag","embeddable":true,"href":"https:\/\/www.24baires.com\/index.php?rest_route=%2Fwp%2Fv2%2Ftags&post=71303"}],"curies":[{"name":"wp","href":"https:\/\/api.w.org\/{rel}","templated":true}]}}