{"id":7127,"date":"2012-11-28T19:12:12","date_gmt":"2012-11-28T22:12:12","guid":{"rendered":"http:\/\/www.24baires.com\/?p=7127"},"modified":"2012-11-28T14:26:45","modified_gmt":"2012-11-28T17:26:45","slug":"comenzara-el-17-de-diciembre-el-operativo-sol-en-la-costa","status":"publish","type":"post","link":"https:\/\/www.24baires.com\/?p=7127","title":{"rendered":"Comenzar\u00e1 el 17 de diciembre el Operativo Sol en la costa"},"content":{"rendered":"<p>Ese d\u00eda se pondr\u00e1 en marcha en Villa Gesell y el dos d\u00edas m\u00e1s tarde en Mar del Plata. Contar\u00e1 con 8 mil hombres y m\u00e1s de 650 patrulleros.<!--more--><br \/>\nEl ministro de Justicia y Seguridad, Ricardo Casal, dio detalles del Operativo Sol que comenzar\u00e1 el pr\u00f3ximo 17 de diciembre en Villa Gesell.<br \/>\nInform\u00f3 que \u201ccomenzar\u00e1 el 17 de diciembre en Villa Gesell y el 19 en Mar del Plata con 8 mil hombres, m\u00e1s de 650 patrulleros, 500 motos y cuatriciclos, m\u00e1s patrulleros especiales para zonas de dunas, m\u00e9danos y arenas, m\u00e1s otros m\u00f3viles para ir monitoreando en distintas franjas horarias pico en la zona balneario o de boliches\u201d.<br \/>\nAdem\u00e1s, dijo que \u201cvamos a articular el trabajo con el Ministerio de Salud sobre el control de nocturnidad, venta de alcohol y asistencia de menores a lugares p\u00fablicos\u201d.<\/p>\n","protected":false},"excerpt":{"rendered":"<p>Ese d\u00eda se pondr\u00e1 en marcha en Villa Gesell y el dos d\u00edas m\u00e1s tarde en Mar del Plata. Contar\u00e1 con 8 mil hombres y m\u00e1s de 650 patrulleros.<\/p>\n","protected":false},"author":4,"featured_media":0,"comment_status":"open","ping_status":"open","sticky":false,"template":"","format":"standard","meta":{"_jetpack_newsletter_access":"","_jetpack_dont_email_post_to_subs":false,"_jetpack_newsletter_tier_id":0,"_jetpack_memberships_contains_paywalled_content":false,"_jetpack_memberships_contains_paid_content":false,"footnotes":""},"categories":[1],"tags":[],"class_list":["post-7127","post","type-post","status-publish","format-standard","hentry","category-sociedad"],"jetpack_featured_media_url":"","jetpack_shortlink":"https:\/\/wp.me\/p2JWE0-1QX","jetpack-related-posts":[{"id":113464,"url":"https:\/\/www.24baires.com\/?p=113464","url_meta":{"origin":7127,"position":0},"title":"Villa Gessell: Barrera conf\u00eda en que Kicillof ayudar\u00e1 a impulsar el turismo","author":"GB","date":"17\/12\/2019","format":false,"excerpt":"El jefe comunal cont\u00f3 que diagramar\u00e1 con Sergio Berni el operativo de seguridad para la \u00e9poca de mayor afluencia de turistas. Con el cambio de paradigma en los gobiernos nacional y provincial, el primer s\u00edntoma del repunte econ\u00f3mico deber\u00eda notarse en la temporada de verano 2019\/2020 que comenz\u00f3 en los\u2026","rel":"","context":"En \u00abMunicipios\u00bb","block_context":{"text":"Municipios","link":"https:\/\/www.24baires.com\/?cat=44"},"img":{"alt_text":"","src":"https:\/\/i0.wp.com\/www.24baires.com\/wp-content\/uploads\/2019\/12\/barrera.jpg?resize=350%2C200","width":350,"height":200,"srcset":"https:\/\/i0.wp.com\/www.24baires.com\/wp-content\/uploads\/2019\/12\/barrera.jpg?resize=350%2C200 1x, https:\/\/i0.wp.com\/www.24baires.com\/wp-content\/uploads\/2019\/12\/barrera.jpg?resize=525%2C300 1.5x"},"classes":[]},{"id":99642,"url":"https:\/\/www.24baires.com\/?p=99642","url_meta":{"origin":7127,"position":1},"title":"Vidal lanza el Operativo Sol en Mar del Plata","author":"GB","date":"27\/12\/2017","format":false,"excerpt":"El acto ser\u00e1 a las 18 en la plazoleta Almirante Brown. El despliegue ser\u00e1 de m\u00e1s de 15 mil efectivos, que usar\u00e1n esc\u00e1neres y drones La gobernadora Mar\u00eda Eugenia Vidal presentar\u00e1 esta tarde en la ciudad el Operativo Sol, que buscar\u00e1 garantizar la seguridad de los turistas en las playas\u2026","rel":"","context":"En \u00abLocales\u00bb","block_context":{"text":"Locales","link":"https:\/\/www.24baires.com\/?cat=38"},"img":{"alt_text":"","src":"https:\/\/i0.wp.com\/www.24baires.com\/wp-content\/uploads\/2012\/12\/operativo-sol.jpg?resize=350%2C200","width":350,"height":200,"srcset":"https:\/\/i0.wp.com\/www.24baires.com\/wp-content\/uploads\/2012\/12\/operativo-sol.jpg?resize=350%2C200 1x, https:\/\/i0.wp.com\/www.24baires.com\/wp-content\/uploads\/2012\/12\/operativo-sol.jpg?resize=525%2C300 1.5x"},"classes":[]},{"id":113351,"url":"https:\/\/www.24baires.com\/?p=113351","url_meta":{"origin":7127,"position":2},"title":"Mar del Plata est\u00e1 entre los destinos preferidos para las vacaciones 2020","author":"GB","date":"11\/12\/2019","format":false,"excerpt":"Las ciudades tur\u00edsticas de Mar del Plata, Carlos Paz y Villa Gesell encabezan la lista de los destinos preferidos para las pr\u00f3ximas vacaciones, seg\u00fan el estudio independiente que una reconocida plataforma de viajes y turismo realiz\u00f3 entrevistando a viajeros de todo el pa\u00eds. En el estudio elaborado por Booking.com se\u2026","rel":"","context":"En \u00abMunicipios\u00bb","block_context":{"text":"Municipios","link":"https:\/\/www.24baires.com\/?cat=44"},"img":{"alt_text":"","src":"https:\/\/i0.wp.com\/www.24baires.com\/wp-content\/uploads\/2015\/01\/turistas-mar-del-plata.jpg?resize=350%2C200","width":350,"height":200,"srcset":"https:\/\/i0.wp.com\/www.24baires.com\/wp-content\/uploads\/2015\/01\/turistas-mar-del-plata.jpg?resize=350%2C200 1x, https:\/\/i0.wp.com\/www.24baires.com\/wp-content\/uploads\/2015\/01\/turistas-mar-del-plata.jpg?resize=525%2C300 1.5x"},"classes":[]},{"id":120720,"url":"https:\/\/www.24baires.com\/?p=120720","url_meta":{"origin":7127,"position":3},"title":"Ruta 11: Arrancan las obras para la autov\u00eda entre Villa Gesell y Mar Chiquita","author":"GB","date":"05\/12\/2023","format":false,"excerpt":"La intervenci\u00f3n sobre Ruta 11, entre Villa Gesell \u2013 Mar Chiquita cuenta con una inversi\u00f3n de 130 millones de d\u00f3lares con fondos del BID. En medio de la incertidumbre ante la posible paralizaci\u00f3n de la obra p\u00fablica nacional y su impacto en las ciudades bonaerenses, una importante noticia fue confirmada\u2026","rel":"","context":"En \u00abProvincia\u00bb","block_context":{"text":"Provincia","link":"https:\/\/www.24baires.com\/?cat=40"},"img":{"alt_text":"","src":"https:\/\/i0.wp.com\/www.24baires.com\/wp-content\/uploads\/2023\/12\/autopista.webp?resize=350%2C200","width":350,"height":200,"srcset":"https:\/\/i0.wp.com\/www.24baires.com\/wp-content\/uploads\/2023\/12\/autopista.webp?resize=350%2C200 1x, https:\/\/i0.wp.com\/www.24baires.com\/wp-content\/uploads\/2023\/12\/autopista.webp?resize=525%2C300 1.5x, https:\/\/i0.wp.com\/www.24baires.com\/wp-content\/uploads\/2023\/12\/autopista.webp?resize=700%2C400 2x"},"classes":[]},{"id":121928,"url":"https:\/\/www.24baires.com\/?p=121928","url_meta":{"origin":7127,"position":4},"title":"El Registro Provincial llega a la costa bonaerense","author":"GB","date":"02\/01\/2025","format":false,"excerpt":"Las jornadas ser\u00e1n rotativas e incluir\u00e1n actividades recreativas en puntos clave como Villa Gesell y Pinamar. El pr\u00f3ximo lunes 6 de enero comenzar\u00e1n los operativos de verano del Registro Provincial de las Personas, dise\u00f1ados para facilitar la realizaci\u00f3n de tr\u00e1mites y el inicio de expedientes directamente desde distintos municipios de\u2026","rel":"","context":"En \u00abSociedad\u00bb","block_context":{"text":"Sociedad","link":"https:\/\/www.24baires.com\/?cat=1"},"img":{"alt_text":"","src":"https:\/\/i0.wp.com\/www.24baires.com\/wp-content\/uploads\/2025\/01\/camioneta-dni.webp?resize=350%2C200","width":350,"height":200,"srcset":"https:\/\/i0.wp.com\/www.24baires.com\/wp-content\/uploads\/2025\/01\/camioneta-dni.webp?resize=350%2C200 1x, https:\/\/i0.wp.com\/www.24baires.com\/wp-content\/uploads\/2025\/01\/camioneta-dni.webp?resize=525%2C300 1.5x, https:\/\/i0.wp.com\/www.24baires.com\/wp-content\/uploads\/2025\/01\/camioneta-dni.webp?resize=700%2C400 2x"},"classes":[]},{"id":120053,"url":"https:\/\/www.24baires.com\/?p=120053","url_meta":{"origin":7127,"position":5},"title":"Villa Gesell: municipales acuerdan paritaria con una gran suba del salario para estatales","author":"GB","date":"28\/04\/2023","format":false,"excerpt":"La Municipalidad de Villa Gesell acord\u00f3 la paritaria de los trabajadores municipales por arriba de la inflaci\u00f3n. Seg\u00fan funcionarios municipales, es el m\u00e1s alto de los municipios bonaerenses. La paritaria de los trabajadores municipales de Villa Gesell cerr\u00f3 con un alza del 120,9% del salario b\u00e1sico, una de las m\u00e1s\u2026","rel":"","context":"En \u00abMunicipios\u00bb","block_context":{"text":"Municipios","link":"https:\/\/www.24baires.com\/?cat=44"},"img":{"alt_text":"","src":"https:\/\/i0.wp.com\/www.24baires.com\/wp-content\/uploads\/2023\/04\/intendente-villa-gesell.webp?resize=350%2C200","width":350,"height":200,"srcset":"https:\/\/i0.wp.com\/www.24baires.com\/wp-content\/uploads\/2023\/04\/intendente-villa-gesell.webp?resize=350%2C200 1x, https:\/\/i0.wp.com\/www.24baires.com\/wp-content\/uploads\/2023\/04\/intendente-villa-gesell.webp?resize=525%2C300 1.5x, https:\/\/i0.wp.com\/www.24baires.com\/wp-content\/uploads\/2023\/04\/intendente-villa-gesell.webp?resize=700%2C400 2x"},"classes":[]}],"jetpack_sharing_enabled":true,"jetpack_likes_enabled":true,"_links":{"self":[{"href":"https:\/\/www.24baires.com\/index.php?rest_route=\/wp\/v2\/posts\/7127","targetHints":{"allow":["GET"]}}],"collection":[{"href":"https:\/\/www.24baires.com\/index.php?rest_route=\/wp\/v2\/posts"}],"about":[{"href":"https:\/\/www.24baires.com\/index.php?rest_route=\/wp\/v2\/types\/post"}],"author":[{"embeddable":true,"href":"https:\/\/www.24baires.com\/index.php?rest_route=\/wp\/v2\/users\/4"}],"replies":[{"embeddable":true,"href":"https:\/\/www.24baires.com\/index.php?rest_route=%2Fwp%2Fv2%2Fcomments&post=7127"}],"version-history":[{"count":1,"href":"https:\/\/www.24baires.com\/index.php?rest_route=\/wp\/v2\/posts\/7127\/revisions"}],"predecessor-version":[{"id":7128,"href":"https:\/\/www.24baires.com\/index.php?rest_route=\/wp\/v2\/posts\/7127\/revisions\/7128"}],"wp:attachment":[{"href":"https:\/\/www.24baires.com\/index.php?rest_route=%2Fwp%2Fv2%2Fmedia&parent=7127"}],"wp:term":[{"taxonomy":"category","embeddable":true,"href":"https:\/\/www.24baires.com\/index.php?rest_route=%2Fwp%2Fv2%2Fcategories&post=7127"},{"taxonomy":"post_tag","embeddable":true,"href":"https:\/\/www.24baires.com\/index.php?rest_route=%2Fwp%2Fv2%2Ftags&post=7127"}],"curies":[{"name":"wp","href":"https:\/\/api.w.org\/{rel}","templated":true}]}}