{"id":7113,"date":"2012-11-28T14:51:18","date_gmt":"2012-11-28T17:51:18","guid":{"rendered":"http:\/\/www.24baires.com\/?p=7113"},"modified":"2012-11-29T14:13:49","modified_gmt":"2012-11-29T17:13:49","slug":"guardavidas-furiosos-marcharon-a-la-gobernacion","status":"publish","type":"post","link":"https:\/\/www.24baires.com\/?p=7113","title":{"rendered":"Guardavidas furiosos marcharon a la Gobernaci\u00f3n"},"content":{"rendered":"<p><strong><img data-recalc-dims=\"1\" loading=\"lazy\" decoding=\"async\" class=\"aligncenter size-full wp-image-7115\" title=\"guardavidas gobernaci\u00f3n\" src=\"https:\/\/i0.wp.com\/www.24baires.com\/wp-content\/uploads\/2012\/11\/guardavidas-gobernaci%C3%B3n.jpg?resize=560%2C420\" alt=\"\" width=\"560\" height=\"420\" srcset=\"https:\/\/i0.wp.com\/www.24baires.com\/wp-content\/uploads\/2012\/11\/guardavidas-gobernaci%C3%B3n.jpg?w=560&amp;ssl=1 560w, https:\/\/i0.wp.com\/www.24baires.com\/wp-content\/uploads\/2012\/11\/guardavidas-gobernaci%C3%B3n.jpg?resize=300%2C225&amp;ssl=1 300w\" sizes=\"auto, (max-width: 560px) 100vw, 560px\" \/><br \/>\nLA PLATA &#8211; <\/strong>Piden que la Jefatura de Gabinete remueva de su cargo al titular de la Comisi\u00f3n Provincial de Guardavidas, a quien acusan de \u201cusurpar un cargo y no entender nada de la actividad\u201d. Piden que \u201cse tome la profesi\u00f3n con seriedad\u201d y no descartan profundizar las medidas de fuerza. Peligra el inicio de la temporada.<!--more--><\/p>\n<p>Un importante n\u00famero de guardavidas de diferentes puntos de la provincia se moviliz\u00f3 a la Casa de Gobierno para reclamar que se remueva de su cargo al titular de la Comisi\u00f3n de Guardavidas por no tener conocimientos sobre la actividad.<\/p>\n<p>En ese marco, el titular del Sindicato de Guardavidas y Afines de la Rep\u00fablica Argentina (SUGARA), Roberto Solari, dialog\u00f3 con 24Baires para explicar las razones del pedido ante el inminente comienzo de la temporada 2013.<\/p>\n<p style=\"text-align: center;\"><img data-recalc-dims=\"1\" loading=\"lazy\" decoding=\"async\" class=\"size-full wp-image-7124 aligncenter\" title=\"solari guardavidas2\" src=\"https:\/\/i0.wp.com\/www.24baires.com\/wp-content\/uploads\/2012\/11\/solari-guardavidas2.jpg?resize=560%2C420\" alt=\"\" width=\"560\" height=\"420\" srcset=\"https:\/\/i0.wp.com\/www.24baires.com\/wp-content\/uploads\/2012\/11\/solari-guardavidas2.jpg?w=560&amp;ssl=1 560w, https:\/\/i0.wp.com\/www.24baires.com\/wp-content\/uploads\/2012\/11\/solari-guardavidas2.jpg?resize=300%2C225&amp;ssl=1 300w\" sizes=\"auto, (max-width: 560px) 100vw, 560px\" \/><\/p>\n<p>&nbsp;<\/p>\n<p>En ese sentido, Solari detall\u00f3 que \u201cel s\u00e1bado empieza la temporada de verano y estamos protestando para que releven de su puesto al titular de la Comisi\u00f3n Provincial de Guardavidas, Luis Filareti, que est\u00e1 usurpando un cargo hace un a\u00f1o y medio y no tiene nada que ver con la actividad\u201d.<\/p>\n<p>\u201cLo primero que tienen que hacer es sacar al presidente de la Comisi\u00f3n Provincial de Guardavidas, que es un asesor de la jefatura de Gabinete. Por lo que este se\u00f1or dice, \u00e9l \u00fanico curr\u00edculum que tiene es ser pariente de Alberto P\u00e9rez y el cargo que ocupa es de nuestra creaci\u00f3n\u201d, prosigui\u00f3.<\/p>\n<p>Por otra parte, Solari se refiri\u00f3 a la contrataci\u00f3n por parte del gobierno, del actor David Hasselhoff para promocionar las costas bonaerenses. Al respecto, Solari manifest\u00f3 que \u201ces un tema publicitario que no se quien habr\u00e1 tomado la decisi\u00f3n de hacerlo. Nosotros en la pr\u00e1ctica somos la primera l\u00ednea de contenci\u00f3n de todo el turismo en la costa provincial y creemos que se nos tiene que tomar con seriedad\u201d.<\/p>\n<p>\u201cNo podemos arrancar una temporada de verano y que no haya una pol\u00edtica provincial que nos apoye. Cuando haya una v\u00edctima fatal, los que tenemos que enfrentar la situaci\u00f3n y dar la cara ante los familiares, somos nosotros\u201d, se quej\u00f3 el representante gremial.<\/p>\n<p>Solari, grafic\u00f3 que \u201clos compa\u00f1eros de Chascom\u00fas, Vicente L\u00f3pez y Mor\u00f3n todos los a\u00f1os rinden una prueba se suficiencia en sus localidades para poder trabajar en la temporada. Este hombre (por Filareti) sac\u00f3 ese examen. Los trabajadores tuvieron que viajar a La Plata para rendirla. Nosotros dijimos que eso no pod\u00eda ser porque formamos parte de la Comisi\u00f3n. Como no se nos escuch\u00f3, aguantamos esta situaci\u00f3n que decidimos no aguantarla m\u00e1s:\u201d<\/p>\n<p>Finalmente, Solari no descart\u00f3 profundizar las medidas de fuerza: \u201cdepende de la actitud que tome el gobierno, nosotros estamos dentro de la ley. Vamos a tratar de hablar con alg\u00fan funcionario provincial\u201d, concluy\u00f3.<\/p>\n","protected":false},"excerpt":{"rendered":"<p>LA PLATA &#8211; Piden que la Jefatura de Gabinete remueva de su cargo al titular de la Comisi\u00f3n Provincial de Guardavidas, a quien acusan de \u201cusurpar un cargo y no entender nada de la actividad\u201d. Piden que \u201cse tome la profesi\u00f3n con seriedad\u201d y no descartan profundizar las medidas de fuerza. Peligra el inicio de la temporada.<\/p>\n","protected":false},"author":4,"featured_media":0,"comment_status":"open","ping_status":"open","sticky":false,"template":"","format":"standard","meta":{"_jetpack_newsletter_access":"","_jetpack_dont_email_post_to_subs":false,"_jetpack_newsletter_tier_id":0,"_jetpack_memberships_contains_paywalled_content":false,"_jetpack_memberships_contains_paid_content":false,"footnotes":""},"categories":[1],"tags":[],"class_list":["post-7113","post","type-post","status-publish","format-standard","hentry","category-sociedad"],"jetpack_featured_media_url":"","jetpack_shortlink":"https:\/\/wp.me\/p2JWE0-1QJ","jetpack-related-posts":[{"id":8894,"url":"https:\/\/www.24baires.com\/?p=8894","url_meta":{"origin":7113,"position":0},"title":"En pleno recambio de quincena los Guardavidas se movilizan al peaje Samboromb\u00f3n con reclamos a Scioli","author":"Grupo Sierra","date":"12\/12\/2012","format":false,"excerpt":"Los trabajadores, agrupados en Sugara, protestan por la \"inacci\u00f3n\" de la Comisi\u00f3n Provincial de Guardavidas. Cabe resaltar que a fines de noviembre ya se hab\u00edan movilizado a la Gobernaci\u00f3n con el mismo reclamo. \u00a0La movilizaci\u00f3n ser\u00e1 el pr\u00f3ximo s\u00e1bado a ese peaje de la Ruta 2 cercano a Chascom\u00fas.\u00a0 El\u2026","rel":"","context":"En \u00abProvincia\u00bb","block_context":{"text":"Provincia","link":"https:\/\/www.24baires.com\/?cat=40"},"img":{"alt_text":"","src":"","width":0,"height":0},"classes":[]},{"id":6796,"url":"https:\/\/www.24baires.com\/?p=6796","url_meta":{"origin":7113,"position":1},"title":"Guardavidas se movilizar\u00e1n exigiendo pol\u00edticas de seguridad en playa","author":"AF","date":"26\/11\/2012","format":false,"excerpt":"El Sindicato \u00danico de Guardavidas de la Rep\u00fablica Argentina (SUGARA) confirm\u00f3 una movilizaci\u00f3n masiva a la Casa de Gobierno bonaerense, el pr\u00f3ximo mi\u00e9rcoles, ante la \u201causencia de pol\u00edticas de seguridad en Playa\u201d de la gesti\u00f3n de Daniel Scioli de cara al inicio de la temporada de verano. As\u00ed lo confirm\u00f3\u2026","rel":"","context":"En \u00abSociedad\u00bb","block_context":{"text":"Sociedad","link":"https:\/\/www.24baires.com\/?cat=1"},"img":{"alt_text":"","src":"https:\/\/i0.wp.com\/www.24baires.com\/wp-content\/uploads\/2012\/11\/guardavidas.png?resize=350%2C200","width":350,"height":200},"classes":[]},{"id":58879,"url":"https:\/\/www.24baires.com\/?p=58879","url_meta":{"origin":7113,"position":2},"title":"Provincia present\u00f3 una propuesta a los guardavidas del sector privado de Mar del Plata","author":"GB","date":"19\/12\/2014","format":false,"excerpt":"En una reuni\u00f3n desarrollada en el Sal\u00f3n de Acuerdos del despacho del Gobernador Daniel Scioli, el gobierno provincial present\u00f3 una propuesta concreta al sector de guardavidas para dar respuesta a las demandas expresadas en los \u00faltimos d\u00edas por aquellos trabajadores que no est\u00e1n contemplados en el r\u00e9gimen previsional del IPS.\u2026","rel":"","context":"En \u00abSociedad\u00bb","block_context":{"text":"Sociedad","link":"https:\/\/www.24baires.com\/?cat=1"},"img":{"alt_text":"mesa guardavidas","src":"https:\/\/i0.wp.com\/www.24baires.com\/wp-content\/uploads\/2014\/12\/mesa-guardavidas-300x225.jpg?resize=350%2C200","width":350,"height":200},"classes":[]},{"id":113974,"url":"https:\/\/www.24baires.com\/?p=113974","url_meta":{"origin":7113,"position":3},"title":"Guardavidas de Pinamar paran este viernes","author":"AF","date":"30\/01\/2020","format":false,"excerpt":"La Asociaci\u00f3n de Guardavidas asegur\u00f3 que cobran el mismo sueldo de diciembre de 2018. Reclaman adem\u00e1s que se cumpla con las dotaciones m\u00ednimas de personal para esta \u00e9poca de fuerte afluencia de turistas. La temporada en la Costa Atl\u00e1ntica es de las mejores en muchos a\u00f1os sin embargo ello no\u2026","rel":"","context":"En \u00abLocales\u00bb","block_context":{"text":"Locales","link":"https:\/\/www.24baires.com\/?cat=38"},"img":{"alt_text":"","src":"https:\/\/i0.wp.com\/www.24baires.com\/wp-content\/uploads\/2016\/01\/guardavidas.jpg?resize=350%2C200","width":350,"height":200,"srcset":"https:\/\/i0.wp.com\/www.24baires.com\/wp-content\/uploads\/2016\/01\/guardavidas.jpg?resize=350%2C200 1x, https:\/\/i0.wp.com\/www.24baires.com\/wp-content\/uploads\/2016\/01\/guardavidas.jpg?resize=525%2C300 1.5x"},"classes":[]},{"id":113942,"url":"https:\/\/www.24baires.com\/?p=113942","url_meta":{"origin":7113,"position":4},"title":"Ministerio de Trabajo dict\u00f3 conciliaci\u00f3n obligatoria y el paro de guardavidas qued\u00f3 sin efecto","author":"GB","date":"29\/01\/2020","format":false,"excerpt":"NECOCHEA-La Municipalidad de la ciudad balnearia y la Asociaci\u00f3n de Guardavidas de Necochea y Quequ\u00e9n (AGNQ) no llegan a un acuerdo y el reclamo se extiende en el tiempo. El Ministerio de Trabajo bonaerense intervino nuevamente en el conflicto entre la municipalidad de Necochea y los guardavidas. Ante un nuevo\u2026","rel":"","context":"En \u00abMunicipios\u00bb","block_context":{"text":"Municipios","link":"https:\/\/www.24baires.com\/?cat=44"},"img":{"alt_text":"","src":"https:\/\/i0.wp.com\/www.24baires.com\/wp-content\/uploads\/2016\/01\/guardavidas.jpg?resize=350%2C200","width":350,"height":200,"srcset":"https:\/\/i0.wp.com\/www.24baires.com\/wp-content\/uploads\/2016\/01\/guardavidas.jpg?resize=350%2C200 1x, https:\/\/i0.wp.com\/www.24baires.com\/wp-content\/uploads\/2016\/01\/guardavidas.jpg?resize=525%2C300 1.5x"},"classes":[]},{"id":106305,"url":"https:\/\/www.24baires.com\/?p=106305","url_meta":{"origin":7113,"position":5},"title":"La Federaci\u00f3n Argentina de Guardavidas presiona para que se destrabe el conflicto","author":"GB","date":"11\/01\/2019","format":false,"excerpt":"Lanzaron un comunicado acompa\u00f1ando a los guardavidas de la ciudad y se declararon en estado de alerta. Tras fracasar una reuni\u00f3n entre el Sindicato de Guardavidas local y las c\u00e1maras empresarias de los balnearios, los trabajadores realizar\u00e1n desde el s\u00e1bado un paro por tiempo indeterminado. Desde la Federaci\u00f3n Argentina de\u2026","rel":"","context":"En \u00abMunicipios\u00bb","block_context":{"text":"Municipios","link":"https:\/\/www.24baires.com\/?cat=44"},"img":{"alt_text":"","src":"https:\/\/i0.wp.com\/www.24baires.com\/wp-content\/uploads\/2016\/01\/guardavidas.jpg?resize=350%2C200","width":350,"height":200,"srcset":"https:\/\/i0.wp.com\/www.24baires.com\/wp-content\/uploads\/2016\/01\/guardavidas.jpg?resize=350%2C200 1x, https:\/\/i0.wp.com\/www.24baires.com\/wp-content\/uploads\/2016\/01\/guardavidas.jpg?resize=525%2C300 1.5x"},"classes":[]}],"jetpack_sharing_enabled":true,"jetpack_likes_enabled":true,"_links":{"self":[{"href":"https:\/\/www.24baires.com\/index.php?rest_route=\/wp\/v2\/posts\/7113","targetHints":{"allow":["GET"]}}],"collection":[{"href":"https:\/\/www.24baires.com\/index.php?rest_route=\/wp\/v2\/posts"}],"about":[{"href":"https:\/\/www.24baires.com\/index.php?rest_route=\/wp\/v2\/types\/post"}],"author":[{"embeddable":true,"href":"https:\/\/www.24baires.com\/index.php?rest_route=\/wp\/v2\/users\/4"}],"replies":[{"embeddable":true,"href":"https:\/\/www.24baires.com\/index.php?rest_route=%2Fwp%2Fv2%2Fcomments&post=7113"}],"version-history":[{"count":3,"href":"https:\/\/www.24baires.com\/index.php?rest_route=\/wp\/v2\/posts\/7113\/revisions"}],"predecessor-version":[{"id":7224,"href":"https:\/\/www.24baires.com\/index.php?rest_route=\/wp\/v2\/posts\/7113\/revisions\/7224"}],"wp:attachment":[{"href":"https:\/\/www.24baires.com\/index.php?rest_route=%2Fwp%2Fv2%2Fmedia&parent=7113"}],"wp:term":[{"taxonomy":"category","embeddable":true,"href":"https:\/\/www.24baires.com\/index.php?rest_route=%2Fwp%2Fv2%2Fcategories&post=7113"},{"taxonomy":"post_tag","embeddable":true,"href":"https:\/\/www.24baires.com\/index.php?rest_route=%2Fwp%2Fv2%2Ftags&post=7113"}],"curies":[{"name":"wp","href":"https:\/\/api.w.org\/{rel}","templated":true}]}}