{"id":7102,"date":"2012-11-28T13:35:10","date_gmt":"2012-11-28T16:35:10","guid":{"rendered":"http:\/\/www.24baires.com\/?p=7102"},"modified":"2012-11-28T13:35:10","modified_gmt":"2012-11-28T16:35:10","slug":"masa-critica-pedaleara-de-noche-en-el-oeste-del-conurbano","status":"publish","type":"post","link":"https:\/\/www.24baires.com\/?p=7102","title":{"rendered":"\u00abMasa cr\u00edtica\u00bb pedalear\u00e1 de noche en el oeste del conurbano"},"content":{"rendered":"<p><img data-recalc-dims=\"1\" loading=\"lazy\" decoding=\"async\" class=\"alignleft size-medium wp-image-7103\" title=\"masa cr\u00edtica del oeste\" src=\"https:\/\/i0.wp.com\/www.24baires.com\/wp-content\/uploads\/2012\/11\/masa-cr%C3%ADtica-del-oeste.jpg?resize=300%2C225\" alt=\"\" width=\"300\" height=\"225\" srcset=\"https:\/\/i0.wp.com\/www.24baires.com\/wp-content\/uploads\/2012\/11\/masa-cr%C3%ADtica-del-oeste.jpg?resize=300%2C225&amp;ssl=1 300w, https:\/\/i0.wp.com\/www.24baires.com\/wp-content\/uploads\/2012\/11\/masa-cr%C3%ADtica-del-oeste.jpg?w=560&amp;ssl=1 560w\" sizes=\"auto, (max-width: 300px) 100vw, 300px\" \/>Cientos de bicicletas recorrer\u00e1n parte del partido de Mor\u00f3n bajo la luz de la luna. \u00abLa idea es promover la bici como transporte\u00bb, explicaron.<!--more--><\/p>\n<p>La rueda gira sobre el asfalto impulsada por una cadena que transmite la fuerza ejercida por el pedal. La bicicleta recorre los barrios y hasta se anima a ser multitudinaria, una masa en movimiento.<\/p>\n<p>La llamada Masa Cr\u00edtica, una aglomeraci\u00f3n de bicicletas y ciclistas recorriendo las ciudades, naci\u00f3 hace 20 a\u00f1os en los Estados Unidos y de a poco se contagi\u00f3 a otras partes del mundo. En Buenos Aires, desde hace a\u00f1os cada domingo de cada mes cientos de ciclistas parten desde el obelisco sin un destino concreto, con el \u00fanico fin de pedalear y hacerse ver en masa.<\/p>\n<p>De a poco, y con el auge en la utilizaci\u00f3n de la bici como medio de transporte, la masa cr\u00edtica se mud\u00f3 al oeste del Conurbano.<\/p>\n<p>Desde distintos puntos del oeste, cientos de bicis se re\u00fanen para pasear y hacerse o\u00edr como habitantes naturales de la calle, copada casi en su totalidad por autos y colectivos.<\/p>\n<p>Castelar fue el punto de encuentro de la \u00faltima masa, donde tambi\u00e9n se ide\u00f3 la posibilidad de pedalear de noche. La pr\u00f3xima masa cr\u00edtica ser\u00e1 a la luz de la luna y sin miedo a la inseguridad.<\/p>\n<p>\u201cLa idea es promover la bici como transporte. Para los que amamos la bici es una opci\u00f3n, no lo que queda para viajar, sino que la elegimos antes que al auto o al tren\u201d, explic\u00f3 Maitena S\u00e1nchez Cattaneo quien se autodenomin\u00f3 \u201cbicicletera y no ciclista\u201d.<\/p>\n<p>\u201cQueremos concientizar que darle lugar a la bicicleta no es hacer una bicisenda, sino cambiar la idea de la bicicleta como transporte. Bicicletas en calles, rutas y autopistas. La bici en la ciudad es m\u00e1s barata, m\u00e1s r\u00e1pida y ecol\u00f3gica. Adem\u00e1s es saludable, te permite estar en estado f\u00edsico y salir del sedentarismo\u201d, apunt\u00f3 Maitena.<\/p>\n<p>La Masa Critica porte\u00f1a ya es un cl\u00e1sico de los domingos. Cientos de bicicletas cortando el tr\u00e1nsito automovilistico, tranformandolo en tr\u00e1nsito de bicicletas. Desde hace unos meses en el oeste se repite el fen\u00f3meno. La novedad es que contrariando los \u00edndices delictivos de algunas zonas del conurbano, pedalearan de noche y por todos lados.<\/p>\n<p>El punto de partida ser\u00e1 la plaza Cumelen en Castelar, a no m\u00e1s de tres cuadras de la estaci\u00f3n y desde all\u00ed viajaran por los barrios del oeste. \u201cEs medio an\u00e1rquico, hay un recorrido, planeamos un poco el mapa, pero es muy abierto. Si pinta cambiarlo, vamos para otro lado. Nos juntamos 10 y media, armamos un recorrido, andamos y pensamos despu\u00e9s caer en alg\u00fan lugar como para compartir una cena, comer y tomar algo; compartir un momento de encuentro\u201d detall\u00f3 la organizadora quien afirm\u00f3 no tener miedo de sufrir alg\u00fan robo o inconveniente por pedalear de noche, \u201cal que le gusta andar en bicicleta, anda solo por todo el barrio. Pero hay lugares raros en los que no te metes, pero en grupo te animas. Sabes que siendo 20 personas no pasa nada, favorece a sentirse mas seguro. La verdad es que estar con 20 personas m\u00e1s, se siente acompa\u00f1ado\u201d.<\/p>\n<p>En los \u00faltimos a\u00f1os las grandes ciudades del mundo le han dado un espacio esencial a la bicicleta como medio de transporte saludable, adem\u00e1s de su uso para pasear y divertirse. La ciudad de Buenos Aires implement\u00f3 las bicisendas, pero otras capitales llegaron a dividir las calles en partes iguales entre autos y ciclistas. En el Conurbano es com\u00fan encontrar bicicletas atadas a postes o carteles comerciales, pero restan aun guarder\u00edas y lugares espec\u00edficos para estacionar bicis y para circular de manera segura.<\/p>\n<p>La Masa Cr\u00edtica del oeste, y los ciclistas que se re\u00fanen de manera aut\u00f3noma o se convocan a trav\u00e9s de las redes sociales, responden al lema \u201cUn auto menos\u201d, que resume la idea de la bicicleta como medio de transporte. \u201cEl concepto permite por lo menos plantearnos una alternativa distinta para trasladarnos de un lugar a otro y ofrece la posibilidad de elegir a la bicicleta como un medio de transporte econ\u00f3mico, saludable, que no contamina el ambiente, es m\u00e1s r\u00e1pido y encima te da libertad para optimizar tu tiempo. Hoy en d\u00eda hay una revalorizaci\u00f3n del uso de la bicicleta como elecci\u00f3n, elegir la bici para transportarte. Pero las ciudades no est\u00e1n dise\u00f1adas y tampoco tienen conciencia los automovilistas y colectiveros. Hoy en d\u00eda, hay un crecimiento evidente de los autos. Pero hay muchas personas que la bici, la que tambi\u00e9n, de a poco se usa cada vez m\u00e1s para viajar, a nivel mundial y regional. En Am\u00e9rica Latina hay un boom de idear pol\u00edticas de sustentabilidad que tienen como protagonista a la bicicleta\u201d, finaliz\u00f3 Maitena.<\/p>\n<p>La pr\u00f3xima Masa Critica del Oeste ser\u00e1 nocturna y se realizar\u00e1 el viernes 30 de noviembre a las 22 horas partiendo desde la Plaza Cumelen, Los Incas y Rodriguez Pe\u00f1a, Castelar.<\/p>\n","protected":false},"excerpt":{"rendered":"<p>Cientos de bicicletas recorrer\u00e1n parte del partido de Mor\u00f3n bajo la luz de la luna. \u00abLa idea es promover la bici como transporte\u00bb, explicaron.<\/p>\n","protected":false},"author":4,"featured_media":0,"comment_status":"open","ping_status":"open","sticky":false,"template":"","format":"standard","meta":{"_jetpack_newsletter_access":"","_jetpack_dont_email_post_to_subs":false,"_jetpack_newsletter_tier_id":0,"_jetpack_memberships_contains_paywalled_content":false,"_jetpack_memberships_contains_paid_content":false,"footnotes":""},"categories":[1],"tags":[],"class_list":["post-7102","post","type-post","status-publish","format-standard","hentry","category-sociedad"],"jetpack_featured_media_url":"","jetpack_shortlink":"https:\/\/wp.me\/p2JWE0-1Qy","jetpack-related-posts":[{"id":35815,"url":"https:\/\/www.24baires.com\/?p=35815","url_meta":{"origin":7102,"position":0},"title":"Organizan bicicleteada nocturna en repudio al paso Autopista Presidente Per\u00f3n","author":"AF","date":"27\/11\/2013","format":false,"excerpt":"Lo organiza el grupo de cicloturismo \u201cSe nos sali\u00f3 la cadena\u201d de City Bell y Villa Elisa. Ser\u00e1 un abrazo simb\u00f3lico, y el punto de encuentro ser\u00e1 la estaci\u00f3n de servicio Shell de Camino Centenario y 403, a las 19 horas del domingo 1\u00ba de diciembre. El grupo de cicloturismo\u2026","rel":"","context":"En \u00abLocales\u00bb","block_context":{"text":"Locales","link":"https:\/\/www.24baires.com\/?cat=38"},"img":{"alt_text":"","src":"","width":0,"height":0},"classes":[]},{"id":46675,"url":"https:\/\/www.24baires.com\/?p=46675","url_meta":{"origin":7102,"position":1},"title":"\u00bfCargar el celular pedaleando? Ahora es posible","author":"Grupo Sierra","date":"24\/05\/2014","format":false,"excerpt":"Una ingeniosa iniciativa funciona en el aerpuerto de \u00c1msterdam en donde los pasajeros pueden generar la energ\u00eda el\u00e9ctrica que necesitan. Las bater\u00edas suelen durar muy poco en los smartphones, sobre todo por la cantidad de utilidades y aplicaciones que tienen lo que le hace consumir mucha energ\u00eda. Por eso, en\u2026","rel":"","context":"En \u00abTecnolog\u00eda\u00bb","block_context":{"text":"Tecnolog\u00eda","link":"https:\/\/www.24baires.com\/?cat=46"},"img":{"alt_text":"carga bater\u00eda bicicleta pedal \u00e1msterdam","src":"https:\/\/i0.wp.com\/www.24baires.com\/wp-content\/uploads\/2014\/05\/carga-bater%C3%ADa-bicicleta-pedal-%C3%A1msterdam.jpg?resize=350%2C200","width":350,"height":200,"srcset":"https:\/\/i0.wp.com\/www.24baires.com\/wp-content\/uploads\/2014\/05\/carga-bater%C3%ADa-bicicleta-pedal-%C3%A1msterdam.jpg?resize=350%2C200 1x, https:\/\/i0.wp.com\/www.24baires.com\/wp-content\/uploads\/2014\/05\/carga-bater%C3%ADa-bicicleta-pedal-%C3%A1msterdam.jpg?resize=525%2C300 1.5x"},"classes":[]},{"id":14878,"url":"https:\/\/www.24baires.com\/?p=14878","url_meta":{"origin":7102,"position":2},"title":"El lujanense Cristian Clavero l\u00edder de la Doble Bragado 2013","author":"Grupo Sierra","date":"06\/02\/2013","format":false,"excerpt":"En la tercera etapa desarrollada en el tradicional circuito de las \"Cuatro Avenidas\" de Pergamino, el ciclista del equipo de Tres de Febrero Cristian Clavero obtuvo una nueva victoria y permanece arriba en la general; lo siguieron su compa\u00f1ero Antogna y el Casco Naranja Angelo Ciccone. La fase se desarroll\u00f3\u2026","rel":"","context":"En \u00abDeportes\u00bb","block_context":{"text":"Deportes","link":"https:\/\/www.24baires.com\/?cat=12"},"img":{"alt_text":"DOBLE BRAGADO PODIO","src":"https:\/\/i0.wp.com\/www.24baires.com\/wp-content\/uploads\/2013\/02\/DOBLE-BRAGADO-PODIO.jpg?resize=350%2C200","width":350,"height":200,"srcset":"https:\/\/i0.wp.com\/www.24baires.com\/wp-content\/uploads\/2013\/02\/DOBLE-BRAGADO-PODIO.jpg?resize=350%2C200 1x, https:\/\/i0.wp.com\/www.24baires.com\/wp-content\/uploads\/2013\/02\/DOBLE-BRAGADO-PODIO.jpg?resize=525%2C300 1.5x"},"classes":[]},{"id":53639,"url":"https:\/\/www.24baires.com\/?p=53639","url_meta":{"origin":7102,"position":3},"title":"Emergencia vial: en Jun\u00edn le dar\u00e1n prioridad a las bicicletas","author":"Grupo Sierra","date":"14\/09\/2014","format":false,"excerpt":"Un proyecto propone la creaci\u00f3n y delimitaci\u00f3n de ciclov\u00edas para conectar puntos estrat\u00e9gicos como las escuelas, centros de salud, dependencias p\u00fablicas y espacios verdes. La emergencia vial en Jun\u00edn, aprobada por todos los bloques en el Honorable Concejo Deliberante (HCD), ya comienza a sumar nuevas propuestas para ayudar a reordenar\u2026","rel":"","context":"En \u00abLocales\u00bb","block_context":{"text":"Locales","link":"https:\/\/www.24baires.com\/?cat=38"},"img":{"alt_text":"bici","src":"https:\/\/i0.wp.com\/www.24baires.com\/wp-content\/uploads\/2014\/09\/bici.jpg?resize=350%2C200","width":350,"height":200,"srcset":"https:\/\/i0.wp.com\/www.24baires.com\/wp-content\/uploads\/2014\/09\/bici.jpg?resize=350%2C200 1x, https:\/\/i0.wp.com\/www.24baires.com\/wp-content\/uploads\/2014\/09\/bici.jpg?resize=525%2C300 1.5x"},"classes":[]},{"id":63519,"url":"https:\/\/www.24baires.com\/?p=63519","url_meta":{"origin":7102,"position":4},"title":"Un automovilista alcoholizado atropell\u00f3 y mat\u00f3 a un ciclista en Moreno","author":"AF","date":"24\/03\/2015","format":false,"excerpt":"El conductor qued\u00f3 detenido y, seg\u00fan informaron fuentes de la pesquisa, el acusado hab\u00eda tenido penalidades meses atr\u00e1s por conducir en estado de ebriedad. Fuentes policiales informaron que el episodio sucedi\u00f3 pasadas las 8 del domingo \u00faltimo, cuando Edgardo Arrigo se trasladaba en bicicleta por la autopista del Oeste, en\u2026","rel":"","context":"En \u00abLocales\u00bb","block_context":{"text":"Locales","link":"https:\/\/www.24baires.com\/?cat=38"},"img":{"alt_text":"","src":"","width":0,"height":0},"classes":[]},{"id":22422,"url":"https:\/\/www.24baires.com\/?p=22422","url_meta":{"origin":7102,"position":5},"title":"En su declaraci\u00f3n Pablo Garc\u00eda culp\u00f3 al vigilador \u00abpor circular en bicicleta\u00bb","author":"AF","date":"02\/05\/2013","format":false,"excerpt":"El abogado de la familia del ciclista atropellado cont\u00f3 que en su declaraci\u00f3n el acusado dijo que \"perdi\u00f3 la memoria\" y que \"entr\u00f3 en estado de shock\", luego del accidente. Alberto Dom\u00ednguez, el abogado de la familia de Reinaldo Rodas, el ciclista atropellado por Pablo Garc\u00eda, cont\u00f3 que en su\u2026","rel":"","context":"En \u00abSociedad\u00bb","block_context":{"text":"Sociedad","link":"https:\/\/www.24baires.com\/?cat=1"},"img":{"alt_text":"","src":"","width":0,"height":0},"classes":[]}],"jetpack_sharing_enabled":true,"jetpack_likes_enabled":true,"_links":{"self":[{"href":"https:\/\/www.24baires.com\/index.php?rest_route=\/wp\/v2\/posts\/7102","targetHints":{"allow":["GET"]}}],"collection":[{"href":"https:\/\/www.24baires.com\/index.php?rest_route=\/wp\/v2\/posts"}],"about":[{"href":"https:\/\/www.24baires.com\/index.php?rest_route=\/wp\/v2\/types\/post"}],"author":[{"embeddable":true,"href":"https:\/\/www.24baires.com\/index.php?rest_route=\/wp\/v2\/users\/4"}],"replies":[{"embeddable":true,"href":"https:\/\/www.24baires.com\/index.php?rest_route=%2Fwp%2Fv2%2Fcomments&post=7102"}],"version-history":[{"count":3,"href":"https:\/\/www.24baires.com\/index.php?rest_route=\/wp\/v2\/posts\/7102\/revisions"}],"predecessor-version":[{"id":7106,"href":"https:\/\/www.24baires.com\/index.php?rest_route=\/wp\/v2\/posts\/7102\/revisions\/7106"}],"wp:attachment":[{"href":"https:\/\/www.24baires.com\/index.php?rest_route=%2Fwp%2Fv2%2Fmedia&parent=7102"}],"wp:term":[{"taxonomy":"category","embeddable":true,"href":"https:\/\/www.24baires.com\/index.php?rest_route=%2Fwp%2Fv2%2Fcategories&post=7102"},{"taxonomy":"post_tag","embeddable":true,"href":"https:\/\/www.24baires.com\/index.php?rest_route=%2Fwp%2Fv2%2Ftags&post=7102"}],"curies":[{"name":"wp","href":"https:\/\/api.w.org\/{rel}","templated":true}]}}