{"id":7099,"date":"2012-11-28T09:30:11","date_gmt":"2012-11-28T12:30:11","guid":{"rendered":"http:\/\/www.24baires.com\/?p=7099"},"modified":"2012-11-28T13:19:08","modified_gmt":"2012-11-28T16:19:08","slug":"comenzo-en-pinamar-la-semana-de-la-republica-checa","status":"publish","type":"post","link":"https:\/\/www.24baires.com\/?p=7099","title":{"rendered":"Comenz\u00f3 en Pinamar la Semana de la Rep\u00fablica Checa"},"content":{"rendered":"<p>Hasta el martes pr\u00f3ximo tiene lugar en Pinamar la Semana de la Rep\u00fablica Checa organizada por la Secretar\u00eda de Turismo, Cultura y Educaci\u00f3n de la comuna y la Embajada de Checoslovaquia en la Argentina. Se proyectar\u00e1nn pel\u00edculas y hay muestras de dibujos y fotograf\u00edas.<!--more--><\/p>\n<p>El titular de la mencionada Secretar\u00eda, Alfredo Baldini, explic\u00f3 que en Pinamar se realiza la semana de varios pa\u00edses para poder expresar su arte, cultura y costumbres. Indic\u00f3 que las actividades \u201cse desarrollan en la biblioteca popular Belgrano\u201d. Dentro de las actividades se proyectar\u00e1 una pel\u00edcula sobre el holocausto y hay una muestra de fotograf\u00edas y dibujos. El funcionario destac\u00f3 la presencia del embajador checo en la Argentina.<\/p>\n","protected":false},"excerpt":{"rendered":"<p>Hasta el martes pr\u00f3ximo tiene lugar en Pinamar la Semana de la Rep\u00fablica Checa organizada por la Secretar\u00eda de Turismo, Cultura y Educaci\u00f3n de la comuna y la Embajada de Checoslovaquia en la Argentina. Se proyectar\u00e1nn pel\u00edculas y hay muestras de dibujos y fotograf\u00edas.<\/p>\n","protected":false},"author":4,"featured_media":0,"comment_status":"open","ping_status":"open","sticky":false,"template":"","format":"standard","meta":{"_jetpack_newsletter_access":"","_jetpack_dont_email_post_to_subs":false,"_jetpack_newsletter_tier_id":0,"_jetpack_memberships_contains_paywalled_content":false,"_jetpack_memberships_contains_paid_content":false,"footnotes":""},"categories":[38],"tags":[],"class_list":["post-7099","post","type-post","status-publish","format-standard","hentry","category-locales"],"jetpack_featured_media_url":"","jetpack_shortlink":"https:\/\/wp.me\/p2JWE0-1Qv","jetpack-related-posts":[{"id":119559,"url":"https:\/\/www.24baires.com\/?p=119559","url_meta":{"origin":7099,"position":0},"title":"El fin de semana largo registr\u00f3 un 80% de ocupaci\u00f3n hotelera en la Provincia","author":"GB","date":"18\/11\/2022","format":false,"excerpt":"El aumento de la temperatura comienza a movilizar el turismo costero de la Provincia por lo que, este fin de semana largo, las reservas para hospedajes dispararon. Con el comienzo del calor veraniego en la Provincia de Buenos Aires, este fin de semana se registr\u00f3 un nivel de reservas de\u2026","rel":"","context":"En \u00abProvincia\u00bb","block_context":{"text":"Provincia","link":"https:\/\/www.24baires.com\/?cat=40"},"img":{"alt_text":"","src":"https:\/\/i0.wp.com\/www.24baires.com\/wp-content\/uploads\/2020\/05\/mar-del-plata.jpg?resize=350%2C200","width":350,"height":200,"srcset":"https:\/\/i0.wp.com\/www.24baires.com\/wp-content\/uploads\/2020\/05\/mar-del-plata.jpg?resize=350%2C200 1x, https:\/\/i0.wp.com\/www.24baires.com\/wp-content\/uploads\/2020\/05\/mar-del-plata.jpg?resize=525%2C300 1.5x, https:\/\/i0.wp.com\/www.24baires.com\/wp-content\/uploads\/2020\/05\/mar-del-plata.jpg?resize=700%2C400 2x"},"classes":[]},{"id":100361,"url":"https:\/\/www.24baires.com\/?p=100361","url_meta":{"origin":7099,"position":1},"title":"En Villa Gesell admiten falta de m\u00e9dicos","author":"GB","date":"05\/02\/2018","format":false,"excerpt":"El secretario de Salud describi\u00f3 un complejo panorama de la sanidad local. Adelant\u00f3 que van a buscar un tom\u00f3grafo propio pare evitar el traslado de pacientes. A diferencia de lo que suele suceder la mayor\u00eda de las veces, desde Villa Gesell no salieron a desmentir que el municipio transita por\u2026","rel":"","context":"En \u00abMunicipios\u00bb","block_context":{"text":"Municipios","link":"https:\/\/www.24baires.com\/?cat=44"},"img":{"alt_text":"","src":"https:\/\/i0.wp.com\/www.24baires.com\/wp-content\/uploads\/2018\/02\/hospital-villa-gesell.jpg?resize=350%2C200","width":350,"height":200,"srcset":"https:\/\/i0.wp.com\/www.24baires.com\/wp-content\/uploads\/2018\/02\/hospital-villa-gesell.jpg?resize=350%2C200 1x, https:\/\/i0.wp.com\/www.24baires.com\/wp-content\/uploads\/2018\/02\/hospital-villa-gesell.jpg?resize=525%2C300 1.5x"},"classes":[]},{"id":120635,"url":"https:\/\/www.24baires.com\/?p=120635","url_meta":{"origin":7099,"position":2},"title":"Pinamar: Juan Ibarguren festej\u00f3 el triunfo","author":"GB","date":"09\/11\/2023","format":false,"excerpt":"Tras un escrutinio definitivo pr\u00e1cticamente empatado, el dirigente de Juntos por el Cambio ser\u00e1 el pr\u00f3ximo intendente de Pinamar. La Junta Electoral dio por terminado el escrutinio definitivo de Pinamar y confirm\u00f3 al pr\u00f3ximo intendente del distrito costero. Se trata de Juan Ibarguren, actual secretario de Turismo y Desarrollo Econ\u00f3mico\u2026","rel":"","context":"En \u00abMunicipios\u00bb","block_context":{"text":"Municipios","link":"https:\/\/www.24baires.com\/?cat=44"},"img":{"alt_text":"","src":"https:\/\/i0.wp.com\/www.24baires.com\/wp-content\/uploads\/2023\/11\/ibarguen.webp?resize=350%2C200","width":350,"height":200,"srcset":"https:\/\/i0.wp.com\/www.24baires.com\/wp-content\/uploads\/2023\/11\/ibarguen.webp?resize=350%2C200 1x, https:\/\/i0.wp.com\/www.24baires.com\/wp-content\/uploads\/2023\/11\/ibarguen.webp?resize=525%2C300 1.5x, https:\/\/i0.wp.com\/www.24baires.com\/wp-content\/uploads\/2023\/11\/ibarguen.webp?resize=700%2C400 2x"},"classes":[]},{"id":117047,"url":"https:\/\/www.24baires.com\/?p=117047","url_meta":{"origin":7099,"position":3},"title":"Pinamar: proh\u00edben el consumo de alcohol en la playa","author":"AF","date":"20\/01\/2021","format":false,"excerpt":"El decreto del intendente de Pinamar, Mart\u00edn Yeza, alcanza tambi\u00e9n al uso de parlantes en espacios p\u00fablicos como la playa o plazas de la ciudad tur\u00edstica. El intendente de Pinamar, Mart\u00edn Yeza, firm\u00f3 este mi\u00e9rcoles un decreto \"de efectivo y autom\u00e1tico cumplimiento\" para prohibir el uso de parlantes y el\u2026","rel":"","context":"En \u00abLocales\u00bb","block_context":{"text":"Locales","link":"https:\/\/www.24baires.com\/?cat=38"},"img":{"alt_text":"","src":"https:\/\/i0.wp.com\/www.24baires.com\/wp-content\/uploads\/2020\/02\/playa.jpg?resize=350%2C200","width":350,"height":200,"srcset":"https:\/\/i0.wp.com\/www.24baires.com\/wp-content\/uploads\/2020\/02\/playa.jpg?resize=350%2C200 1x, https:\/\/i0.wp.com\/www.24baires.com\/wp-content\/uploads\/2020\/02\/playa.jpg?resize=525%2C300 1.5x"},"classes":[]},{"id":116902,"url":"https:\/\/www.24baires.com\/?p=116902","url_meta":{"origin":7099,"position":4},"title":"Pinamar: plantean una nueva nocturnidad para el verano","author":"GB","date":"17\/12\/2020","format":false,"excerpt":"En relaci\u00f3n a la actividad nocturna de cara a la temporada de verano que est\u00e1 comenzando, Alberto Lamarque, secretario de Gobierno de Pinamar, explic\u00f3 detalles de las medidas que se estar\u00e1n aplicando: \"Todos sabemos que se trata de una temporada totalmente at\u00edpica y, en ese sentido, tenemos que generar una\u2026","rel":"","context":"En \u00abMunicipios\u00bb","block_context":{"text":"Municipios","link":"https:\/\/www.24baires.com\/?cat=44"},"img":{"alt_text":"","src":"https:\/\/i0.wp.com\/www.24baires.com\/wp-content\/uploads\/2012\/11\/boliche.jpg?resize=350%2C200","width":350,"height":200,"srcset":"https:\/\/i0.wp.com\/www.24baires.com\/wp-content\/uploads\/2012\/11\/boliche.jpg?resize=350%2C200 1x, https:\/\/i0.wp.com\/www.24baires.com\/wp-content\/uploads\/2012\/11\/boliche.jpg?resize=525%2C300 1.5x"},"classes":[]},{"id":102532,"url":"https:\/\/www.24baires.com\/?p=102532","url_meta":{"origin":7099,"position":5},"title":"Ratifican la denuncia penal contra el intendente de Pinamar por el desv\u00edo de 12 millones de pesos","author":"GB","date":"05\/06\/2018","format":false,"excerpt":"El intendente Mart\u00edn Yeza est\u00e1 cada vez mas complicado por el presunto desv\u00edo de m\u00e1s de $ 12 millones de pesos destinados a una obra p\u00fablica en Pinamar. Hoy se conoci\u00f3 la ratificaci\u00f3n del diputado nacional Rodolfo Tailhade y el concejal de Pinamar Gregorio Estanga. El diputado nacional Rodolfo Tailhade\u2026","rel":"","context":"En \u00abMunicipios\u00bb","block_context":{"text":"Municipios","link":"https:\/\/www.24baires.com\/?cat=44"},"img":{"alt_text":"","src":"https:\/\/i0.wp.com\/www.24baires.com\/wp-content\/uploads\/2018\/06\/pinamar.jpg?resize=350%2C200","width":350,"height":200,"srcset":"https:\/\/i0.wp.com\/www.24baires.com\/wp-content\/uploads\/2018\/06\/pinamar.jpg?resize=350%2C200 1x, https:\/\/i0.wp.com\/www.24baires.com\/wp-content\/uploads\/2018\/06\/pinamar.jpg?resize=525%2C300 1.5x"},"classes":[]}],"jetpack_sharing_enabled":true,"jetpack_likes_enabled":true,"_links":{"self":[{"href":"https:\/\/www.24baires.com\/index.php?rest_route=\/wp\/v2\/posts\/7099","targetHints":{"allow":["GET"]}}],"collection":[{"href":"https:\/\/www.24baires.com\/index.php?rest_route=\/wp\/v2\/posts"}],"about":[{"href":"https:\/\/www.24baires.com\/index.php?rest_route=\/wp\/v2\/types\/post"}],"author":[{"embeddable":true,"href":"https:\/\/www.24baires.com\/index.php?rest_route=\/wp\/v2\/users\/4"}],"replies":[{"embeddable":true,"href":"https:\/\/www.24baires.com\/index.php?rest_route=%2Fwp%2Fv2%2Fcomments&post=7099"}],"version-history":[{"count":1,"href":"https:\/\/www.24baires.com\/index.php?rest_route=\/wp\/v2\/posts\/7099\/revisions"}],"predecessor-version":[{"id":7100,"href":"https:\/\/www.24baires.com\/index.php?rest_route=\/wp\/v2\/posts\/7099\/revisions\/7100"}],"wp:attachment":[{"href":"https:\/\/www.24baires.com\/index.php?rest_route=%2Fwp%2Fv2%2Fmedia&parent=7099"}],"wp:term":[{"taxonomy":"category","embeddable":true,"href":"https:\/\/www.24baires.com\/index.php?rest_route=%2Fwp%2Fv2%2Fcategories&post=7099"},{"taxonomy":"post_tag","embeddable":true,"href":"https:\/\/www.24baires.com\/index.php?rest_route=%2Fwp%2Fv2%2Ftags&post=7099"}],"curies":[{"name":"wp","href":"https:\/\/api.w.org\/{rel}","templated":true}]}}