{"id":70970,"date":"2015-08-21T20:20:20","date_gmt":"2015-08-21T23:20:20","guid":{"rendered":"http:\/\/www.24baires.com\/?p=70970"},"modified":"2015-08-21T20:16:28","modified_gmt":"2015-08-21T23:16:28","slug":"sector-externo-el-desafio-del-proximo-gobierno","status":"publish","type":"post","link":"https:\/\/www.24baires.com\/?p=70970","title":{"rendered":"Sector externo, el desaf\u00edo del pr\u00f3ximo gobierno"},"content":{"rendered":"<p><img data-recalc-dims=\"1\" loading=\"lazy\" decoding=\"async\" class=\"aligncenter wp-image-70971\" src=\"https:\/\/i0.wp.com\/www.24baires.com\/wp-content\/uploads\/2015\/08\/puerto-bs-as-1.jpg?resize=560%2C328\" alt=\"puerto bs as 1\" width=\"560\" height=\"328\" srcset=\"https:\/\/i0.wp.com\/www.24baires.com\/wp-content\/uploads\/2015\/08\/puerto-bs-as-1.jpg?w=466&amp;ssl=1 466w, https:\/\/i0.wp.com\/www.24baires.com\/wp-content\/uploads\/2015\/08\/puerto-bs-as-1.jpg?resize=300%2C176&amp;ssl=1 300w\" sizes=\"auto, (max-width: 560px) 100vw, 560px\" \/>Si tuvi\u00e9ramos que distinguir en la agenda del gobierno que viene el mayor punto de conflicto nos encontramos sin duda con el sector externo. El sector externo, en econom\u00eda, comprende aquellas actividades y estrategias que plantea el estado en relaci\u00f3n a sus pares en el extranjero, as\u00ed como tambi\u00e9n todo lo concerniente a mantener un intercambio equilibrado productivo, financiero y comercial con los distintos agentes econ\u00f3micos no residentes en el pa\u00eds.<!--more--><\/p>\n<p>Este sector ha tenido desempe\u00f1os dis\u00edmiles desde el 2003 a la fecha. En un primer momento, las exportaciones han crecido a un nivel poco antes visto en la historia argentina, acompa\u00f1ando (o incluso superando) al crecimiento anual del Producto Bruto Interno, que en promedio roz\u00f3 el 8%. Este crecimiento comenz\u00f3 a mostrar ciertas dificultades a partir del a\u00f1o 2008. El principal factor que explica este fen\u00f3meno tuvo que ver con la crisis mundial que, si bien comenz\u00f3 en ese a\u00f1o, a\u00fan no parece tener fin e incluso parece profundizarse. Las crisis mundiales, o, mejor dicho, las recesiones, producen una disminuci\u00f3n del ingreso de los pa\u00edses. Esta disminuci\u00f3n del ingreso produce una merma en su capacidad de importar. Y las importaciones de los pa\u00edses desarrollados son, en gran parte, las exportaciones de los pa\u00edses subdesarrollados. En este sentido, la Argentina no fue la excepci\u00f3n y le toc\u00f3 sufrir consecuencias en su intercambio comercial.<br \/>\nA su vez, la merma en la demanda produce una ca\u00edda en los precios. Este efecto hace que las crisis mundiales nos perjudiquen por dos v\u00edas: en primer lugar por la ca\u00edda en s\u00ed de la demanda y en segundo lugar por la disminuci\u00f3n de los precios de las commodities. Las commodities son las materias primas que tienen cotizaci\u00f3n en el mercado internacional. Se dice que los pa\u00edses exportadores de materias primas pero en v\u00edas de desarrollo son \u201cPrice-takers\u201d, es decir, por ejemplo, la Argentina no tiene injerencia directa en el precio de la soja, sin embargo, Estados Unidos s\u00ed (\u00abPrice-maker\u201d).<br \/>\nEn los \u00faltimos dos a\u00f1os, a la crisis mundial hay que sumarle la profunda crisis brasilera (nuestro principal socio econ\u00f3mico) y la devaluaci\u00f3n china. La devaluaci\u00f3n es la p\u00e9rdida de valor de una moneda con respecto a otra. En este sentido, el real y el yuan han perdido valor con respecto al d\u00f3lar. El peso, por decisi\u00f3n del Banco Central, se ha mantenido relativamente estable (por lo menos mucho m\u00e1s estable que antes de la devaluaci\u00f3n de enero de 2014), lo que nos lleva a una p\u00e9rdida de competitividad con respecto a Brasil y a China. \u00bfPor qu\u00e9? Es simple: si fabricar un producto en Brasil sal\u00eda 227 reales hace un a\u00f1o (100 d\u00f3lares) y en Argentina sal\u00eda 842 pesos (100 d\u00f3lares), hoy, suponiendo que no hubo inflaci\u00f3n en ninguno de los dos pa\u00edses (es decir que producir ese bien sale lo mismo en su moneda) y ponderando por la devaluaci\u00f3n de cada pa\u00eds, el bien fabricado en Brasil cuesta 64,85 d\u00f3lares y el bien fabricado en Argentina cuesta 91,02 d\u00f3lares, lo que lo hace mucho menos atractivo al mercado mundial. Si bien es cierto que la competitividad est\u00e1 definida en gran proporci\u00f3n por el tipo de cambio, existen otros factores que pueden ayudar a reducir los costos en d\u00f3lares como por ejemplo subsidios a la energ\u00eda el\u00e9ctrica, al combustible, facilidades de pago, entre otros.<br \/>\nNunca en los 12 a\u00f1os de gobierno kirchnerista hubo d\u00e9ficit comercial, sin embargo en los \u00faltimos meses, exportaciones e importaciones vienen en ca\u00edda libre por igual, haciendo que el super\u00e1vit comercial sea de unos escasos millones de d\u00f3lares. Por esta raz\u00f3n, es complicada la \u201centrada de d\u00f3lares genuinos\u201d que supuestamente son los que ingresan por el excedente de la balanza comercial y deben ser repuestos con toma de cr\u00e9ditos en d\u00f3lares y fundamentalmente a trav\u00e9s de la licitaci\u00f3n de bonos en la misma moneda.<br \/>\nLa madre de todas las batallas en el frente externo es sin duda el pleito con los \u201cFondos Buitre\u201d. El conflicto parece inmerso en una espiral infinita de apelaciones, presentaciones, fallos y fuegos cruzados. La realidad es que, si bien el \u201cGriefault\u201d del a\u00f1o pasado no afect\u00f3 significativamente el financiamiento del pa\u00eds (el swap con China trajo casi U$S 10.000 millones de alivio a las arcas del BCRA), nunca es bien visto por el establishment mundial la \u201crebeld\u00eda\u201d. Aunque una cosa es clara: el fallo es impagable e ileg\u00edtimo, por razones harto conocidas y explicadas. El pr\u00f3ximo presidente deber\u00e1 tomar el conflicto con tranquilidad y no dejarse extorsionar por Paul Singer y su secuaz judicial Thomas Griesa, aunque los niveles de pagos de deuda en d\u00f3lares pendientes son altos, llegando casi a los U$S 70.000 millones para el a\u00f1o que viene.<br \/>\nEn definitiva, el pr\u00f3ximo equipo econ\u00f3mico (si es que cambia) debe ser prudente en relaci\u00f3n a nuestros principales socios econ\u00f3micos. Atenci\u00f3n: esto no significa que indefectiblemente haya que devaluar la moneda bruscamente, sino se puede, por ejemplo, establecer nuevas cadenas comerciales con pa\u00edses no desarrollados que sean potenciales demandantes de nuestros productos primarios o industrializados. Las cuestiones que se deben atender son aquellas que refieren a la golpeada industria (como se dijo antes, por ejemplo, con subsidios espec\u00edficos) pero tambi\u00e9n procurando conservar o elevar los salarios reales, lo cual no es f\u00e1cil. Por supuesto, se deben mantener los bajos niveles de desempleo que est\u00e1 arrojando el INDEC (6,6% en el segundo trimestre es el dato m\u00e1s bajo de la gesti\u00f3n actual) y se debe intentar generar un balance positivo de esta tormenta mundial que parece no tener fin.<\/p>\n","protected":false},"excerpt":{"rendered":"<p>Si tuvi\u00e9ramos que distinguir en la agenda del gobierno que viene el mayor punto de conflicto nos encontramos sin duda con el sector externo. El sector externo, en econom\u00eda, comprende aquellas actividades y estrategias que plantea el estado en relaci\u00f3n a sus pares en el extranjero, as\u00ed como tambi\u00e9n todo lo concerniente a mantener un intercambio equilibrado productivo, financiero y [&#8230;]<\/p>\n","protected":false},"author":8,"featured_media":0,"comment_status":"open","ping_status":"open","sticky":false,"template":"","format":"standard","meta":{"_jetpack_newsletter_access":"","_jetpack_dont_email_post_to_subs":false,"_jetpack_newsletter_tier_id":0,"_jetpack_memberships_contains_paywalled_content":false,"_jetpack_memberships_contains_paid_content":false,"footnotes":""},"categories":[64],"tags":[],"class_list":["post-70970","post","type-post","status-publish","format-standard","hentry","category-opinion"],"jetpack_featured_media_url":"","jetpack_shortlink":"https:\/\/wp.me\/p2JWE0-isG","jetpack-related-posts":[{"id":103014,"url":"https:\/\/www.24baires.com\/?p=103014","url_meta":{"origin":70970,"position":0},"title":"El Gobierno reconoci\u00f3 que se vienen \u00abmeses\u00bb de recesi\u00f3n econ\u00f3mica","author":"GB","date":"27\/06\/2018","format":false,"excerpt":"El d\u00edas despu\u00e9s del masivo paro general encabezado por la CGT, el Gobierno reiter\u00f3 que no habr\u00e1 convocatoria a la c\u00fapula cegetista y s\u00ed debates \"sector por sector\" en la discusi\u00f3n paritaria. La preocupaci\u00f3n, hoy por hoy, pasa por la econom\u00eda, aunque el mismo jefe de gabinete Marcos Pe\u00f1a, reconoci\u00f3\u2026","rel":"","context":"En \u00abEconom\u00eda\u00bb","block_context":{"text":"Econom\u00eda","link":"https:\/\/www.24baires.com\/?cat=45"},"img":{"alt_text":"","src":"https:\/\/i0.wp.com\/www.24baires.com\/wp-content\/uploads\/2018\/05\/pe%C3%B1a.jpg?resize=350%2C200","width":350,"height":200,"srcset":"https:\/\/i0.wp.com\/www.24baires.com\/wp-content\/uploads\/2018\/05\/pe%C3%B1a.jpg?resize=350%2C200 1x, https:\/\/i0.wp.com\/www.24baires.com\/wp-content\/uploads\/2018\/05\/pe%C3%B1a.jpg?resize=525%2C300 1.5x"},"classes":[]},{"id":102076,"url":"https:\/\/www.24baires.com\/?p=102076","url_meta":{"origin":70970,"position":1},"title":"\u00abEstos no son problemas heredados, esta es una decisi\u00f3n pol\u00edtica del gobierno\u00bb","author":"AF","date":"10\/05\/2018","format":false,"excerpt":"As\u00ed lo sostuvo Mercedes Marc\u00f3 del Pont, ex presidenta del Banco Central, quien asegur\u00f3 que \"esta situaci\u00f3n termina en una crisis del sector externo\". \"Esta politica econ\u00f3mica es una trampa\", dijo Mercedes Marc\u00f3 del Pont, ex presidenta del Banco Central, en Maldita Suerte de FM La Patriada, y consider\u00f3 que\u2026","rel":"","context":"En \u00abEconom\u00eda\u00bb","block_context":{"text":"Econom\u00eda","link":"https:\/\/www.24baires.com\/?cat=45"},"img":{"alt_text":"","src":"https:\/\/i0.wp.com\/www.24baires.com\/wp-content\/uploads\/2013\/03\/marco-del-pont.jpg?resize=350%2C200","width":350,"height":200},"classes":[]},{"id":97914,"url":"https:\/\/www.24baires.com\/?p=97914","url_meta":{"origin":70970,"position":2},"title":"La deuda tomada por el Gobierno equivale al 10 por ciento del PBI","author":"GB","date":"06\/10\/2017","format":false,"excerpt":"El Tesoro Nacional se endeud\u00f3 en m\u00e1s de 24 mil millones de d\u00f3lares este a\u00f1o. Un estudio de la UMET advierte sobre las consecuencias de compensar el d\u00e9ficit fiscal y comercial con m\u00e1s deuda: \"El estado la est\u00e1 usando para financiar el desajuste comercial y la fuga de capitales\u201d. El\u2026","rel":"","context":"En \u00abEconom\u00eda\u00bb","block_context":{"text":"Econom\u00eda","link":"https:\/\/www.24baires.com\/?cat=45"},"img":{"alt_text":"","src":"https:\/\/i0.wp.com\/www.24baires.com\/wp-content\/uploads\/2017\/06\/macri-rosario.jpg?resize=350%2C200","width":350,"height":200,"srcset":"https:\/\/i0.wp.com\/www.24baires.com\/wp-content\/uploads\/2017\/06\/macri-rosario.jpg?resize=350%2C200 1x, https:\/\/i0.wp.com\/www.24baires.com\/wp-content\/uploads\/2017\/06\/macri-rosario.jpg?resize=525%2C300 1.5x"},"classes":[]},{"id":119682,"url":"https:\/\/www.24baires.com\/?p=119682","url_meta":{"origin":70970,"position":3},"title":"Los objetivos del Banco Central para 2023","author":"AF","date":"31\/12\/2022","format":false,"excerpt":"El informe de fin de a\u00f1o del Banco Central realiza una evaluaci\u00f3n del 2022 y analiza cu\u00e1les considera que ser\u00e1n las principales tendencias de la inflaci\u00f3n, actividad, d\u00f3lar y tasa de inter\u00e9s para el a\u00f1o que se inicia, adem\u00e1s de metas espec\u00edficas para la entidad monetaria. La econom\u00eda seguir\u00e1 creciendo.\u2026","rel":"","context":"En \u00abEconom\u00eda\u00bb","block_context":{"text":"Econom\u00eda","link":"https:\/\/www.24baires.com\/?cat=45"},"img":{"alt_text":"","src":"https:\/\/i0.wp.com\/www.24baires.com\/wp-content\/uploads\/2013\/06\/banco-central.jpg?resize=350%2C200","width":350,"height":200,"srcset":"https:\/\/i0.wp.com\/www.24baires.com\/wp-content\/uploads\/2013\/06\/banco-central.jpg?resize=350%2C200 1x, https:\/\/i0.wp.com\/www.24baires.com\/wp-content\/uploads\/2013\/06\/banco-central.jpg?resize=525%2C300 1.5x, https:\/\/i0.wp.com\/www.24baires.com\/wp-content\/uploads\/2013\/06\/banco-central.jpg?resize=700%2C400 2x"},"classes":[]},{"id":53525,"url":"https:\/\/www.24baires.com\/?p=53525","url_meta":{"origin":70970,"position":4},"title":"Qu\u00e9 se podr\u00e1 financiar con el \u00abAhora doce\u00bb","author":"AF","date":"12\/09\/2014","format":false,"excerpt":"Comenzar\u00e1 a implementarse este s\u00e1bado y comprende a todos los comercios que trabajen con tarjeta de cr\u00e9dito. Entre los rubros figuran productos de l\u00ednea blanca, motos, bicicletas, muebles, indumentaria, calzado y marroquiner\u00eda, materiales para la construcci\u00f3n y turismo nacional. Los detalles. La presidenta Cristina Fern\u00e1ndez de Kirchner anunci\u00f3 ayer el\u2026","rel":"","context":"En \u00abEconom\u00eda\u00bb","block_context":{"text":"Econom\u00eda","link":"https:\/\/www.24baires.com\/?cat=45"},"img":{"alt_text":"","src":"","width":0,"height":0},"classes":[]},{"id":114030,"url":"https:\/\/www.24baires.com\/?p=114030","url_meta":{"origin":70970,"position":5},"title":"El Senado convirti\u00f3 en ley el proyecto para renegociar la deuda","author":"AF","date":"05\/02\/2020","format":false,"excerpt":"Tras un casi nueve horas de un debate cargado de pases de factura entre oficialismo y oposici\u00f3n por el nivel del endeudamiento, el proyecto fue aprobado por unanimidad. El Senado aprob\u00f3 este mi\u00e9rcoles por unanimidad la ley de sostenibilidad de la deuda emitida bajo legislaci\u00f3n extranjera, tras un casi nueve\u2026","rel":"","context":"En \u00abPol\u00edtica\u00bb","block_context":{"text":"Pol\u00edtica","link":"https:\/\/www.24baires.com\/?cat=51"},"img":{"alt_text":"","src":"https:\/\/i0.wp.com\/www.24baires.com\/wp-content\/uploads\/2020\/02\/senado.jpg?resize=350%2C200","width":350,"height":200,"srcset":"https:\/\/i0.wp.com\/www.24baires.com\/wp-content\/uploads\/2020\/02\/senado.jpg?resize=350%2C200 1x, https:\/\/i0.wp.com\/www.24baires.com\/wp-content\/uploads\/2020\/02\/senado.jpg?resize=525%2C300 1.5x"},"classes":[]}],"jetpack_sharing_enabled":true,"jetpack_likes_enabled":true,"_links":{"self":[{"href":"https:\/\/www.24baires.com\/index.php?rest_route=\/wp\/v2\/posts\/70970","targetHints":{"allow":["GET"]}}],"collection":[{"href":"https:\/\/www.24baires.com\/index.php?rest_route=\/wp\/v2\/posts"}],"about":[{"href":"https:\/\/www.24baires.com\/index.php?rest_route=\/wp\/v2\/types\/post"}],"author":[{"embeddable":true,"href":"https:\/\/www.24baires.com\/index.php?rest_route=\/wp\/v2\/users\/8"}],"replies":[{"embeddable":true,"href":"https:\/\/www.24baires.com\/index.php?rest_route=%2Fwp%2Fv2%2Fcomments&post=70970"}],"version-history":[{"count":1,"href":"https:\/\/www.24baires.com\/index.php?rest_route=\/wp\/v2\/posts\/70970\/revisions"}],"predecessor-version":[{"id":70972,"href":"https:\/\/www.24baires.com\/index.php?rest_route=\/wp\/v2\/posts\/70970\/revisions\/70972"}],"wp:attachment":[{"href":"https:\/\/www.24baires.com\/index.php?rest_route=%2Fwp%2Fv2%2Fmedia&parent=70970"}],"wp:term":[{"taxonomy":"category","embeddable":true,"href":"https:\/\/www.24baires.com\/index.php?rest_route=%2Fwp%2Fv2%2Fcategories&post=70970"},{"taxonomy":"post_tag","embeddable":true,"href":"https:\/\/www.24baires.com\/index.php?rest_route=%2Fwp%2Fv2%2Ftags&post=70970"}],"curies":[{"name":"wp","href":"https:\/\/api.w.org\/{rel}","templated":true}]}}