{"id":7092,"date":"2012-11-28T18:25:52","date_gmt":"2012-11-28T21:25:52","guid":{"rendered":"http:\/\/www.24baires.com\/?p=7092"},"modified":"2012-11-28T13:49:41","modified_gmt":"2012-11-28T16:49:41","slug":"gral-villegas-firmo-convenios-para-promover-preservar-y-regularizar-el-empleo","status":"publish","type":"post","link":"https:\/\/www.24baires.com\/?p=7092","title":{"rendered":"Gral. Villegas firm\u00f3 convenios para promover, preservar y regularizar el empleo"},"content":{"rendered":"<p><img data-recalc-dims=\"1\" loading=\"lazy\" decoding=\"async\" class=\"alignleft size-medium wp-image-7093\" title=\"villegas empleo\" src=\"https:\/\/i0.wp.com\/www.24baires.com\/wp-content\/uploads\/2012\/11\/villegas-empleo-300x199.jpg?resize=300%2C199\" alt=\"\" width=\"300\" height=\"199\" srcset=\"https:\/\/i0.wp.com\/www.24baires.com\/wp-content\/uploads\/2012\/11\/villegas-empleo.jpg?resize=300%2C199&amp;ssl=1 300w, https:\/\/i0.wp.com\/www.24baires.com\/wp-content\/uploads\/2012\/11\/villegas-empleo.jpg?w=560&amp;ssl=1 560w\" sizes=\"auto, (max-width: 300px) 100vw, 300px\" \/>En la ma\u00f1ana de este mi\u00e9rcoles, el intendente de General Villegas, Gilberto Alegre firm\u00f3 convenios con el Ministerio de Trabajo bonaerense para la promoci\u00f3n, preservaci\u00f3n y regularizaci\u00f3n del empleo.\u00a0<!--more--><\/p>\n<p>La r\u00fabrica tuvo lugar en el Sal\u00f3n de los Acuerdos de la Municipalidad y estuvieron presentes el intendente municipal, funcionarios provinciales y municipales, adem\u00e1s de los medios de comunicaci\u00f3n.<\/p>\n<p>Se firmaron convenios para la concertaci\u00f3n de programas de cooperaci\u00f3n y colaboraci\u00f3n para la ejecuci\u00f3n conjunta de proyectos de investigaci\u00f3n y capacitaci\u00f3n; promoci\u00f3n y regularizaci\u00f3n del empleo (PRE.BA), que ofrece un subsidio de 1150 pesos hasta por 12 meses por cada puesto nuevo que se cree en una empresa; adhesi\u00f3n al programa de Igualdad de Oportunidades Laborales y los protocolos de los programas Empecemos por Casa (regularizaci\u00f3n de empleados del servicio dom\u00e9stico), Encuestas indicadoras del Mercado de Trabajo en los municipios de la provincia y la Ley Alas, que es la contrapartida de Ingresos Brutos a nivel nacional, para peque\u00f1os emprendedores.<\/p>\n<p>El intendente Alegre dio la bienvenida a los funcionarios expresando que \u201ces un placer recibir a gente del Ministerio de Trabajo, sobre todo en este momento en que estamos en la tarea de abrir en General Villegas una Subdelegaci\u00f3n del Ministerio, para lo cual hemos firmado un convenio que ha sido firmado por el Concejo Deliberante\u201d y agreg\u00f3 que \u201ceste tipo de convenios nos permiten acercarle a la gente, a las empresas y a los trabajadores, elementos que sirven para avanzar en la mejora de la relaci\u00f3n laboral y la defensa de los trabajadores\u201d. Alegre finaliz\u00f3 agradeciendo \u201cque hayan venido hasta ac\u00e1, porque normalmente tenemos que ir a golpear puertas para lograr este tipo de cosas\u201d.<\/p>\n<p>Por su parte, el Subsecretario de Empleo Luis Antonioli, adem\u00e1s de explicar en qu\u00e9 consist\u00eda cada uno de los convenios y protocolos que se firmaron, se dirigi\u00f3 al intendente a quien le asegur\u00f3 que \u201ces una alegr\u00eda que nos recibas en el municipio, tal como hab\u00edamos quedado en la \u00faltima reuni\u00f3n que hicimos en la ciudad de La Plata con el ministro Cuartango, en la que se avanz\u00f3 en esto de tener una Subdelegaci\u00f3n del Ministerio en General Villegas\u201d y agreg\u00f3 que \u201cmediante este trabajo de descentralizaci\u00f3n que estamos haciendo, les traemos herramientas de fortalecimiento a los municipios para luchar contra estos flagelos y lograr una ocupaci\u00f3n plena para resolverle problemas a la gente. \u201c<\/p>\n","protected":false},"excerpt":{"rendered":"<p>En la ma\u00f1ana de este mi\u00e9rcoles, el intendente de General Villegas, Gilberto Alegre firm\u00f3 convenios con el Ministerio de Trabajo bonaerense para la promoci\u00f3n, preservaci\u00f3n y regularizaci\u00f3n del empleo.\u00a0<\/p>\n","protected":false},"author":4,"featured_media":0,"comment_status":"open","ping_status":"open","sticky":false,"template":"","format":"standard","meta":{"_jetpack_newsletter_access":"","_jetpack_dont_email_post_to_subs":false,"_jetpack_newsletter_tier_id":0,"_jetpack_memberships_contains_paywalled_content":false,"_jetpack_memberships_contains_paid_content":false,"footnotes":""},"categories":[38],"tags":[],"class_list":["post-7092","post","type-post","status-publish","format-standard","hentry","category-locales"],"jetpack_featured_media_url":"","jetpack_shortlink":"https:\/\/wp.me\/p2JWE0-1Qo","jetpack-related-posts":[{"id":37117,"url":"https:\/\/www.24baires.com\/?p=37117","url_meta":{"origin":7092,"position":0},"title":"Mor\u00f3n: cinco convenios para generar m\u00e1s trabajo","author":"Grupo Sierra","date":"19\/12\/2013","format":false,"excerpt":"El ministro de Trabajo, Oscar Cuartango, y el intendente Lucas Ghi, firmaron una serie de acuerdos que tienen como objetivo fortalecer la situaci\u00f3n del empleo en en municipio. M\u00e1s precisamente, la cartera laboral y la comuna firmaron en total cinco convenios: de cooperaci\u00f3n y colaboraci\u00f3n y su protocolo complementario para\u2026","rel":"","context":"En \u00abLocales\u00bb","block_context":{"text":"Locales","link":"https:\/\/www.24baires.com\/?cat=38"},"img":{"alt_text":"","src":"","width":0,"height":0},"classes":[]},{"id":10433,"url":"https:\/\/www.24baires.com\/?p=10433","url_meta":{"origin":7092,"position":1},"title":"Villegas: Firma de convenio entre la Fiscal\u00eda Gral. de Trenque Lauquen y la Municipalidad","author":"AF","date":"26\/12\/2012","format":false,"excerpt":"En la ma\u00f1ana de este mi\u00e9rcoles se llev\u00f3 a cabo la firma de un Convenio de Colaboraci\u00f3n Institucional entre la Fiscal\u00eda General del Departamento Judicial de Trenque Lauquen y la Municipalidad de General Villegas, para el traslado de menores v\u00edctimas de abuso sexual a la sede de la C\u00e1mara Gesell.\u2026","rel":"","context":"En \u00abLocales\u00bb","block_context":{"text":"Locales","link":"https:\/\/www.24baires.com\/?cat=38"},"img":{"alt_text":"","src":"","width":0,"height":0},"classes":[]},{"id":37174,"url":"https:\/\/www.24baires.com\/?p=37174","url_meta":{"origin":7092,"position":2},"title":"General Villegas: nuevas incorporaciones en Seguridad","author":"Grupo Sierra","date":"20\/12\/2013","format":false,"excerpt":"El intendente Horacio Pascual firm\u00f3 esta ma\u00f1ana en La Plata un convenio con el Ministerio de Seguridad de la Provincia para la entrega de una patrulla 4x4. La firma del convenio entre la Municipalidad de General Villegas y el Ministerio de Seguridad de la Provincia de Buenos Aires se realiz\u00f3\u2026","rel":"","context":"En \u00abLocales\u00bb","block_context":{"text":"Locales","link":"https:\/\/www.24baires.com\/?cat=38"},"img":{"alt_text":"","src":"","width":0,"height":0},"classes":[]},{"id":121383,"url":"https:\/\/www.24baires.com\/?p=121383","url_meta":{"origin":7092,"position":3},"title":"El conflicto entre gremios municipales de Mar del Plata y el intendente regional llega al Concejo Deliberante","author":"GB","date":"27\/05\/2024","format":false,"excerpt":"A la falta de acuerdo paritario entre trabajadores municipales marplatenses y el intendente Montenegro, se suma la intervenci\u00f3n del Concejo Deliberante de Pueyrred\u00f3n, que analizar\u00e1 el convenio colectivo de trabajo consensuado durante la gesti\u00f3n de Arroyo. A ra\u00edz del conflicto entre el Sindicato de Trabajadores Municipales de Mar del Plata\u2026","rel":"","context":"En \u00abMunicipios\u00bb","block_context":{"text":"Municipios","link":"https:\/\/www.24baires.com\/?cat=44"},"img":{"alt_text":"","src":"https:\/\/i0.wp.com\/www.24baires.com\/wp-content\/uploads\/2017\/04\/municipales-mdp.jpg?resize=350%2C200","width":350,"height":200,"srcset":"https:\/\/i0.wp.com\/www.24baires.com\/wp-content\/uploads\/2017\/04\/municipales-mdp.jpg?resize=350%2C200 1x, https:\/\/i0.wp.com\/www.24baires.com\/wp-content\/uploads\/2017\/04\/municipales-mdp.jpg?resize=525%2C300 1.5x, https:\/\/i0.wp.com\/www.24baires.com\/wp-content\/uploads\/2017\/04\/municipales-mdp.jpg?resize=700%2C400 2x"},"classes":[]},{"id":112098,"url":"https:\/\/www.24baires.com\/?p=112098","url_meta":{"origin":7092,"position":4},"title":"La Campagnola Mar del Plata suspendi\u00f3 la producci\u00f3n hasta diciembre","author":"GB","date":"16\/09\/2019","format":false,"excerpt":"Advierten que es por cuestiones de zafra y estacionalidad. Los afectados cobrar\u00e1n un \"garantizado\" y la \u00faltima cuota de $5.000 que otorga el programa Preba de Provincia. Unos 76 trabajadores de la reconocida empresa de mermeladas, dulces y conservas La Campagnola fueron notificados que a partir de este jueves hasta\u2026","rel":"","context":"En \u00abMunicipios\u00bb","block_context":{"text":"Municipios","link":"https:\/\/www.24baires.com\/?cat=44"},"img":{"alt_text":"","src":"https:\/\/i0.wp.com\/www.24baires.com\/wp-content\/uploads\/2019\/03\/la-campagnola.jpg?resize=350%2C200","width":350,"height":200,"srcset":"https:\/\/i0.wp.com\/www.24baires.com\/wp-content\/uploads\/2019\/03\/la-campagnola.jpg?resize=350%2C200 1x, https:\/\/i0.wp.com\/www.24baires.com\/wp-content\/uploads\/2019\/03\/la-campagnola.jpg?resize=525%2C300 1.5x"},"classes":[]},{"id":116558,"url":"https:\/\/www.24baires.com\/?p=116558","url_meta":{"origin":7092,"position":5},"title":"Provincia firm\u00f3 convenios para 71 obras de infraestructura en 44 municipios bonaerenses","author":"GB","date":"28\/10\/2020","format":false,"excerpt":"El gobernador suscribi\u00f3 convenios con una inversi\u00f3n total de m\u00e1s de 352 millones de pesos correspondientes al Fondo de Infraestructura Municipal El gobernador de la provincia de Buenos Aires, Axel Kicillof, suscribi\u00f3 esta tarde convenios para desarrollar 71 obras de infraestructura en 44 municipios, con una inversi\u00f3n total de m\u00e1s\u2026","rel":"","context":"En \u00abProvincia\u00bb","block_context":{"text":"Provincia","link":"https:\/\/www.24baires.com\/?cat=40"},"img":{"alt_text":"","src":"https:\/\/i0.wp.com\/www.24baires.com\/wp-content\/uploads\/2020\/10\/20201027193503_2020-10-27-ak-videoconferencia-fim-016.jpg?resize=350%2C200","width":350,"height":200,"srcset":"https:\/\/i0.wp.com\/www.24baires.com\/wp-content\/uploads\/2020\/10\/20201027193503_2020-10-27-ak-videoconferencia-fim-016.jpg?resize=350%2C200 1x, https:\/\/i0.wp.com\/www.24baires.com\/wp-content\/uploads\/2020\/10\/20201027193503_2020-10-27-ak-videoconferencia-fim-016.jpg?resize=525%2C300 1.5x"},"classes":[]}],"jetpack_sharing_enabled":true,"jetpack_likes_enabled":true,"_links":{"self":[{"href":"https:\/\/www.24baires.com\/index.php?rest_route=\/wp\/v2\/posts\/7092","targetHints":{"allow":["GET"]}}],"collection":[{"href":"https:\/\/www.24baires.com\/index.php?rest_route=\/wp\/v2\/posts"}],"about":[{"href":"https:\/\/www.24baires.com\/index.php?rest_route=\/wp\/v2\/types\/post"}],"author":[{"embeddable":true,"href":"https:\/\/www.24baires.com\/index.php?rest_route=\/wp\/v2\/users\/4"}],"replies":[{"embeddable":true,"href":"https:\/\/www.24baires.com\/index.php?rest_route=%2Fwp%2Fv2%2Fcomments&post=7092"}],"version-history":[{"count":3,"href":"https:\/\/www.24baires.com\/index.php?rest_route=\/wp\/v2\/posts\/7092\/revisions"}],"predecessor-version":[{"id":7095,"href":"https:\/\/www.24baires.com\/index.php?rest_route=\/wp\/v2\/posts\/7092\/revisions\/7095"}],"wp:attachment":[{"href":"https:\/\/www.24baires.com\/index.php?rest_route=%2Fwp%2Fv2%2Fmedia&parent=7092"}],"wp:term":[{"taxonomy":"category","embeddable":true,"href":"https:\/\/www.24baires.com\/index.php?rest_route=%2Fwp%2Fv2%2Fcategories&post=7092"},{"taxonomy":"post_tag","embeddable":true,"href":"https:\/\/www.24baires.com\/index.php?rest_route=%2Fwp%2Fv2%2Ftags&post=7092"}],"curies":[{"name":"wp","href":"https:\/\/api.w.org\/{rel}","templated":true}]}}