{"id":7089,"date":"2012-11-28T09:00:02","date_gmt":"2012-11-28T12:00:02","guid":{"rendered":"http:\/\/www.24baires.com\/?p=7089"},"modified":"2012-11-28T12:22:43","modified_gmt":"2012-11-28T15:22:43","slug":"la-plata-ya-definio-las-obras-a-realizar-con-el-presupuesto-participativo","status":"publish","type":"post","link":"https:\/\/www.24baires.com\/?p=7089","title":{"rendered":"La Plata ya defini\u00f3 las obras a realizar con el Presupuesto Participativo"},"content":{"rendered":"<p>Durante los dos \u00faltimos fines de semanas los platenses de todos los puntos de la ciudad votaron por las distintas propuestas del Presupuesto Participativo.<!--more--><br \/>\nEl cierre de la cuarta y \u00faltima jornada de votaci\u00f3n dej\u00f3 como saldo una convocatoria r\u00e9cord. El primer fin de semana m\u00e1s de 24 mil vecinos participaron, y este fin de semana cerca de 28 mil votaron.<\/p>\n<p>Las obras vinculadas con la seguridad, la transitabilidad de los barrios y el equipamiento vial fueron las m\u00e1s votadas. Las mismas ser\u00e1n realizadas por la Municipalidad en el 2013 con un presupuesto de 120 millones de pesos.<\/p>\n<p>El listado completo de los proyectos ganadores, <a href=\"http:\/\/www.municipalidad.laplata.gov.ar\/files\/Proyectos_elegidos_pp.pdf\" target=\"_blank\"><strong>aqu\u00ed<\/strong><\/a>.<\/p>\n","protected":false},"excerpt":{"rendered":"<p>Durante los dos \u00faltimos fines de semanas los platenses de todos los puntos de la ciudad votaron por las distintas propuestas del Presupuesto Participativo.<\/p>\n","protected":false},"author":4,"featured_media":0,"comment_status":"open","ping_status":"open","sticky":false,"template":"","format":"standard","meta":{"_jetpack_newsletter_access":"","_jetpack_dont_email_post_to_subs":false,"_jetpack_newsletter_tier_id":0,"_jetpack_memberships_contains_paywalled_content":false,"_jetpack_memberships_contains_paid_content":false,"footnotes":""},"categories":[38],"tags":[],"class_list":["post-7089","post","type-post","status-publish","format-standard","hentry","category-locales"],"jetpack_featured_media_url":"","jetpack_shortlink":"https:\/\/wp.me\/p2JWE0-1Ql","jetpack-related-posts":[{"id":6504,"url":"https:\/\/www.24baires.com\/?p=6504","url_meta":{"origin":7089,"position":0},"title":"Finaliza la votaci\u00f3n del Presupuesto Participativo","author":"AF","date":"23\/11\/2012","format":false,"excerpt":"LA PLATA \u00a0- Este s\u00e1bado y domingo se completa la elecci\u00f3n de proyectos del Presupuesto Participativo que ya cosech\u00f3 m\u00e1s de 24 mil votos. \u201cLos requisitos para participar son ser residente de la ciudad de La Plata, mayor de 16 a\u00f1os y llevar el DNI al lugar de votaci\u00f3n\", explic\u00f3\u2026","rel":"","context":"En \u00abLocales\u00bb","block_context":{"text":"Locales","link":"https:\/\/www.24baires.com\/?cat=38"},"img":{"alt_text":"","src":"https:\/\/i0.wp.com\/www.24baires.com\/wp-content\/uploads\/2012\/11\/presupuesto-participativo-LP-300x213.jpg?resize=350%2C200","width":350,"height":200},"classes":[]},{"id":24965,"url":"https:\/\/www.24baires.com\/?p=24965","url_meta":{"origin":7089,"position":1},"title":"Avanza en Avellaneda el debate por el Presupuesto Participativo","author":"AF","date":"03\/06\/2013","format":false,"excerpt":"La Asamblea se realiz\u00f3 la semana pasada en la Sociedad de Fomento General Lavalle correspondiente a la zona 1; asistieron vecinos de todas las edades para debatir y proponer diferentes proyectos. \u201cHay que empezar a pensar la ciudad como una cuesti\u00f3n integral\u201d, dijo el intendente Jorge Ferraresi, quien particip\u00f3 del\u2026","rel":"","context":"En \u00abLocales\u00bb","block_context":{"text":"Locales","link":"https:\/\/www.24baires.com\/?cat=38"},"img":{"alt_text":"","src":"","width":0,"height":0},"classes":[]},{"id":23267,"url":"https:\/\/www.24baires.com\/?p=23267","url_meta":{"origin":7089,"position":2},"title":"Lan\u00fas ya vot\u00f3 por su Presupuesto Participativo","author":"AF","date":"11\/05\/2013","format":false,"excerpt":"Dos asambleas para debatir obras, en el marco del Presupuesto Participativo, se realizaron la semana pasada. Desde el Municipio calificaron como \u201cmuy positiva\u201d la serie de encuentros, y precisaron que entre 50 y 70 personas se reunieron para debatir y proponer nuevas obras p\u00fablicas. La renovaci\u00f3n de las plazas y\u2026","rel":"","context":"En \u00abLocales\u00bb","block_context":{"text":"Locales","link":"https:\/\/www.24baires.com\/?cat=38"},"img":{"alt_text":"presupuesto participativo LP","src":"https:\/\/i0.wp.com\/www.24baires.com\/wp-content\/uploads\/2012\/11\/presupuesto-participativo-LP-300x213.jpg?resize=350%2C200","width":350,"height":200},"classes":[]},{"id":5857,"url":"https:\/\/www.24baires.com\/?p=5857","url_meta":{"origin":7089,"position":3},"title":"M\u00e1s de 10 mil vecinos ya votaron en el Presupuesto Participativo de La Plata","author":"Grupo Sierra","date":"17\/11\/2012","format":false,"excerpt":"A pocas horas de haber comenzado la primera instancia de votaci\u00f3n del Presupuesto Participativo 2013, ya se hab\u00eda registrado gran cantidad de votantes\u00a0que eligieron sus proyectos. En su Twitter personal, Marcelo Ostrowsky, Consejero Escolar de ese distrito, inform\u00f3 que \"10500 ciudadanos votaron el primer d\u00eda de Consulta Popular en en\u2026","rel":"","context":"En \u00abMunicipios\u00bb","block_context":{"text":"Municipios","link":"https:\/\/www.24baires.com\/?cat=44"},"img":{"alt_text":"","src":"","width":0,"height":0},"classes":[]},{"id":3310,"url":"https:\/\/www.24baires.com\/?p=3310","url_meta":{"origin":7089,"position":4},"title":"Votan este domingo desde los 16 a\u00f1os en Trenque Lauquen el Presupuesto Participativo","author":"Grupo Sierra","date":"26\/10\/2012","format":false,"excerpt":"El Intendente Municipal, Cdor. Ra\u00fal Feito, acompa\u00f1ado de funcionarios de su gabinete ofreci\u00f3 este jueves una conferencia de prensa para invitar a todos los vecinos a participar de las elecciones del Presupuesto Participativo, que se realizar\u00e1n el pr\u00f3ximo domingo de 10 a 18 hs., luego de cumplidos todos los pasos\u2026","rel":"","context":"En \u00abMunicipios\u00bb","block_context":{"text":"Municipios","link":"https:\/\/www.24baires.com\/?cat=44"},"img":{"alt_text":"","src":"","width":0,"height":0},"classes":[]},{"id":10151,"url":"https:\/\/www.24baires.com\/?p=10151","url_meta":{"origin":7089,"position":5},"title":"En Lan\u00fas hubo una gran participaci\u00f3n popular para elegir proyectos del PP","author":"Grupo Sierra","date":"22\/12\/2012","format":false,"excerpt":"La experiencia del Presupuesto Participativo (PP) se llev\u00f3 a cabo por primera vez en ese distrito. Participaron m\u00e1s de siete mil personas. Votaron las propuestas dise\u00f1adas en asambleas, desde septiembre. Desde el Municipio, destacaron la respuesta de los vecinos y anunciaron que repetir\u00e1n la iniciativa el a\u00f1o pr\u00f3ximo. Durante diez\u2026","rel":"","context":"En \u00abMunicipios\u00bb","block_context":{"text":"Municipios","link":"https:\/\/www.24baires.com\/?cat=44"},"img":{"alt_text":"lanus pp","src":"https:\/\/i0.wp.com\/www.24baires.com\/wp-content\/uploads\/2012\/12\/lanus-pp.jpg?resize=350%2C200","width":350,"height":200,"srcset":"https:\/\/i0.wp.com\/www.24baires.com\/wp-content\/uploads\/2012\/12\/lanus-pp.jpg?resize=350%2C200 1x, https:\/\/i0.wp.com\/www.24baires.com\/wp-content\/uploads\/2012\/12\/lanus-pp.jpg?resize=525%2C300 1.5x"},"classes":[]}],"jetpack_sharing_enabled":true,"jetpack_likes_enabled":true,"_links":{"self":[{"href":"https:\/\/www.24baires.com\/index.php?rest_route=\/wp\/v2\/posts\/7089","targetHints":{"allow":["GET"]}}],"collection":[{"href":"https:\/\/www.24baires.com\/index.php?rest_route=\/wp\/v2\/posts"}],"about":[{"href":"https:\/\/www.24baires.com\/index.php?rest_route=\/wp\/v2\/types\/post"}],"author":[{"embeddable":true,"href":"https:\/\/www.24baires.com\/index.php?rest_route=\/wp\/v2\/users\/4"}],"replies":[{"embeddable":true,"href":"https:\/\/www.24baires.com\/index.php?rest_route=%2Fwp%2Fv2%2Fcomments&post=7089"}],"version-history":[{"count":1,"href":"https:\/\/www.24baires.com\/index.php?rest_route=\/wp\/v2\/posts\/7089\/revisions"}],"predecessor-version":[{"id":7090,"href":"https:\/\/www.24baires.com\/index.php?rest_route=\/wp\/v2\/posts\/7089\/revisions\/7090"}],"wp:attachment":[{"href":"https:\/\/www.24baires.com\/index.php?rest_route=%2Fwp%2Fv2%2Fmedia&parent=7089"}],"wp:term":[{"taxonomy":"category","embeddable":true,"href":"https:\/\/www.24baires.com\/index.php?rest_route=%2Fwp%2Fv2%2Fcategories&post=7089"},{"taxonomy":"post_tag","embeddable":true,"href":"https:\/\/www.24baires.com\/index.php?rest_route=%2Fwp%2Fv2%2Ftags&post=7089"}],"curies":[{"name":"wp","href":"https:\/\/api.w.org\/{rel}","templated":true}]}}