{"id":7079,"date":"2012-11-28T11:49:50","date_gmt":"2012-11-28T14:49:50","guid":{"rendered":"http:\/\/www.24baires.com\/?p=7079"},"modified":"2012-11-28T22:24:17","modified_gmt":"2012-11-29T01:24:17","slug":"tras-el-masivo-rechazo-clarin-retrocedio-con-las-denuncias-a-periodistas","status":"publish","type":"post","link":"https:\/\/www.24baires.com\/?p=7079","title":{"rendered":"Tras el masivo rechazo, Clar\u00edn retrocedi\u00f3 con las denuncias a periodistas"},"content":{"rendered":"<p><img data-recalc-dims=\"1\" loading=\"lazy\" decoding=\"async\" class=\"aligncenter size-full wp-image-7080\" title=\"solicitada clar\u00edn\" src=\"https:\/\/i0.wp.com\/www.24baires.com\/wp-content\/uploads\/2012\/11\/solicitada-clar%C3%ADn.jpg?resize=560%2C335\" alt=\"\" width=\"560\" height=\"335\" srcset=\"https:\/\/i0.wp.com\/www.24baires.com\/wp-content\/uploads\/2012\/11\/solicitada-clar%C3%ADn.jpg?w=560&amp;ssl=1 560w, https:\/\/i0.wp.com\/www.24baires.com\/wp-content\/uploads\/2012\/11\/solicitada-clar%C3%ADn.jpg?resize=300%2C179&amp;ssl=1 300w\" sizes=\"auto, (max-width: 560px) 100vw, 560px\" \/>El Grupo Clar\u00edn anunci\u00f3 que finalmente \u00abdesisti\u00f3\u00bb de pedir que la Justicia cite \u00abincluso como testigos\u00bb a los seis periodistas mencionados en la presentaci\u00f3n judicial que realiz\u00f3 la semana pasada.<!--more--><br \/>\nFue luego del esc\u00e1ndalo y el fuerte rechazo que provoc\u00f3 la demanda por \u00abincitaci\u00f3n a la violencia\u00bb y \u00abcoacci\u00f3n agravada\u00bb.<br \/>\nEn el texto, titulado \u00abEl Grupo Clar\u00edn no denuncia penalmente a periodistas\u00bb y publicado tanto en el diario Clar\u00edn como en La Naci\u00f3n, el holding intent\u00f3 aclarar cu\u00e1l fue su intenci\u00f3n al apuntar en el escrito contra Roberto Caballero, Sandra Russo, Javier Vicente, Nora Veiras, Orlando Barone y Edgardo Mocca.<br \/>\nEn ese marco, se\u00f1al\u00f3 que \u00aben los \u00faltimos dos meses se nos acus\u00f3 de atentar contra la democracia, de estar detr\u00e1s de los reclamos de Gendarmer\u00eda y Prefectura, y hasta del secuestro de Alfonso Severo, entre otras muchas cosas\u00bb, y que \u00aborganizaciones ligadas al Gobierno amenazaron con venir a las puertas de nuestros medios, incitando a la violencia, con impredecibles consecuencias\u00bb.<br \/>\nSeg\u00fan el Grupo Clar\u00edn, ese panorama fue el que llev\u00f3 a los directivos de la empresa a tomar la decisi\u00f3n de pedirle a la Justicia \u00abque investigara esos exabruptos y amenazas\u00bb.<br \/>\n\u00abCuando relatamos los hechos, mencionamos a algunos periodistas que los hab\u00edan difundido\u00bb, record\u00f3 el multimedios en la solicitada, pero ante la pol\u00e9mica y el rechazo que eso gener\u00f3 en amplios sectores, incluso en la Sociedad Interamericana de Prensa (SIP), enseguida sali\u00f3 a aclarar: \u00abNo para imputarlos, sino para ver si pod\u00edan aportar datos sobre estas acusaciones\u00bb.<br \/>\nSi bien el holding hizo esta aclaraci\u00f3n, cabe recordar que en el escrito judicial a los seis periodistas se los sindica como \u00abpropaladores\u00bb de \u00abincitaci\u00f3n a la violencia\u00bb, un delito penal.<br \/>\n\u00abSe pens\u00f3 que quer\u00edamos responsabilizarlos a ellos por los hechos de otros\u00bb, se excus\u00f3 el Grupo Clar\u00edn en la nota de hoy, al tiempo que a\u00f1adi\u00f3: \u00abPor eso ayer aclaramos que los periodistas fueron mencionados s\u00f3lo como potenciales testigos. Y hoy, adem\u00e1s, desistimos de proponerlos incluso como testigos, para que nadie pueda malinterpretar ese hecho o sentirse intimidado\u00bb.<\/p>\n","protected":false},"excerpt":{"rendered":"<p>El Grupo Clar\u00edn anunci\u00f3 que finalmente \u00abdesisti\u00f3\u00bb de pedir que la Justicia cite \u00abincluso como testigos\u00bb a los seis periodistas mencionados en la presentaci\u00f3n judicial que realiz\u00f3 la semana pasada.<\/p>\n","protected":false},"author":4,"featured_media":0,"comment_status":"open","ping_status":"open","sticky":false,"template":"","format":"standard","meta":{"_jetpack_newsletter_access":"","_jetpack_dont_email_post_to_subs":false,"_jetpack_newsletter_tier_id":0,"_jetpack_memberships_contains_paywalled_content":false,"_jetpack_memberships_contains_paid_content":false,"footnotes":""},"categories":[54],"tags":[],"class_list":["post-7079","post","type-post","status-publish","format-standard","hentry","category-medios"],"jetpack_featured_media_url":"","jetpack_shortlink":"https:\/\/wp.me\/p2JWE0-1Qb","jetpack-related-posts":[{"id":101974,"url":"https:\/\/www.24baires.com\/?p=101974","url_meta":{"origin":7079,"position":0},"title":"\u00abClar\u00edn adulter\u00f3 informaci\u00f3n, manipul\u00f3 a los lectores y construy\u00f3 una operaci\u00f3n berreta\u00bb","author":"AF","date":"04\/05\/2018","format":false,"excerpt":"El legislador Rodolfo Thailade carg\u00f3 con los tapones de punta contra el pol\u00e9mico multimedio hegem\u00f3nico, ante lo que denomin\u00f3 como una \"operaci\u00f3n berreta\" del \"editor (ir)responsable de Clar\u00edn, Ricardo Roa\". En una carta publicada por el legislador Rodolfo Thailade, carg\u00f3 con todo contra el multimedio Clar\u00edn por la publicaci\u00f3n de\u2026","rel":"","context":"En \u00abLocales\u00bb","block_context":{"text":"Locales","link":"https:\/\/www.24baires.com\/?cat=38"},"img":{"alt_text":"","src":"https:\/\/i0.wp.com\/www.24baires.com\/wp-content\/uploads\/2018\/05\/clar%C3%ADn-thailade.jpg?resize=350%2C200","width":350,"height":200,"srcset":"https:\/\/i0.wp.com\/www.24baires.com\/wp-content\/uploads\/2018\/05\/clar%C3%ADn-thailade.jpg?resize=350%2C200 1x, https:\/\/i0.wp.com\/www.24baires.com\/wp-content\/uploads\/2018\/05\/clar%C3%ADn-thailade.jpg?resize=525%2C300 1.5x"},"classes":[]},{"id":6819,"url":"https:\/\/www.24baires.com\/?p=6819","url_meta":{"origin":7079,"position":1},"title":"La asociaci\u00f3n &#8216;Comunicadores de la Argentina&#8217; rechaz\u00f3 tambi\u00e9n la denuncia de Clar\u00edn","author":"Grupo Sierra","date":"26\/11\/2012","format":false,"excerpt":"COMUNA tild\u00f3 de \"inconstitucional y antidemocr\u00e1tica\" el planteo del Grupo, contra tres periodistas que opinaron a favor de aplicar la Ley de Medios. Comunicado. La asociaci\u00f3n Comunicadores de la Argentina (COMUNA) rechaz\u00f3\u00a0\"por inconstitucional y antidemocr\u00e1tica\" la denuncia presentada por el Grupo Clar\u00edn contra tres periodistas \"por opinar a favor de\u2026","rel":"","context":"En \u00abMedios\u00bb","block_context":{"text":"Medios","link":"https:\/\/www.24baires.com\/?cat=54"},"img":{"alt_text":"","src":"","width":0,"height":0},"classes":[]},{"id":6787,"url":"https:\/\/www.24baires.com\/?p=6787","url_meta":{"origin":7079,"position":2},"title":"Repudio generalizado al grupo de Magnetto por pedir c\u00e1rcel para periodistas","author":"Grupo Sierra","date":"25\/11\/2012","format":false,"excerpt":"Organizaciones de DD.HH, de trabajadores de prensa, funcionarios y legisladores expresaron su repudio a la denuncia del grupo a periodistas y dirigentes que se manifiestan a favor de la aplicaci\u00f3n de la norma. La acci\u00f3n penal fue interpuesta por los abogados del Grupo Clar\u00edn el jueves pasado, a trav\u00e9s de\u2026","rel":"","context":"En \u00abPol\u00edtica\u00bb","block_context":{"text":"Pol\u00edtica","link":"https:\/\/www.24baires.com\/?cat=51"},"img":{"alt_text":"","src":"https:\/\/i0.wp.com\/www.24baires.com\/wp-content\/uploads\/2012\/11\/repudio-clarin.jpg?resize=350%2C200","width":350,"height":200,"srcset":"https:\/\/i0.wp.com\/www.24baires.com\/wp-content\/uploads\/2012\/11\/repudio-clarin.jpg?resize=350%2C200 1x, https:\/\/i0.wp.com\/www.24baires.com\/wp-content\/uploads\/2012\/11\/repudio-clarin.jpg?resize=525%2C300 1.5x"},"classes":[]},{"id":6830,"url":"https:\/\/www.24baires.com\/?p=6830","url_meta":{"origin":7079,"position":3},"title":"FOPEA insta a Clar\u00edn a que retire la denuncia","author":"AF","date":"26\/11\/2012","format":false,"excerpt":"El Foro de Periodismo Argentino (FOPEA) rechaza la denuncia por \u201cincitaci\u00f3n a la violencia colectiva\u201d (Art\u00edculo 212 del C\u00f3digo Penal), iniciada por el Grupo Clar\u00edn contra los periodistas Roberto Caballero, Sandra Russo y Javier Vicente. Se trata de una figura penal que podr\u00eda implicar penas de tres a seis a\u00f1os\u2026","rel":"","context":"En \u00abMedios\u00bb","block_context":{"text":"Medios","link":"https:\/\/www.24baires.com\/?cat=54"},"img":{"alt_text":"","src":"","width":0,"height":0},"classes":[]},{"id":6850,"url":"https:\/\/www.24baires.com\/?p=6850","url_meta":{"origin":7079,"position":4},"title":"Se le sali\u00f3 la cadena: ahora Magnetto pide que los periodistas revelen sus fuentes","author":"Grupo Sierra","date":"26\/11\/2012","format":false,"excerpt":"Despu\u00e9s de la denuncia contra tres periodistas, el apoderado legal del grupo dijo: \"Queremos que vengan y digan qui\u00e9n les dijo que Clar\u00edn est\u00e1 detr\u00e1s de eso\". El abogado patrocinante del Grupo Clar\u00edn, Hugo Wortman Jofre calific\u00f3 a los periodistas inclu\u00eddos en la denuncia penal presentada por instigaci\u00f3n a la\u2026","rel":"","context":"En \u00abMedios\u00bb","block_context":{"text":"Medios","link":"https:\/\/www.24baires.com\/?cat=54"},"img":{"alt_text":"","src":"","width":0,"height":0},"classes":[]},{"id":34667,"url":"https:\/\/www.24baires.com\/?p=34667","url_meta":{"origin":7079,"position":5},"title":"Llonto asegur\u00f3 que el plan de adecuaci\u00f3n de Clar\u00edn es una \u00abtruchada\u00bb","author":"AF","date":"05\/11\/2013","format":false,"excerpt":"El abogado y periodista Pablo Llonto consider\u00f3 hoy que el plan de adecuaci\u00f3n a la ley de medios realizado ayer por el grupo Clar\u00edn es una \"truchada\" y que, en las condiciones en que fue presentado, la Autoridad Federal de Servicios de Comunicaci\u00f3n Audiovisual (AFSCA) \"tendr\u00e1 que rechazarlo\". \"Hay sospechas\u2026","rel":"","context":"En \u00abMedios\u00bb","block_context":{"text":"Medios","link":"https:\/\/www.24baires.com\/?cat=54"},"img":{"alt_text":"grupo clarin","src":"https:\/\/i0.wp.com\/www.24baires.com\/wp-content\/uploads\/2013\/04\/grupo-clarin-300x200.jpg?resize=350%2C200","width":350,"height":200},"classes":[]}],"jetpack_sharing_enabled":true,"jetpack_likes_enabled":true,"_links":{"self":[{"href":"https:\/\/www.24baires.com\/index.php?rest_route=\/wp\/v2\/posts\/7079","targetHints":{"allow":["GET"]}}],"collection":[{"href":"https:\/\/www.24baires.com\/index.php?rest_route=\/wp\/v2\/posts"}],"about":[{"href":"https:\/\/www.24baires.com\/index.php?rest_route=\/wp\/v2\/types\/post"}],"author":[{"embeddable":true,"href":"https:\/\/www.24baires.com\/index.php?rest_route=\/wp\/v2\/users\/4"}],"replies":[{"embeddable":true,"href":"https:\/\/www.24baires.com\/index.php?rest_route=%2Fwp%2Fv2%2Fcomments&post=7079"}],"version-history":[{"count":3,"href":"https:\/\/www.24baires.com\/index.php?rest_route=\/wp\/v2\/posts\/7079\/revisions"}],"predecessor-version":[{"id":7159,"href":"https:\/\/www.24baires.com\/index.php?rest_route=\/wp\/v2\/posts\/7079\/revisions\/7159"}],"wp:attachment":[{"href":"https:\/\/www.24baires.com\/index.php?rest_route=%2Fwp%2Fv2%2Fmedia&parent=7079"}],"wp:term":[{"taxonomy":"category","embeddable":true,"href":"https:\/\/www.24baires.com\/index.php?rest_route=%2Fwp%2Fv2%2Fcategories&post=7079"},{"taxonomy":"post_tag","embeddable":true,"href":"https:\/\/www.24baires.com\/index.php?rest_route=%2Fwp%2Fv2%2Ftags&post=7079"}],"curies":[{"name":"wp","href":"https:\/\/api.w.org\/{rel}","templated":true}]}}