{"id":7073,"date":"2012-11-28T11:39:36","date_gmt":"2012-11-28T14:39:36","guid":{"rendered":"http:\/\/www.24baires.com\/?p=7073"},"modified":"2012-11-28T11:39:36","modified_gmt":"2012-11-28T14:39:36","slug":"el-debate-que-necesita-este-pais-es-con-las-aulas-llenas-aseguro-nora-de-lucia","status":"publish","type":"post","link":"https:\/\/www.24baires.com\/?p=7073","title":{"rendered":"\u00abEl debate que necesita este pa\u00eds es con las aulas llenas\u00bb, asegur\u00f3 Nora de Luc\u00eda"},"content":{"rendered":"<p><strong><img data-recalc-dims=\"1\" loading=\"lazy\" decoding=\"async\" class=\"alignleft size-medium wp-image-7074\" title=\"de luc\u00eda\" src=\"https:\/\/i0.wp.com\/www.24baires.com\/wp-content\/uploads\/2012\/11\/de-luc%C3%ADa.jpg?resize=300%2C200\" alt=\"\" width=\"300\" height=\"200\" srcset=\"https:\/\/i0.wp.com\/www.24baires.com\/wp-content\/uploads\/2012\/11\/de-luc%C3%ADa.jpg?resize=300%2C200&amp;ssl=1 300w, https:\/\/i0.wp.com\/www.24baires.com\/wp-content\/uploads\/2012\/11\/de-luc%C3%ADa.jpg?w=400&amp;ssl=1 400w\" sizes=\"auto, (max-width: 300px) 100vw, 300px\" \/>CHIVILCOY &#8211;\u00a0<\/strong>La directora general de Cultura y Educaci\u00f3n bonaerense, Nora de Luc\u00eda, dijo que es \u00abpoco auspicioso\u00bb que los gremios docentes \u00abanuncien que est\u00e1 en peligro el comienzo del ciclo lectivo 2013 porque pone mal a los chicos que est\u00e1n apostando a la educaci\u00f3n\u00bb.<!--more--><\/p>\n<p>En el marco de la inauguraci\u00f3n del laboratorio de ensayos mec\u00e1nicos de la Escuela T\u00e9cnica N\u00b0 1 \u201cMariano Moreno\u201d de Chivilcoy, la directora general de Cultura y Educaci\u00f3n bonaerense, Nora De Luc\u00eda, volvi\u00f3 a cuestionar el paro docente que efectu\u00f3 el Frente Gremial la semana pasada.<\/p>\n<p>En ese sentido, advirti\u00f3 que \u201cel debate que necesita este pa\u00eds es con las aulas llenas porque este Gobierno est\u00e1 abierto al di\u00e1logo\u201d y \u201cno se necesitan los paros en esta \u00e9poca del a\u00f1o porque los que sufren son todos los chicos que est\u00e1n rindiendo los ex\u00e1menes finales\u201d.<\/p>\n<p>En la oportunidad, tambi\u00e9n se hizo entrega de equipamiento inform\u00e1tico a 22 escuelas t\u00e9cnicas de la provincia de Buenos Aires.<\/p>\n<p>\u201cHumildemente insistimos en la reflexi\u00f3n y me parece poco auspicioso que anuncien que est\u00e1 en peligro el comienzo del ciclo lectivo 2013 porque pone mal a los chicos que est\u00e1n apostando a la educaci\u00f3n y al Gobierno nacional y provincial que han manifestado que estos \u00faltimos 10 a\u00f1os han sido de transformaci\u00f3n a partir de la educaci\u00f3n. Son los 10 a\u00f1os del conocimiento de nuestro pa\u00eds para una mayor producci\u00f3n nacional\u201d, enfatiz\u00f3 la titular de la cartera educativa.<\/p>\n<p>Ante toda la comunidad educativa, la funcionaria, quien estuvo acompa\u00f1ada por el intendente de Chivilcoy, An\u00edbal Pittelli, anunci\u00f3 la apertura de la licitaci\u00f3n a comienzo del 2013 para la construcci\u00f3n del Jard\u00edn N\u00b0 920 y se\u00f1al\u00f3 que \u201cen nuestra Provincia estamos asumiendo la educaci\u00f3n, en la d\u00e9cada del conocimiento, para formar cada vez m\u00e1s y mejores hombres y mujeres para el trabajo\u201d.<\/p>\n<p>\u201cEstamos convencidos que la apuesta a la formaci\u00f3n de nuestros chicos y la transformaci\u00f3n a partir de la educaci\u00f3n va a dar el salto cualitativo de esta provincia y de nuestro pa\u00eds\u201d, concluy\u00f3 De Luc\u00eda.<\/p>\n<p>En tanto, el jefe comunal manifest\u00f3 que \u201ces una jornada de fiesta para nuestra ciudad porque estamos celebrando un hecho educativo muy importante para nuestros chicos que con este nuevo laboratorio de ensayos mec\u00e1nicos y el material inform\u00e1tico van a poder transformar la realidad educativa y luego el mundo del trabajo\u201d.<\/p>\n<p>Cabe rese\u00f1ar que el laboratorio de ensayos mec\u00e1nicos cuenta con: microscopio metalogr\u00e1fico, micro dur\u00f3metro vickers, micro dur\u00f3metro rockwell, cortadora, equipo de ultrasonido, inclusora, pulidora y una m\u00e1quina universal de ensayos.<\/p>\n<p>El equipamiento inform\u00e1tico se entreg\u00f3 a 22 escuelas t\u00e9cnicas de las localidades de Alberti, Bragado, Carlos Casares, Chacabuco, Chivilcoy, Col\u00f3n, General Pico, General Viamonte, General Villegas, Jun\u00edn, Leandro N. Alem, Lincoln, Nueve de Julio, Pehuaj\u00f3, Pergamino, Rivadavia, Rojas, Salliquel\u00f3, Salto, San Antonio de Areco, Trenque Launquen y Tres Lomas.<\/p>\n","protected":false},"excerpt":{"rendered":"<p>CHIVILCOY &#8211;\u00a0La directora general de Cultura y Educaci\u00f3n bonaerense, Nora de Luc\u00eda, dijo que es \u00abpoco auspicioso\u00bb que los gremios docentes \u00abanuncien que est\u00e1 en peligro el comienzo del ciclo lectivo 2013 porque pone mal a los chicos que est\u00e1n apostando a la educaci\u00f3n\u00bb.<\/p>\n","protected":false},"author":4,"featured_media":0,"comment_status":"open","ping_status":"open","sticky":false,"template":"","format":"standard","meta":{"_jetpack_newsletter_access":"","_jetpack_dont_email_post_to_subs":false,"_jetpack_newsletter_tier_id":0,"_jetpack_memberships_contains_paywalled_content":false,"_jetpack_memberships_contains_paid_content":false,"footnotes":""},"categories":[1],"tags":[],"class_list":["post-7073","post","type-post","status-publish","format-standard","hentry","category-sociedad"],"jetpack_featured_media_url":"","jetpack_shortlink":"https:\/\/wp.me\/p2JWE0-1Q5","jetpack-related-posts":[{"id":50052,"url":"https:\/\/www.24baires.com\/?p=50052","url_meta":{"origin":7073,"position":0},"title":"De Luc\u00eda: \u00abTodo avance se da con los chicos en las aulas\u00bb","author":"AF","date":"17\/07\/2014","format":false,"excerpt":"La Directora de Cultura y Educaci\u00f3n de la Provincia de Buenos Aires, inaugur\u00f3 junto al Intendente de Mar del Plata, Gustavo Pulti, una escuela secundaria para 5000 alumnos. La Directora de Cultura y Educaci\u00f3n de la Provincia de Buenos Aires, Nora De Luc\u00eda inaugur\u00f3 junto al Intendente de Mar del\u2026","rel":"","context":"En \u00abSociedad\u00bb","block_context":{"text":"Sociedad","link":"https:\/\/www.24baires.com\/?cat=1"},"img":{"alt_text":"Nora-de-Lucia","src":"https:\/\/i0.wp.com\/www.24baires.com\/wp-content\/uploads\/2014\/01\/Nora-de-Lucia.jpg?resize=350%2C200","width":350,"height":200,"srcset":"https:\/\/i0.wp.com\/www.24baires.com\/wp-content\/uploads\/2014\/01\/Nora-de-Lucia.jpg?resize=350%2C200 1x, https:\/\/i0.wp.com\/www.24baires.com\/wp-content\/uploads\/2014\/01\/Nora-de-Lucia.jpg?resize=525%2C300 1.5x"},"classes":[]},{"id":5558,"url":"https:\/\/www.24baires.com\/?p=5558","url_meta":{"origin":7073,"position":1},"title":"De Luc\u00eda: \u00abEl gobierno de Scioli da respuestas y los gremios arman un fin de semana largo\u00bb","author":"AF","date":"15\/11\/2012","format":false,"excerpt":"La titular de Educaci\u00f3n dijo que \u201cel gobierno de Scioli da respuestas\u201d y que la respuesta de los gremios \u201ces un fin de semana largo\u201d. La directora general de Cultura y Educaci\u00f3n de la provincia, Nora de Luc\u00eda, calific\u00f3 de \u201cabsurdo y vergonzoso\u201d el paro docente convocado para el jueves\u2026","rel":"","context":"En \u00abSociedad\u00bb","block_context":{"text":"Sociedad","link":"https:\/\/www.24baires.com\/?cat=1"},"img":{"alt_text":"","src":"","width":0,"height":0},"classes":[]},{"id":59872,"url":"https:\/\/www.24baires.com\/?p=59872","url_meta":{"origin":7073,"position":2},"title":"\u201cEn Educaci\u00f3n no nos tomamos vacaciones\u201d asegur\u00f3 Nora De Luc\u00eda","author":"Grupo Sierra","date":"10\/01\/2015","format":false,"excerpt":"La directora general de Cultura y Educaci\u00f3n de la Provincia, Nora De Lucia, manifest\u00f3 su optimismo sobre el normal inicio del ciclo lectivo que tendr\u00e1 lugar el pr\u00f3ximo 2 de marzo. La titular de la cartera educativa bonaerense manifest\u00f3 por Radio Provincia su satisfacci\u00f3n por los avances en la negociaci\u00f3n\u2026","rel":"","context":"En \u00abProvincia\u00bb","block_context":{"text":"Provincia","link":"https:\/\/www.24baires.com\/?cat=40"},"img":{"alt_text":"de lucia","src":"https:\/\/i0.wp.com\/www.24baires.com\/wp-content\/uploads\/2015\/01\/de-lucia.jpg?resize=350%2C200","width":350,"height":200,"srcset":"https:\/\/i0.wp.com\/www.24baires.com\/wp-content\/uploads\/2015\/01\/de-lucia.jpg?resize=350%2C200 1x, https:\/\/i0.wp.com\/www.24baires.com\/wp-content\/uploads\/2015\/01\/de-lucia.jpg?resize=525%2C300 1.5x"},"classes":[]},{"id":14364,"url":"https:\/\/www.24baires.com\/?p=14364","url_meta":{"origin":7073,"position":3},"title":"De Luc\u00eda: \u00abEstamos trabajando para darle respuestas al sector\u00bb","author":"AF","date":"02\/02\/2013","format":false,"excerpt":"As\u00ed lo se\u00f1al\u00f3 la directora de Cultura y Educaci\u00f3n bonaerense, Nora de Luc\u00eda, qui\u00e9n adem\u00e1s se\u00f1al\u00f3 que el pr\u00f3ximo encuentro con los gremios ser\u00e1 el d\u00eda 8 de Febrero. Durante la reuni\u00f3n de gabinete que encabez\u00f3 el gobernador Daniel Scioli en la dependencia del Banco Provincia en Capital Federal, se\u2026","rel":"","context":"En \u00abSociedad\u00bb","block_context":{"text":"Sociedad","link":"https:\/\/www.24baires.com\/?cat=1"},"img":{"alt_text":"scioli de luc\u00eda","src":"https:\/\/i0.wp.com\/www.24baires.com\/wp-content\/uploads\/2012\/11\/scioli-de-luc%C3%ADa-300x252.jpg?resize=350%2C200","width":350,"height":200},"classes":[]},{"id":43077,"url":"https:\/\/www.24baires.com\/?p=43077","url_meta":{"origin":7073,"position":4},"title":"Nora De Luc\u00eda asegur\u00f3 que se van a recuperar los contenidos perdidos por el paro","author":"Grupo Sierra","date":"31\/03\/2014","format":false,"excerpt":"La directora general de Cultura y Educaci\u00f3n bonaerense, Nora De Luc\u00eda, asegur\u00f3 hoy que \"se recuperar\u00e1n los contenidos y las jornadas perdidas por el paro\" docente que se extendi\u00f3 durante 17 d\u00edas, y anticip\u00f3 que desde el gobierno bonaerense propondr\u00e1n \"transformar en a\u00falicas\" las jornadas institucionales y de capacitaci\u00f3n provinciales.\u2026","rel":"","context":"En \u00abProvincia\u00bb","block_context":{"text":"Provincia","link":"https:\/\/www.24baires.com\/?cat=40"},"img":{"alt_text":"Nora-de-Lucia","src":"https:\/\/i0.wp.com\/www.24baires.com\/wp-content\/uploads\/2014\/01\/Nora-de-Lucia.jpg?resize=350%2C200","width":350,"height":200,"srcset":"https:\/\/i0.wp.com\/www.24baires.com\/wp-content\/uploads\/2014\/01\/Nora-de-Lucia.jpg?resize=350%2C200 1x, https:\/\/i0.wp.com\/www.24baires.com\/wp-content\/uploads\/2014\/01\/Nora-de-Lucia.jpg?resize=525%2C300 1.5x"},"classes":[]},{"id":53009,"url":"https:\/\/www.24baires.com\/?p=53009","url_meta":{"origin":7073,"position":5},"title":"Ponen en marcha la primer \u00abAula Interactiva\u00bb del pa\u00eds en Tigre","author":"GB","date":"03\/09\/2014","format":false,"excerpt":"A trav\u00e9s del trabajo conjunto entre la Jefatura de Gabinete bonaerense, la Direcci\u00f3n General de Cultura y Educaci\u00f3n provincial y la empresa Samsung, la Provincia ya tiene su primer Aula Interactiva que funciona en la Escuela Secundaria 35 de Tigre y que permitir\u00e1 que los chicos accedan a nuevas experiencias\u2026","rel":"","context":"En \u00abSociedad\u00bb","block_context":{"text":"Sociedad","link":"https:\/\/www.24baires.com\/?cat=1"},"img":{"alt_text":"aula interactiva","src":"https:\/\/i0.wp.com\/www.24baires.com\/wp-content\/uploads\/2014\/09\/aula-interactiva.png?resize=350%2C200","width":350,"height":200},"classes":[]}],"jetpack_sharing_enabled":true,"jetpack_likes_enabled":true,"_links":{"self":[{"href":"https:\/\/www.24baires.com\/index.php?rest_route=\/wp\/v2\/posts\/7073","targetHints":{"allow":["GET"]}}],"collection":[{"href":"https:\/\/www.24baires.com\/index.php?rest_route=\/wp\/v2\/posts"}],"about":[{"href":"https:\/\/www.24baires.com\/index.php?rest_route=\/wp\/v2\/types\/post"}],"author":[{"embeddable":true,"href":"https:\/\/www.24baires.com\/index.php?rest_route=\/wp\/v2\/users\/4"}],"replies":[{"embeddable":true,"href":"https:\/\/www.24baires.com\/index.php?rest_route=%2Fwp%2Fv2%2Fcomments&post=7073"}],"version-history":[{"count":1,"href":"https:\/\/www.24baires.com\/index.php?rest_route=\/wp\/v2\/posts\/7073\/revisions"}],"predecessor-version":[{"id":7075,"href":"https:\/\/www.24baires.com\/index.php?rest_route=\/wp\/v2\/posts\/7073\/revisions\/7075"}],"wp:attachment":[{"href":"https:\/\/www.24baires.com\/index.php?rest_route=%2Fwp%2Fv2%2Fmedia&parent=7073"}],"wp:term":[{"taxonomy":"category","embeddable":true,"href":"https:\/\/www.24baires.com\/index.php?rest_route=%2Fwp%2Fv2%2Fcategories&post=7073"},{"taxonomy":"post_tag","embeddable":true,"href":"https:\/\/www.24baires.com\/index.php?rest_route=%2Fwp%2Fv2%2Ftags&post=7073"}],"curies":[{"name":"wp","href":"https:\/\/api.w.org\/{rel}","templated":true}]}}