{"id":7070,"date":"2012-11-28T16:30:19","date_gmt":"2012-11-28T19:30:19","guid":{"rendered":"http:\/\/www.24baires.com\/?p=7070"},"modified":"2012-11-28T11:20:51","modified_gmt":"2012-11-28T14:20:51","slug":"se-estrena-mika-la-obra-teatral-inspirada-en-el-caso-marita-veron","status":"publish","type":"post","link":"https:\/\/www.24baires.com\/?p=7070","title":{"rendered":"Se estrena \u00abMika\u00bb, la obra teatral inspirada en el caso Marita Ver\u00f3n"},"content":{"rendered":"<p><img data-recalc-dims=\"1\" loading=\"lazy\" decoding=\"async\" class=\"alignleft size-full wp-image-4722\" title=\"trimarco\" src=\"https:\/\/i0.wp.com\/www.24baires.com\/wp-content\/uploads\/2012\/11\/trimarco.jpg?resize=290%2C174\" alt=\"\" width=\"290\" height=\"174\" \/>Ser\u00e1 a las 19.30 de este mi\u00e9rcoles en el marco del lanzamiento del programa \u201cTeatro en Conexi\u00f3n para la transformaci\u00f3n social y la participaci\u00f3n ciudadana\u201d. La iniciativa forma parte de la apertura de la Legislatura a la comunidad que promueve el vicegobernador Gabriel Mariotto. Con entrada libre y gratuita, tendr\u00e1 lugar en el Anexo del Senado.<!--more--><\/p>\n<p>El Senado bonaerense estrenar\u00e1 este mi\u00e9rcoles a las 19.30 la obra teatral MIKA, inspirada en el caso de Marita Ver\u00f3n y la lucha de su madre por rescatarla de las redes de trata de personas que la secuestraron en el a\u00f1o 2002.<\/p>\n<p>La presentaci\u00f3n se realizar\u00e1 en el Sal\u00f3n Eva Per\u00f3n del edificio Anexo del Senado bonaerense, en 7 y 49, en el marco del lanzamiento del Programa \u201cTeatro en Conexi\u00f3n para la transformaci\u00f3n social y la participaci\u00f3n ciudadana\u201d. La iniciativa forma parte de la apertura de la Legislatura a la comunidad que promueve el vicegobernador Gabriel Mariotto.<\/p>\n<p>La obra, creada y dirigida por la artista platense Jimena Duca, est\u00e1 inspirada en la lucha de Susana Trimarco, madre de Marita, que en 2002 inici\u00f3 una lucha que permiti\u00f3 recuperar a 150 mujeres secuestradas en la Argentina para ser explotadas sexualmente.<\/p>\n<p>MIKA es una obra basada en historias reales de trata y otros tipos de violencia de g\u00e9nero. Es un puente que invita a hombres y mujeres al di\u00e1logo y a explorar nuevas formas de relacionarse con sus madres, hijas, esposas y hermanas.<\/p>\n<p>Esta propuesta teatral fue concebida y estrenada en la Sede de Naciones Unidas en 2008, como parte de la Campa\u00f1a \u201cUnidos para terminar con la violencia contra las mujeres\u201d, una iniciativa impulsada por el Secretario General de la ONU, Ban ki-Moon. En MIKA se denuncia la violencia de g\u00e9nero, la corrupci\u00f3n policial, la mirada esquiva de la Justicia y la indiferencia de algunas autoridades.<\/p>\n<p>La entrada es libre y gratuita. Organiza la Direcci\u00f3n de Cultura del Senado.<\/p>\n","protected":false},"excerpt":{"rendered":"<p>Ser\u00e1 a las 19.30 de este mi\u00e9rcoles en el marco del lanzamiento del programa \u201cTeatro en Conexi\u00f3n para la transformaci\u00f3n social y la participaci\u00f3n ciudadana\u201d. La iniciativa forma parte de la apertura de la Legislatura a la comunidad que promueve el vicegobernador Gabriel Mariotto. Con entrada libre y gratuita, tendr\u00e1 lugar en el Anexo del Senado.<\/p>\n","protected":false},"author":4,"featured_media":0,"comment_status":"open","ping_status":"open","sticky":false,"template":"","format":"standard","meta":{"_jetpack_newsletter_access":"","_jetpack_dont_email_post_to_subs":false,"_jetpack_newsletter_tier_id":0,"_jetpack_memberships_contains_paywalled_content":false,"_jetpack_memberships_contains_paid_content":false,"footnotes":""},"categories":[1],"tags":[],"class_list":["post-7070","post","type-post","status-publish","format-standard","hentry","category-sociedad"],"jetpack_featured_media_url":"","jetpack_shortlink":"https:\/\/wp.me\/p2JWE0-1Q2","jetpack-related-posts":[{"id":40169,"url":"https:\/\/www.24baires.com\/?p=40169","url_meta":{"origin":7070,"position":0},"title":"Contin\u00faan en Mar del Plata las actividades conrta la trata de personas","author":"Grupo Sierra","date":"10\/02\/2014","format":false,"excerpt":"MAR DEL PLATA- Organizado por la C\u00e1mara de Diputados de la provincia de Buenos Aires, tendr\u00e1 lugar hasta el pr\u00f3ximo martes, con una serie de foros abiertos a la comunidad y gran cantidad de informaci\u00f3n \u00fatil para la poblaci\u00f3n sobre diversas \u00e1reas del trabajo legislativo. Con la presentaci\u00f3n de la\u2026","rel":"","context":"En \u00abLocales\u00bb","block_context":{"text":"Locales","link":"https:\/\/www.24baires.com\/?cat=38"},"img":{"alt_text":"MIKA","src":"https:\/\/i0.wp.com\/www.24baires.com\/wp-content\/uploads\/2014\/01\/MIKA.jpg?resize=350%2C200","width":350,"height":200,"srcset":"https:\/\/i0.wp.com\/www.24baires.com\/wp-content\/uploads\/2014\/01\/MIKA.jpg?resize=350%2C200 1x, https:\/\/i0.wp.com\/www.24baires.com\/wp-content\/uploads\/2014\/01\/MIKA.jpg?resize=525%2C300 1.5x"},"classes":[]},{"id":41778,"url":"https:\/\/www.24baires.com\/?p=41778","url_meta":{"origin":7070,"position":1},"title":"Florencio Varela celebra el D\u00eda de la Mujer con una caminata por la igualdad de g\u00e9nero","author":"Grupo Sierra","date":"08\/03\/2014","format":false,"excerpt":"\u201cEs una fecha muy importante donde seguimos luchando por nuestra igualdad\u201d, coment\u00f3 Anal\u00eda Fuentes, miembro de la Asociaci\u00f3n de Mujeres Varelenses. Las actividades por el d\u00eda de la mujer continuar\u00e1n hoy en el polideportivo municipal \u201cLa Patriada\u201d. En el marco de las conmemoraciones por el D\u00eda Internacional de la Mujer,\u2026","rel":"","context":"En \u00abMunicipios\u00bb","block_context":{"text":"Municipios","link":"https:\/\/www.24baires.com\/?cat=44"},"img":{"alt_text":"florencio varela","src":"https:\/\/i0.wp.com\/www.24baires.com\/wp-content\/uploads\/2014\/03\/florencio-varela.jpg?resize=350%2C200","width":350,"height":200,"srcset":"https:\/\/i0.wp.com\/www.24baires.com\/wp-content\/uploads\/2014\/03\/florencio-varela.jpg?resize=350%2C200 1x, https:\/\/i0.wp.com\/www.24baires.com\/wp-content\/uploads\/2014\/03\/florencio-varela.jpg?resize=525%2C300 1.5x"},"classes":[]},{"id":9539,"url":"https:\/\/www.24baires.com\/?p=9539","url_meta":{"origin":7070,"position":2},"title":"Cristina recibi\u00f3 a Susana Trimarco en la Casa de Gobierno","author":"Grupo Sierra","date":"17\/12\/2012","format":false,"excerpt":"La presidenta Cristina Fern\u00e1ndez de Kirchner recibi\u00f3 a la madre de Marita Ver\u00f3n en la Casa de Gobierno. Trimarco ingres\u00f3 a la Casa Rosada pasadas las 19.30, a\u00f1adieron las fuentes. La semana pasada el tribunal de la Sala II de la C\u00e1mara Penal de Tucum\u00e1n absolvi\u00f3 a los 13 imputados\u2026","rel":"","context":"En \u00abSociedad\u00bb","block_context":{"text":"Sociedad","link":"https:\/\/www.24baires.com\/?cat=1"},"img":{"alt_text":"","src":"","width":0,"height":0},"classes":[]},{"id":39054,"url":"https:\/\/www.24baires.com\/?p=39054","url_meta":{"origin":7070,"position":3},"title":"Presentan la obra &#8216;Mika&#8217;, inspirada en Susana Trimarco","author":"Grupo Sierra","date":"23\/01\/2014","format":false,"excerpt":"La pieza relata distintas formas de la violencia de g\u00e9nero, la explotaci\u00f3n sexual y denuncia la corrupci\u00f3n policial. Se podr\u00e1 ver en Mar del Plata a partir del 30. La obra aborda distintas caras de la violencia de g\u00e9nero como la trata para la explotaci\u00f3n sexual, los malos tratos y\u2026","rel":"","context":"En \u00abEspectaculos\u00bb","block_context":{"text":"Espectaculos","link":"https:\/\/www.24baires.com\/?cat=41"},"img":{"alt_text":"MIKA","src":"https:\/\/i0.wp.com\/www.24baires.com\/wp-content\/uploads\/2014\/01\/MIKA.jpg?resize=350%2C200","width":350,"height":200,"srcset":"https:\/\/i0.wp.com\/www.24baires.com\/wp-content\/uploads\/2014\/01\/MIKA.jpg?resize=350%2C200 1x, https:\/\/i0.wp.com\/www.24baires.com\/wp-content\/uploads\/2014\/01\/MIKA.jpg?resize=525%2C300 1.5x"},"classes":[]},{"id":35446,"url":"https:\/\/www.24baires.com\/?p=35446","url_meta":{"origin":7070,"position":4},"title":"Realizaron en Tandil el 2\u00ba Foro Provincial Contra la Trata de Personas","author":"AF","date":"20\/11\/2013","format":false,"excerpt":"Legisladores bonaerenses y especialistas disertaron ayer en el segundo Foro Provincial Contra la Trata de Personas con fines de explotaci\u00f3n sexual, que tiene como objetivo difundir las pol\u00edticas nacionales y provinciales sobre la tem\u00e1tica, as\u00ed como incentivar la realizaci\u00f3n de normativa local. Se realizaron distintas actividades y se present\u00f3 la\u2026","rel":"","context":"En \u00abLocales\u00bb","block_context":{"text":"Locales","link":"https:\/\/www.24baires.com\/?cat=38"},"img":{"alt_text":"foro trata tandil","src":"https:\/\/i0.wp.com\/www.24baires.com\/wp-content\/uploads\/2013\/11\/foro-trata-tandil.jpg?resize=350%2C200","width":350,"height":200,"srcset":"https:\/\/i0.wp.com\/www.24baires.com\/wp-content\/uploads\/2013\/11\/foro-trata-tandil.jpg?resize=350%2C200 1x, https:\/\/i0.wp.com\/www.24baires.com\/wp-content\/uploads\/2013\/11\/foro-trata-tandil.jpg?resize=525%2C300 1.5x"},"classes":[]},{"id":34675,"url":"https:\/\/www.24baires.com\/?p=34675","url_meta":{"origin":7070,"position":5},"title":"Presentan libro sobre Marita Ver\u00f3n en la Feria del Libro del Conurbano","author":"AF","date":"05\/11\/2013","format":false,"excerpt":"La autora de \u201cLa Red. La trama oculta del caso Marita Ver\u00f3n\u201d, Sibila Camps, dialog\u00f3 sobre la presentaci\u00f3n de su obra en el Centro Cultural Padre Mugica, en el marco de la cuarta edici\u00f3n de la Feria del Libro del Conurbano. Remarc\u00f3 la importancia de compartir un espacio con tem\u00e1ticas\u2026","rel":"","context":"En \u00abLocales\u00bb","block_context":{"text":"Locales","link":"https:\/\/www.24baires.com\/?cat=38"},"img":{"alt_text":"sibila camps la red","src":"https:\/\/i0.wp.com\/www.24baires.com\/wp-content\/uploads\/2013\/11\/sibila-camps-la-red.jpg?resize=350%2C200","width":350,"height":200,"srcset":"https:\/\/i0.wp.com\/www.24baires.com\/wp-content\/uploads\/2013\/11\/sibila-camps-la-red.jpg?resize=350%2C200 1x, https:\/\/i0.wp.com\/www.24baires.com\/wp-content\/uploads\/2013\/11\/sibila-camps-la-red.jpg?resize=525%2C300 1.5x"},"classes":[]}],"jetpack_sharing_enabled":true,"jetpack_likes_enabled":true,"_links":{"self":[{"href":"https:\/\/www.24baires.com\/index.php?rest_route=\/wp\/v2\/posts\/7070","targetHints":{"allow":["GET"]}}],"collection":[{"href":"https:\/\/www.24baires.com\/index.php?rest_route=\/wp\/v2\/posts"}],"about":[{"href":"https:\/\/www.24baires.com\/index.php?rest_route=\/wp\/v2\/types\/post"}],"author":[{"embeddable":true,"href":"https:\/\/www.24baires.com\/index.php?rest_route=\/wp\/v2\/users\/4"}],"replies":[{"embeddable":true,"href":"https:\/\/www.24baires.com\/index.php?rest_route=%2Fwp%2Fv2%2Fcomments&post=7070"}],"version-history":[{"count":2,"href":"https:\/\/www.24baires.com\/index.php?rest_route=\/wp\/v2\/posts\/7070\/revisions"}],"predecessor-version":[{"id":7072,"href":"https:\/\/www.24baires.com\/index.php?rest_route=\/wp\/v2\/posts\/7070\/revisions\/7072"}],"wp:attachment":[{"href":"https:\/\/www.24baires.com\/index.php?rest_route=%2Fwp%2Fv2%2Fmedia&parent=7070"}],"wp:term":[{"taxonomy":"category","embeddable":true,"href":"https:\/\/www.24baires.com\/index.php?rest_route=%2Fwp%2Fv2%2Fcategories&post=7070"},{"taxonomy":"post_tag","embeddable":true,"href":"https:\/\/www.24baires.com\/index.php?rest_route=%2Fwp%2Fv2%2Ftags&post=7070"}],"curies":[{"name":"wp","href":"https:\/\/api.w.org\/{rel}","templated":true}]}}