{"id":707,"date":"2012-09-30T12:30:49","date_gmt":"2012-09-30T15:30:49","guid":{"rendered":"http:\/\/www.24baires.com\/?p=707"},"modified":"2012-09-30T13:09:35","modified_gmt":"2012-09-30T16:09:35","slug":"la-ley-de-acceso-a-la-vivienda-responde-a-una-lucha-que-tiene-mas-de-25-anos-senalo-ottavis","status":"publish","type":"post","link":"https:\/\/www.24baires.com\/?p=707","title":{"rendered":"\u00abLa ley de acceso a la vivienda responde a una lucha que tiene m\u00e1s de 25 a\u00f1os\u00bb se\u00f1al\u00f3 Ottavis"},"content":{"rendered":"<p><img data-recalc-dims=\"1\" loading=\"lazy\" decoding=\"async\" class=\"alignleft size-full wp-image-708\" title=\"Ottavis\" src=\"https:\/\/i0.wp.com\/www.24baires.com\/wp-content\/uploads\/2012\/09\/Ottavis.jpg?resize=300%2C226\" alt=\"\" width=\"300\" height=\"226\" \/>El vicepresidente de la C\u00e1mara de diputados de la provincia de Buenos Aires, Jos\u00e9 Mar\u00eda Ottavis, \u00a0se\u00f1al\u00f3 hoy que el proyecto de ley de acceso justo a la vivienda, presentado esta semana en la legislatura bonaerense por el diputado Alberto Espa\u00f1a, \u201ces una iniciativa de la lucha de un pueblo de m\u00e1s de 25 a\u00f1os\u00bb.<!--more--><br \/>\nPara el diputado bonaerense, la \u201clucha encontr\u00f3 en este momento pol\u00edtico hist\u00f3rico del pa\u00eds, una Legislatura que desde varios bloques pol\u00edticos, junto a (al presidente de la c\u00e1mara) Horacio Gonz\u00e1lez, tomamos esos reclamos para transformarlos en algo concreto para el pueblo de la provincia\u201d.<br \/>\nEl proyecto de ley presentado por Espa\u00f1a (Frente para la Victoria) prev\u00e9, entre otras cosas, que los nuevos emprendimientos comerciales que excedan los 5 mil metros cuadrados y tengan una \u201cfunci\u00f3n urbana\u201d dentro de la provincia de Buenos Aires tendr\u00e1n que ceder parte de la valorizaci\u00f3n que hace el estado de las tierras.<br \/>\nEntre los principales objetivos est\u00e1 el de \u201cdesarrollar nuevas \u00e1reas residenciales en centros urbanos o asentamientos rurales, mediante la construcci\u00f3n de conjuntos de viviendas a trav\u00e9s de un desarrollo progresivo\u201d.<br \/>\nDurante el reportaje, Ottavis se refiri\u00f3 tambi\u00e9n a otro de los proyectos presentados en la legislatura provincial por el bloque del Frente para la Victoria, el que promueve bajar la edad de votaci\u00f3n a los 16 a\u00f1os.<br \/>\n\u201cEn sinton\u00eda con la iniciativa promovida desde la Naci\u00f3n, junto con la diputada Graciela Rego y con nuestro jefe del bloque, Juan De Jes\u00fas, estamos impulsando un proyecto de ley para posibilitar que los j\u00f3venes puedan votar en las elecciones provinciales y municipales\u201d, explic\u00f3.<br \/>\nPor otra parte, Ottavis se\u00f1al\u00f3 \u00abvenimos trabajamos en conjunto con los diputados Valicenti y Funes en una serie de proyectos cuyo objetivo es valorizar lo p\u00fablico, promoviendo que todas las entidades de la Administraci\u00f3n P\u00fablica de la provincia contraten bienes y servicios en Aerol\u00edneas Argentinas, YPF, el Banco Provincia\u00bb, y agreg\u00f3 que en materia de g\u00e9nero \u00ab(trabajamos) junto con las diputadas Viviana Nocito y Fernanda Raverta, venimos trabajando sobre un Proyecto de Ley en torno a la violencia de g\u00e9nero\u00bb.<br \/>\nFinalmente, el diputado kirchnerista afirm\u00f3 que \u201cEn nuestro pa\u00eds se est\u00e1 produciendo un proceso maravilloso de recambio generacional en la pol\u00edtica que debe ser acompa\u00f1ado en lo legislativo, porque necesitamos seguir fomentando la participaci\u00f3n ciudadana y existe una demanda expl\u00edcita de mayor participaci\u00f3n\u201d, concluy\u00f3.<\/p>\n","protected":false},"excerpt":{"rendered":"<p>El vicepresidente de la C\u00e1mara de diputados de la provincia de Buenos Aires, Jos\u00e9 Mar\u00eda Ottavis, \u00a0se\u00f1al\u00f3 hoy que el proyecto de ley de acceso justo a la vivienda, presentado esta semana en la legislatura bonaerense por el diputado Alberto Espa\u00f1a, \u201ces una iniciativa de la lucha de un pueblo de m\u00e1s de 25 a\u00f1os\u00bb.<\/p>\n","protected":false},"author":11,"featured_media":0,"comment_status":"open","ping_status":"open","sticky":false,"template":"","format":"standard","meta":{"_jetpack_newsletter_access":"","_jetpack_dont_email_post_to_subs":false,"_jetpack_newsletter_tier_id":0,"_jetpack_memberships_contains_paywalled_content":false,"_jetpack_memberships_contains_paid_content":false,"footnotes":""},"categories":[51],"tags":[],"class_list":["post-707","post","type-post","status-publish","format-standard","hentry","category-politica"],"jetpack_featured_media_url":"","jetpack_shortlink":"https:\/\/wp.me\/p2JWE0-bp","jetpack-related-posts":[{"id":122214,"url":"https:\/\/www.24baires.com\/?p=122214","url_meta":{"origin":707,"position":0},"title":"Confirmado: no habr\u00e1 elecciones primarias en la Provincia durante 2025","author":"GB","date":"29\/04\/2025","format":false,"excerpt":"Con mas de dos tercios de los votos, la C\u00e1mara de Diputados le dio la media sanci\u00f3n que le falta al proyecto de la suspensi\u00f3n por el a\u00f1o 2025 PASO. Ma\u00f1ana sesionara la comisi\u00f3n de Reforma Pol\u00edtica para definir los plazos del cronograma electoral. La interna oficialista presente en los\u2026","rel":"","context":"En \u00abProvincia\u00bb","block_context":{"text":"Provincia","link":"https:\/\/www.24baires.com\/?cat=40"},"img":{"alt_text":"","src":"https:\/\/i0.wp.com\/www.24baires.com\/wp-content\/uploads\/2020\/09\/diputados-bonaerense.jpg?resize=350%2C200","width":350,"height":200,"srcset":"https:\/\/i0.wp.com\/www.24baires.com\/wp-content\/uploads\/2020\/09\/diputados-bonaerense.jpg?resize=350%2C200 1x, https:\/\/i0.wp.com\/www.24baires.com\/wp-content\/uploads\/2020\/09\/diputados-bonaerense.jpg?resize=525%2C300 1.5x, https:\/\/i0.wp.com\/www.24baires.com\/wp-content\/uploads\/2020\/09\/diputados-bonaerense.jpg?resize=700%2C400 2x"},"classes":[]},{"id":40357,"url":"https:\/\/www.24baires.com\/?p=40357","url_meta":{"origin":707,"position":1},"title":"Mar del Plata: finaliz\u00f3 un nuevo foro contra la trata","author":"GB","date":"12\/02\/2014","format":false,"excerpt":"MAR DEL PLATA-Con la participaci\u00f3n de m\u00e1s de 25.000 ciudadanos a lo largo de diferentes jornadas, concluy\u00f3 en Mar del Plata un nuevo foro contra la trata de personas. Promovido por el presidente de la C\u00e1mara de Diputados de la Provincia de Buenos Aires, Horacio Gonz\u00e1lez, y su vicepresidente, Jos\u00e9\u2026","rel":"","context":"En \u00abSociedad\u00bb","block_context":{"text":"Sociedad","link":"https:\/\/www.24baires.com\/?cat=1"},"img":{"alt_text":"","src":"","width":0,"height":0},"classes":[]},{"id":118270,"url":"https:\/\/www.24baires.com\/?p=118270","url_meta":{"origin":707,"position":2},"title":"El gobierno bonaerense present\u00f3 el proyecto de ley de Presupuesto 2022","author":"AF","date":"29\/11\/2021","format":false,"excerpt":"Con el eje puesto en \u201cconsolidar un estado presente en esta nueva etapa de recuperaci\u00f3n econ\u00f3mica que le permita a la provincia lograr un crecimiento sostenido con inclusi\u00f3n social\u201d, el presupuesto es una hoja de ruta de los planes que tiene el Poder Ejecutivo para el a\u00f1o entrante\u201d, detall\u00f3 el\u2026","rel":"","context":"En \u00abEconom\u00eda\u00bb","block_context":{"text":"Econom\u00eda","link":"https:\/\/www.24baires.com\/?cat=45"},"img":{"alt_text":"","src":"https:\/\/i0.wp.com\/www.24baires.com\/wp-content\/uploads\/2021\/11\/5c0837591ccb7_900.jpg?resize=350%2C200","width":350,"height":200,"srcset":"https:\/\/i0.wp.com\/www.24baires.com\/wp-content\/uploads\/2021\/11\/5c0837591ccb7_900.jpg?resize=350%2C200 1x, https:\/\/i0.wp.com\/www.24baires.com\/wp-content\/uploads\/2021\/11\/5c0837591ccb7_900.jpg?resize=525%2C300 1.5x"},"classes":[]},{"id":9497,"url":"https:\/\/www.24baires.com\/?p=9497","url_meta":{"origin":707,"position":3},"title":"\u00abMilitancia Popular\u00bb se reuni\u00f3 en Ituzaing\u00f3","author":"AF","date":"17\/12\/2012","format":false,"excerpt":"Encabezada por su conductor y presidente de la C\u00e1mara de Diputados de la Provincia de Buenos Aires, Horacio Gonz\u00e1lez, la agrupaci\u00f3n peronista \u201cMilitancia Popular\u201d se congreg\u00f3 en Ituzaing\u00f3 para ratificar \u201cla lealtad a N\u00e9stor Kirchner, a Cristina Fern\u00e1ndez, y al proyecto nacional y popular\u201d. \u201cMientras no haya igualdad en el\u2026","rel":"","context":"En \u00abPol\u00edtica\u00bb","block_context":{"text":"Pol\u00edtica","link":"https:\/\/www.24baires.com\/?cat=51"},"img":{"alt_text":"militancia popular ituzaingo","src":"https:\/\/i0.wp.com\/www.24baires.com\/wp-content\/uploads\/2012\/12\/militancia-popular-ituzaingo.png?resize=350%2C200","width":350,"height":200},"classes":[]},{"id":18462,"url":"https:\/\/www.24baires.com\/?p=18462","url_meta":{"origin":707,"position":4},"title":"Gran expectativa por un Proyecto de Ley que le permitir\u00eda a Caril\u00f3 reintegrarse a Madariaga","author":"AF","date":"15\/03\/2013","format":false,"excerpt":"La iniciativa ya se encuentra en la C\u00e1mara de Diputados bonaerense y contar\u00eda con el aval del bloque oficialista. \u201cEn la Legislatura y especialmente en el Senado de la Provincia nuestro proyecto tuvo buena recepci\u00f3n y se mostraron sensibles a nuestros reclamos\u201d, dijo Miguel Anzel, de la Sociedad de Fomento\u2026","rel":"","context":"En \u00abMunicipios\u00bb","block_context":{"text":"Municipios","link":"https:\/\/www.24baires.com\/?cat=44"},"img":{"alt_text":"carilo","src":"https:\/\/i0.wp.com\/www.24baires.com\/wp-content\/uploads\/2012\/10\/carilo.jpg?resize=350%2C200","width":350,"height":200,"srcset":"https:\/\/i0.wp.com\/www.24baires.com\/wp-content\/uploads\/2012\/10\/carilo.jpg?resize=350%2C200 1x, https:\/\/i0.wp.com\/www.24baires.com\/wp-content\/uploads\/2012\/10\/carilo.jpg?resize=525%2C300 1.5x"},"classes":[]},{"id":121850,"url":"https:\/\/www.24baires.com\/?p=121850","url_meta":{"origin":707,"position":5},"title":"La Libertad Avanza present\u00f3 un proyecto para eliminar las PASO en la provincia","author":"GB","date":"27\/11\/2024","format":false,"excerpt":"El partido del presidente Javier Milei present\u00f3 en ambas c\u00e1maras de la Legislatura bonaerense un proyecto para borrar definitivamente las PASO del calendario electoral. Los distintos bloques legislativos que responden al presidente Javier Milei presentaron en las c\u00e1maras de Diputados y Senadores bonaerense un proyecto de ley para eliminar definitivamente\u2026","rel":"","context":"En \u00abPol\u00edtica\u00bb","block_context":{"text":"Pol\u00edtica","link":"https:\/\/www.24baires.com\/?cat=51"},"img":{"alt_text":"","src":"https:\/\/i0.wp.com\/www.24baires.com\/wp-content\/uploads\/2024\/11\/bloque-lla.webp?resize=350%2C200","width":350,"height":200,"srcset":"https:\/\/i0.wp.com\/www.24baires.com\/wp-content\/uploads\/2024\/11\/bloque-lla.webp?resize=350%2C200 1x, https:\/\/i0.wp.com\/www.24baires.com\/wp-content\/uploads\/2024\/11\/bloque-lla.webp?resize=525%2C300 1.5x, https:\/\/i0.wp.com\/www.24baires.com\/wp-content\/uploads\/2024\/11\/bloque-lla.webp?resize=700%2C400 2x"},"classes":[]}],"jetpack_sharing_enabled":true,"jetpack_likes_enabled":true,"_links":{"self":[{"href":"https:\/\/www.24baires.com\/index.php?rest_route=\/wp\/v2\/posts\/707","targetHints":{"allow":["GET"]}}],"collection":[{"href":"https:\/\/www.24baires.com\/index.php?rest_route=\/wp\/v2\/posts"}],"about":[{"href":"https:\/\/www.24baires.com\/index.php?rest_route=\/wp\/v2\/types\/post"}],"author":[{"embeddable":true,"href":"https:\/\/www.24baires.com\/index.php?rest_route=\/wp\/v2\/users\/11"}],"replies":[{"embeddable":true,"href":"https:\/\/www.24baires.com\/index.php?rest_route=%2Fwp%2Fv2%2Fcomments&post=707"}],"version-history":[{"count":0,"href":"https:\/\/www.24baires.com\/index.php?rest_route=\/wp\/v2\/posts\/707\/revisions"}],"wp:attachment":[{"href":"https:\/\/www.24baires.com\/index.php?rest_route=%2Fwp%2Fv2%2Fmedia&parent=707"}],"wp:term":[{"taxonomy":"category","embeddable":true,"href":"https:\/\/www.24baires.com\/index.php?rest_route=%2Fwp%2Fv2%2Fcategories&post=707"},{"taxonomy":"post_tag","embeddable":true,"href":"https:\/\/www.24baires.com\/index.php?rest_route=%2Fwp%2Fv2%2Ftags&post=707"}],"curies":[{"name":"wp","href":"https:\/\/api.w.org\/{rel}","templated":true}]}}