{"id":7066,"date":"2012-11-28T09:09:14","date_gmt":"2012-11-28T12:09:14","guid":{"rendered":"http:\/\/www.24baires.com\/?p=7066"},"modified":"2012-11-28T11:13:20","modified_gmt":"2012-11-28T14:13:20","slug":"ex-convicto-mato-a-un-guardia-penitenciario-tomo-de-rehen-a-su-familia-e-intento-suicidarse","status":"publish","type":"post","link":"https:\/\/www.24baires.com\/?p=7066","title":{"rendered":"Ex convicto mat\u00f3 a un guardia penitenciario, tom\u00f3 de reh\u00e9n a su familia e intent\u00f3 suicidarse"},"content":{"rendered":"<p><strong>LA PLATA &#8211;<\/strong> Ocurri\u00f3 durarnte la noche del martes, cerca de la <strong>c\u00e1rcel de Olmos<\/strong>. Un ex preso fue hasta la casa del agente penitenciario y <strong>lo<\/strong> <strong>mat\u00f3<\/strong>. Luego <strong>retuvo<\/strong> <strong>a la familia<\/strong> de la v\u00edctima e<strong> intent\u00f3 quitarse la vida<\/strong>.<!--more--><\/p>\n<div><\/div>\n<p>Un ex convicto que mat\u00f3 de un disparo a un efectivo del Servicio Penitenciario Bonaerense en su domicilio de la localidad platense de Lisandro Olmos, luego de liberar a cuatro familiares de la v\u00edctima que manten\u00eda como rehenes en la vivienda intent\u00f3 suicidarse al dispararse con su arma en la cabeza.<\/p>\n<p>El ministro de Seguridad bonaerense, Ricardo Casal, explic\u00f3 en las adyacencias del lugar de los hechos que el agresor se encerr\u00f3 en un ba\u00f1o antes de dispararse, luego de haber liberado a los rehenes gracias a la acci\u00f3n de un mediador y ante la presencia de efectivos policiales del Grupo Halc\u00f3n.<\/p>\n<p>Casal precis\u00f3 que entre las cuatro mujeres que estuvieron como rehenes hab\u00eda una ni\u00f1a de 3 a\u00f1os y una mujer embarazada.<\/p>\n<p>El agente penitenciario asesinado fue identificado como H\u00e9ctor William Torres y el ex convicto que tiene apellido Dom\u00ednguez, luego de haberse disparado con su arma fue trasladado en grave estado a un hospital de la zona.<\/p>\n<p>El agresor se hallaba en libertad condicional desde hac\u00eda siete meses despu\u00e9s de haber estado detenido en la Unidad Penal 1 de Lisandro Olmos donde tambi\u00e9n trabajaba su v\u00edctima asesinada.<\/p>\n<p>Fuentes policiales precisaron que el homicidio del guardiac\u00e1rcel se cometi\u00f3 alrededor de las 23 horas de anoche en una vivienda ubicada en la calle 52 entre 196 y 197, de Olmos, partido de La Plata, a pocas cuadras de la unidad carcelaria.<\/p>\n<p>Junto al ministro de Seguridad bonaerense estuvo tambi\u00e9n en el lugar el jefe de la Polic\u00eda bonaerense, comisario Hugo Matzkin.<\/p>\n","protected":false},"excerpt":{"rendered":"<p>LA PLATA &#8211; Ocurri\u00f3 durarnte la noche del martes, cerca de la c\u00e1rcel de Olmos. Un ex preso fue hasta la casa del agente penitenciario y lo mat\u00f3. Luego retuvo a la familia de la v\u00edctima e intent\u00f3 quitarse la vida.<\/p>\n","protected":false},"author":4,"featured_media":0,"comment_status":"open","ping_status":"open","sticky":false,"template":"","format":"standard","meta":{"_jetpack_newsletter_access":"","_jetpack_dont_email_post_to_subs":false,"_jetpack_newsletter_tier_id":0,"_jetpack_memberships_contains_paywalled_content":false,"_jetpack_memberships_contains_paid_content":false,"footnotes":""},"categories":[49],"tags":[],"class_list":["post-7066","post","type-post","status-publish","format-standard","hentry","category-policiales"],"jetpack_featured_media_url":"","jetpack_shortlink":"https:\/\/wp.me\/p2JWE0-1PY","jetpack-related-posts":[{"id":113524,"url":"https:\/\/www.24baires.com\/?p=113524","url_meta":{"origin":7066,"position":0},"title":"Pilar: mataron a una dirigente pol\u00edtica y ex candidata a concejal","author":"GB","date":"20\/12\/2019","format":false,"excerpt":"Laura Sierra, del Frente de Todos, fue asesinada por su pareja, el ex consejero escolar Mat\u00edas Bernal. El autor del crimen intent\u00f3 quitarse la vida. Un dirigente pol\u00edtico del partido bonaerense de Pilar mat\u00f3 de un disparo a su esposa y luego intent\u00f3 quitarse la vida cort\u00e1ndose el cuello. Tras\u2026","rel":"","context":"En \u00abPoliciales\u00bb","block_context":{"text":"Policiales","link":"https:\/\/www.24baires.com\/?cat=49"},"img":{"alt_text":"","src":"https:\/\/i0.wp.com\/www.24baires.com\/wp-content\/uploads\/2019\/12\/femicidio-pilar.jpg?resize=350%2C200","width":350,"height":200,"srcset":"https:\/\/i0.wp.com\/www.24baires.com\/wp-content\/uploads\/2019\/12\/femicidio-pilar.jpg?resize=350%2C200 1x, https:\/\/i0.wp.com\/www.24baires.com\/wp-content\/uploads\/2019\/12\/femicidio-pilar.jpg?resize=525%2C300 1.5x"},"classes":[]},{"id":105833,"url":"https:\/\/www.24baires.com\/?p=105833","url_meta":{"origin":7066,"position":1},"title":"Mor\u00f3n: matan a golpes a una joven de 20 a\u00f1os y detuvieron al novio","author":"GB","date":"10\/12\/2018","format":false,"excerpt":"Ail\u00e9n Bel\u00e9n Alicia Decuzzi fue hallada muerta en una casa ubicada en El Palomar. Estaba desnuda y con lesiones en el rostro. Un joven de 23 a\u00f1os, de nacionalidad peruana, estaba al lado, inconsciente, con signos de ahorcamiento con una media, al que la Polic\u00eda aprehendi\u00f3 como principal sospechoso del\u2026","rel":"","context":"En \u00abPoliciales\u00bb","block_context":{"text":"Policiales","link":"https:\/\/www.24baires.com\/?cat=49"},"img":{"alt_text":"","src":"https:\/\/i0.wp.com\/www.24baires.com\/wp-content\/uploads\/2018\/12\/femicidio-moron.jpg?resize=350%2C200","width":350,"height":200,"srcset":"https:\/\/i0.wp.com\/www.24baires.com\/wp-content\/uploads\/2018\/12\/femicidio-moron.jpg?resize=350%2C200 1x, https:\/\/i0.wp.com\/www.24baires.com\/wp-content\/uploads\/2018\/12\/femicidio-moron.jpg?resize=525%2C300 1.5x"},"classes":[]},{"id":110879,"url":"https:\/\/www.24baires.com\/?p=110879","url_meta":{"origin":7066,"position":2},"title":"Quilmes: un polic\u00eda mat\u00f3 a su ex pareja de un balazo en la cabeza y fue detenido","author":"GB","date":"21\/06\/2019","format":false,"excerpt":"El fatal caso sucedi\u00f3 anoche en una casa de San Juan al 2029. La v\u00edctima fatal, Melisa Cumber, era integrante de la Polic\u00eda de la Ciudad. Su ex, de la Federal, result\u00f3 con un disparo en el hombro derecho. La mujer agoniz\u00f3 unas seis horas en el Hospital Iriarte. Ella\u2026","rel":"","context":"En \u00abPoliciales\u00bb","block_context":{"text":"Policiales","link":"https:\/\/www.24baires.com\/?cat=49"},"img":{"alt_text":"","src":"https:\/\/i0.wp.com\/www.24baires.com\/wp-content\/uploads\/2019\/06\/hospital-quilmes.jpg?resize=350%2C200","width":350,"height":200,"srcset":"https:\/\/i0.wp.com\/www.24baires.com\/wp-content\/uploads\/2019\/06\/hospital-quilmes.jpg?resize=350%2C200 1x, https:\/\/i0.wp.com\/www.24baires.com\/wp-content\/uploads\/2019\/06\/hospital-quilmes.jpg?resize=525%2C300 1.5x"},"classes":[]},{"id":106492,"url":"https:\/\/www.24baires.com\/?p=106492","url_meta":{"origin":7066,"position":3},"title":"Pinamar: un polic\u00eda asesin\u00f3 a su expareja y se suicid\u00f3","author":"AF","date":"22\/01\/2019","format":false,"excerpt":"La pareja discuti\u00f3 en su casa de Pinamar. El hombre le dispar\u00f3 con su arma a la v\u00edctima y luego termin\u00f3 con su vida. Un polic\u00eda de Mar de Aj\u00f3 asesin\u00f3 de un disparo a su ex mujer en medio de una discusi\u00f3n y luego se quit\u00f3 la vida en\u2026","rel":"","context":"En \u00abLocales\u00bb","block_context":{"text":"Locales","link":"https:\/\/www.24baires.com\/?cat=38"},"img":{"alt_text":"","src":"https:\/\/i0.wp.com\/www.24baires.com\/wp-content\/uploads\/2019\/01\/pinamar.jpg?resize=350%2C200","width":350,"height":200,"srcset":"https:\/\/i0.wp.com\/www.24baires.com\/wp-content\/uploads\/2019\/01\/pinamar.jpg?resize=350%2C200 1x, https:\/\/i0.wp.com\/www.24baires.com\/wp-content\/uploads\/2019\/01\/pinamar.jpg?resize=525%2C300 1.5x"},"classes":[]},{"id":114824,"url":"https:\/\/www.24baires.com\/?p=114824","url_meta":{"origin":7066,"position":4},"title":"El Servicio Penitenciario Bonaerense mat\u00f3 a un interno con balas de plomo en Florencio Varela","author":"AF","date":"24\/04\/2020","format":false,"excerpt":"Desde la CPM informaron que la autopsia determin\u00f3 que Federico Rey muri\u00f3 producto de los disparos. Este mi\u00e9rcoles se conoci\u00f3 la noticia de que Federico Rey, un joven de 30 a\u00f1os detenido en Florencia Varela, falleci\u00f3 en el medio de las protestas en las c\u00e1rceles bonaerenses. Si bien el Servicio\u2026","rel":"","context":"En \u00abSociedad\u00bb","block_context":{"text":"Sociedad","link":"https:\/\/www.24baires.com\/?cat=1"},"img":{"alt_text":"","src":"https:\/\/i0.wp.com\/www.24baires.com\/wp-content\/uploads\/2020\/04\/up-23-varela.jpg?resize=350%2C200","width":350,"height":200,"srcset":"https:\/\/i0.wp.com\/www.24baires.com\/wp-content\/uploads\/2020\/04\/up-23-varela.jpg?resize=350%2C200 1x, https:\/\/i0.wp.com\/www.24baires.com\/wp-content\/uploads\/2020\/04\/up-23-varela.jpg?resize=525%2C300 1.5x"},"classes":[]},{"id":24707,"url":"https:\/\/www.24baires.com\/?p=24707","url_meta":{"origin":7066,"position":5},"title":"Uno de los acusados por el caso P\u00edparo intent\u00f3 suicidarse en su celda","author":"AF","date":"30\/05\/2013","format":false,"excerpt":"Carlos Moreno, condenado a prisi\u00f3n perpetua por balear en una salidera bancaria a la embarazada Carolina Piparo y provocar la muerte de su beb\u00e9, intent\u00f3 ahorcarse en su celda del penal de Olmos. Moreno, seg\u00fan fuentes policiales, quiso colgarse en su calabozo aparentemente a ra\u00edz de los problemas de convivencia\u2026","rel":"","context":"En \u00abPoliciales\u00bb","block_context":{"text":"Policiales","link":"https:\/\/www.24baires.com\/?cat=49"},"img":{"alt_text":"","src":"","width":0,"height":0},"classes":[]}],"jetpack_sharing_enabled":true,"jetpack_likes_enabled":true,"_links":{"self":[{"href":"https:\/\/www.24baires.com\/index.php?rest_route=\/wp\/v2\/posts\/7066","targetHints":{"allow":["GET"]}}],"collection":[{"href":"https:\/\/www.24baires.com\/index.php?rest_route=\/wp\/v2\/posts"}],"about":[{"href":"https:\/\/www.24baires.com\/index.php?rest_route=\/wp\/v2\/types\/post"}],"author":[{"embeddable":true,"href":"https:\/\/www.24baires.com\/index.php?rest_route=\/wp\/v2\/users\/4"}],"replies":[{"embeddable":true,"href":"https:\/\/www.24baires.com\/index.php?rest_route=%2Fwp%2Fv2%2Fcomments&post=7066"}],"version-history":[{"count":3,"href":"https:\/\/www.24baires.com\/index.php?rest_route=\/wp\/v2\/posts\/7066\/revisions"}],"predecessor-version":[{"id":7069,"href":"https:\/\/www.24baires.com\/index.php?rest_route=\/wp\/v2\/posts\/7066\/revisions\/7069"}],"wp:attachment":[{"href":"https:\/\/www.24baires.com\/index.php?rest_route=%2Fwp%2Fv2%2Fmedia&parent=7066"}],"wp:term":[{"taxonomy":"category","embeddable":true,"href":"https:\/\/www.24baires.com\/index.php?rest_route=%2Fwp%2Fv2%2Fcategories&post=7066"},{"taxonomy":"post_tag","embeddable":true,"href":"https:\/\/www.24baires.com\/index.php?rest_route=%2Fwp%2Fv2%2Ftags&post=7066"}],"curies":[{"name":"wp","href":"https:\/\/api.w.org\/{rel}","templated":true}]}}