{"id":7062,"date":"2012-11-28T10:00:40","date_gmt":"2012-11-28T13:00:40","guid":{"rendered":"http:\/\/www.24baires.com\/?p=7062"},"modified":"2012-11-28T11:06:43","modified_gmt":"2012-11-28T14:06:43","slug":"ambientalistas-de-colonia-hinojo-no-se-presentaron-a-la-audiencia-de-mediacion","status":"publish","type":"post","link":"https:\/\/www.24baires.com\/?p=7062","title":{"rendered":"Ambientalistas de Colonia Hinojo no se presentaron a la audiencia de mediaci\u00f3n"},"content":{"rendered":"<p><strong><img data-recalc-dims=\"1\" loading=\"lazy\" decoding=\"async\" class=\"aligncenter size-full wp-image-7063\" title=\"ambientalistas colonia hinojo\" src=\"https:\/\/i0.wp.com\/www.24baires.com\/wp-content\/uploads\/2012\/11\/ambientalistas-colonia-hinojo.jpg?resize=549%2C367\" alt=\"\" width=\"549\" height=\"367\" srcset=\"https:\/\/i0.wp.com\/www.24baires.com\/wp-content\/uploads\/2012\/11\/ambientalistas-colonia-hinojo.jpg?w=549&amp;ssl=1 549w, https:\/\/i0.wp.com\/www.24baires.com\/wp-content\/uploads\/2012\/11\/ambientalistas-colonia-hinojo.jpg?resize=300%2C200&amp;ssl=1 300w\" sizes=\"auto, (max-width: 549px) 100vw, 549px\" \/>OLAVARR\u00cdA &#8211;<\/strong> La decisi\u00f3n de los vecinos ocurri\u00f3 en rechazo a \u201cpanfletos que hac\u00edan menci\u00f3n del buen funcionamiento de la empresa durante el cumplea\u00f1os de Olavarr\u00eda\u201d dijo Eduardo Block. Fuentes oficiales se\u00f1alaron que los folletos corresponden a la empresa y que estaban junto a otros, en los stands que present\u00f3 cada localidad.<!--more--><\/p>\n<p>Los ambientalistas de Colonia Hinojo decidieron no presentarse a la segunda audiencia de conciliaci\u00f3n con empresarios de Agroservicios Pampeanos y el Municipio convocada para este mi\u00e9rcoles en el Centro Municipal de Relaciones Vecinales y Defensa del Consumidor, que conduce la doctora Mar\u00eda Elena Dapello.<\/p>\n<p>Eduardo Block, uno de los referentes del grupo de vecinos explic\u00f3 los motivos de la determinaci\u00f3n: \u201cDecidimos no ir por los hechos acaecidos el \u00faltimo fin de semana. Estuvieron panfleteando gente de la Municipalidad, entonces lo vimos con muy malos ojos porque fue una agresi\u00f3n lisa y llanamente\u201d dijo.<\/p>\n<p>Sobre este punto, el ambientalista precis\u00f3 que \u201clos panfletos hac\u00edan menci\u00f3n del buen funcionamiento de la empresa, que estaba en \u00f3ptimas condiciones y lo que produc\u00eda y lo hicieron empleados de la municipalidad y en el d\u00eda del cumplea\u00f1os de Olavarr\u00eda. Si lo hubieran hecho empleados de la empresa por ah\u00ed no nos molestaba\u201d, sostuvo.<\/p>\n<p>En tanto, fuentes oficiales, se\u00f1alaron que los mencionados folletos estaban en los stands que cada localidad present\u00f3 en la fiesta de aniversario, donde se les dio espacio a diferentes sectores productivos y aclararon que corresponden a la empresa. Negaron que los empleados municipales salieran a repartir dichos volantes.<\/p>\n<p>Tras el episodio, Eduardo Block, opin\u00f3 que la instancia de mediaci\u00f3n propuesta desde Centro Municipal de Relaciones Vecinales \u201cest\u00e1 agotada, porque el comportamiento que ha demostrado el intendente es tratar de agredir, entonces en virtud de eso no queremos que nos vuelvan a humillar y a ser c\u00f3mplices de una situaci\u00f3n que no lleva a nada\u201d lanz\u00f3.<\/p>\n<p>Sobre futuros pasos a seguir, el vecino de Colonia Hinojo destac\u00f3 la solicitud presentada para obtener la recategorizaci\u00f3n de la empresa Agroservicios Pampeanos: \u201cpedimos que se defina como una empresa de fertilizantes y venta de agroqu\u00edmicos y no como una molienda de yeso, as\u00ed que hoy entr\u00f3 en Adelo el pedido\u201d inform\u00f3.<\/p>\n<p>Tampoco descart\u00f3 recurrir a la v\u00eda judicial para continuar con el litigio: \u201cseguramente un recurso de amparo vamos a pedir y ya est\u00e1 actuando de oficio una fiscal. Esperamos resultados, que alguien se movilice y empiece a hacer las cosas\u201d finaliz\u00f3.<\/p>\n","protected":false},"excerpt":{"rendered":"<p>OLAVARR\u00cdA &#8211; La decisi\u00f3n de los vecinos ocurri\u00f3 en rechazo a \u201cpanfletos que hac\u00edan menci\u00f3n del buen funcionamiento de la empresa durante el cumplea\u00f1os de Olavarr\u00eda\u201d dijo Eduardo Block. Fuentes oficiales se\u00f1alaron que los folletos corresponden a la empresa y que estaban junto a otros, en los stands que present\u00f3 cada localidad.<\/p>\n","protected":false},"author":4,"featured_media":0,"comment_status":"open","ping_status":"open","sticky":false,"template":"","format":"standard","meta":{"_jetpack_newsletter_access":"","_jetpack_dont_email_post_to_subs":false,"_jetpack_newsletter_tier_id":0,"_jetpack_memberships_contains_paywalled_content":false,"_jetpack_memberships_contains_paid_content":false,"footnotes":""},"categories":[38],"tags":[],"class_list":["post-7062","post","type-post","status-publish","format-standard","hentry","category-locales"],"jetpack_featured_media_url":"","jetpack_shortlink":"https:\/\/wp.me\/p2JWE0-1PU","jetpack-related-posts":[{"id":7558,"url":"https:\/\/www.24baires.com\/?p=7558","url_meta":{"origin":7062,"position":0},"title":"Vecinos de Colonia Hinojo volvieron a manifestarse frente a ASP","author":"AF","date":"02\/12\/2012","format":false,"excerpt":"PARTIDO DE OLAVARR\u00cdA - Una veintena de vecinos se volvieron a manifestar este s\u00e1bado frente a la planta de agroqu\u00edmicos, tras la ca\u00edda de la conciliaci\u00f3n. Sostienen que la delegada de Hinojo Dora Rodr\u00edguez reparti\u00f3 panfletos de Agroservicios Pampeanos (ASP) en la fiesta aniversario. Lo consideraron \u201cuna tomada de pelo\u201d.Vecinos\u2026","rel":"","context":"En \u00abLocales\u00bb","block_context":{"text":"Locales","link":"https:\/\/www.24baires.com\/?cat=38"},"img":{"alt_text":"","src":"https:\/\/i0.wp.com\/www.24baires.com\/wp-content\/uploads\/2012\/12\/hinojo-300x192.jpg?resize=350%2C200","width":350,"height":200},"classes":[]},{"id":5072,"url":"https:\/\/www.24baires.com\/?p=5072","url_meta":{"origin":7062,"position":1},"title":"Detuvieron a un amigo de Jonathan, el joven asesinado en Olavarr\u00eda","author":"AF","date":"11\/11\/2012","format":false,"excerpt":"La investigaci\u00f3n por la muerte del joven Jonathan Stramessi contin\u00faa sin arrojar resultados definitivos, pero a medida que avanza suma informaci\u00f3n a la causa. En este caso uno de sus amigos qued\u00f3 detenido al ser imputado de abandono de persona seguido de muerte en el hecho que conmocion\u00f3 a Olavarr\u00eda.\u2026","rel":"","context":"En \u00abPoliciales\u00bb","block_context":{"text":"Policiales","link":"https:\/\/www.24baires.com\/?cat=49"},"img":{"alt_text":"","src":"https:\/\/i0.wp.com\/www.24baires.com\/wp-content\/uploads\/2012\/11\/stramessi-300x168.jpg?resize=350%2C200","width":350,"height":200},"classes":[]},{"id":33935,"url":"https:\/\/www.24baires.com\/?p=33935","url_meta":{"origin":7062,"position":2},"title":"Mineros defendieron el proyecto de explotaci\u00f3n en Sierras Bayas","author":"AF","date":"22\/10\/2013","format":false,"excerpt":"Ante el rechazo de los vecinos al proyecto acordado entre Pymes y el Estado nacional para realizar explotaciones mineras, los empresarios locales difundieron una carta para \u201chablar con conocimiento\u201d. Argumentaron que la actividad genera grandes aportes econ\u00f3micos, explicaron las precauciones ambientales y sostuvieron que Sierras Bayas es \u201cun ejemplo de\u2026","rel":"","context":"En \u00abLocales\u00bb","block_context":{"text":"Locales","link":"https:\/\/www.24baires.com\/?cat=38"},"img":{"alt_text":"sierras bayas","src":"https:\/\/i0.wp.com\/www.24baires.com\/wp-content\/uploads\/2013\/10\/sierras-bayas.jpg?resize=350%2C200","width":350,"height":200,"srcset":"https:\/\/i0.wp.com\/www.24baires.com\/wp-content\/uploads\/2013\/10\/sierras-bayas.jpg?resize=350%2C200 1x, https:\/\/i0.wp.com\/www.24baires.com\/wp-content\/uploads\/2013\/10\/sierras-bayas.jpg?resize=525%2C300 1.5x"},"classes":[]},{"id":13920,"url":"https:\/\/www.24baires.com\/?p=13920","url_meta":{"origin":7062,"position":3},"title":"Preocupa la escalada de abigeatos en Olavarr\u00eda","author":"AF","date":"29\/01\/2013","format":false,"excerpt":"Entre el jueves y el domingo cinco vacunos fueron carneados en Hinojo, dos en Loma Negra y uno en Espigas. En el 2013, el promedio es de un animal faenado por d\u00eda. \u201cHubo reuniones con autoridades policiales pero la respuesta que tuvimos fueron m\u00e1s hechos\u201d advirti\u00f3 Fernando Luis, titular de\u2026","rel":"","context":"En \u00abLocales\u00bb","block_context":{"text":"Locales","link":"https:\/\/www.24baires.com\/?cat=38"},"img":{"alt_text":"abigeato","src":"https:\/\/i0.wp.com\/www.24baires.com\/wp-content\/uploads\/2013\/01\/abigeato-300x145.jpg?resize=350%2C200","width":350,"height":200},"classes":[]},{"id":111958,"url":"https:\/\/www.24baires.com\/?p=111958","url_meta":{"origin":7062,"position":4},"title":"Cinco represores condenados a perpetua en la causa Monte Peloni 2","author":"GB","date":"06\/09\/2019","format":false,"excerpt":"MAR DEL PLATA-Oscar Jos\u00e9 Bardelli, Eduardo Bernadou, Osvaldo Miguel Guarnaccia, Roberto Casares y Argentino Alberto Balquinta recibieron la pena m\u00e1s alta. El Tribunal Oral en lo Criminal Federal (TOF) de la ciudad de Mar del Plata conden\u00f3 a prisi\u00f3n perpetua a cinco imputados por delitos de lesa humanidad cometidos durante\u2026","rel":"","context":"En \u00abMemoria\u00bb","block_context":{"text":"Memoria","link":"https:\/\/www.24baires.com\/?cat=50"},"img":{"alt_text":"","src":"https:\/\/i0.wp.com\/www.24baires.com\/wp-content\/uploads\/2019\/09\/tribunal-penal-mdp.jpg?resize=350%2C200","width":350,"height":200,"srcset":"https:\/\/i0.wp.com\/www.24baires.com\/wp-content\/uploads\/2019\/09\/tribunal-penal-mdp.jpg?resize=350%2C200 1x, https:\/\/i0.wp.com\/www.24baires.com\/wp-content\/uploads\/2019\/09\/tribunal-penal-mdp.jpg?resize=525%2C300 1.5x"},"classes":[]},{"id":19640,"url":"https:\/\/www.24baires.com\/?p=19640","url_meta":{"origin":7062,"position":5},"title":"Olavarr\u00eda: \u201cEstamos trabajando para tener la oferta tur\u00edstica m\u00e1s concentrada y organizada\u201d","author":"AF","date":"29\/03\/2013","format":false,"excerpt":"As\u00ed lo expres\u00f3 la nueva Directora de Turismo de Olavarr\u00eda, Mar\u00eda Emilia Martinese. Destac\u00f3 el relevamiento de las Iglesias de los Pueblos realizado para unificar una propuesta en Semana Santa. Consider\u00f3 que \u201cla demanda tur\u00edstica hay que producirla para que la gente se anime a hacer m\u00e1s inversiones\u201d. \u201cLa ciudad\u2026","rel":"","context":"En \u00abLocales\u00bb","block_context":{"text":"Locales","link":"https:\/\/www.24baires.com\/?cat=38"},"img":{"alt_text":"","src":"","width":0,"height":0},"classes":[]}],"jetpack_sharing_enabled":true,"jetpack_likes_enabled":true,"_links":{"self":[{"href":"https:\/\/www.24baires.com\/index.php?rest_route=\/wp\/v2\/posts\/7062","targetHints":{"allow":["GET"]}}],"collection":[{"href":"https:\/\/www.24baires.com\/index.php?rest_route=\/wp\/v2\/posts"}],"about":[{"href":"https:\/\/www.24baires.com\/index.php?rest_route=\/wp\/v2\/types\/post"}],"author":[{"embeddable":true,"href":"https:\/\/www.24baires.com\/index.php?rest_route=\/wp\/v2\/users\/4"}],"replies":[{"embeddable":true,"href":"https:\/\/www.24baires.com\/index.php?rest_route=%2Fwp%2Fv2%2Fcomments&post=7062"}],"version-history":[{"count":2,"href":"https:\/\/www.24baires.com\/index.php?rest_route=\/wp\/v2\/posts\/7062\/revisions"}],"predecessor-version":[{"id":7065,"href":"https:\/\/www.24baires.com\/index.php?rest_route=\/wp\/v2\/posts\/7062\/revisions\/7065"}],"wp:attachment":[{"href":"https:\/\/www.24baires.com\/index.php?rest_route=%2Fwp%2Fv2%2Fmedia&parent=7062"}],"wp:term":[{"taxonomy":"category","embeddable":true,"href":"https:\/\/www.24baires.com\/index.php?rest_route=%2Fwp%2Fv2%2Fcategories&post=7062"},{"taxonomy":"post_tag","embeddable":true,"href":"https:\/\/www.24baires.com\/index.php?rest_route=%2Fwp%2Fv2%2Ftags&post=7062"}],"curies":[{"name":"wp","href":"https:\/\/api.w.org\/{rel}","templated":true}]}}