{"id":7059,"date":"2012-11-28T12:30:31","date_gmt":"2012-11-28T15:30:31","guid":{"rendered":"http:\/\/www.24baires.com\/?p=7059"},"modified":"2012-11-28T13:20:00","modified_gmt":"2012-11-28T16:20:00","slug":"liberan-a-tres-de-los-cuatro-detenidos-por-el-brutal-ataque-a-la-joven-de-saladillo","status":"publish","type":"post","link":"https:\/\/www.24baires.com\/?p=7059","title":{"rendered":"Liberan a tres de los cuatro detenidos por el brutal ataque a la joven de Saladillo"},"content":{"rendered":"<p>Tres de los cuatro j\u00f3venes demorados en la noche del martes como sospechosos de haber participado en el ataque a la chica de 14 a\u00f1os cometido el s\u00e1bado en la localidad bonaerense de Saladillo fueron liberados esta madrugada. El fiscal del caso interrogar\u00e1 este mi\u00e9rcoles al mediod\u00eda al \u00fanico apresado.<!--more--><br \/>\nFuentes policiales aseguraron que el fiscal de Saladillo Alberto Sarramone orden\u00f3 a la polic\u00eda que excarcele a tres de los cuatro sospechosos al considerar que no ten\u00edan vinculaci\u00f3n con el hecho, pero mantuvo preso al cuarto, de quien cree que fue el autor de la agresi\u00f3n.<br \/>\nSeg\u00fan los investigadores, el apresado es un joven de entre 18 y 20 a\u00f1os que era amigo de un muchacho que se suicid\u00f3 el viernes \u00faltimo en su casa de Saladillo.<br \/>\nLos pesquisas explicaron que una de las hip\u00f3tesis que se manejaron respecto al ataque que sufri\u00f3 la adolescente, est\u00e1 vinculada a ese joven que se suicid\u00f3 el viernes pasado.<br \/>\nLa l\u00ednea investigativa apunta a que el detenido pudo haber querido tomar alg\u00fan tipo de venganza respecto al suicidio de su amigo y apunt\u00f3 a la adolescente, a quien la vincul\u00f3 sentimentalmente con el fallecido.<br \/>\nPor otra parte, los investigadores policiales descartaron que el hecho en el que fue v\u00edctima esta adolescente tenga alg\u00fan tipo de relaci\u00f3n con otros dos episodios que sufrieron otras chicas en la ciudad de Saladillo en los \u00faltimos meses.<br \/>\n\u00abSon hechos totalmente distintos, que no tienen relaci\u00f3n unos con otros\u00bb, dijo un jefe policial que participa\u00a0de la pesquisa.<br \/>\nEsta versi\u00f3n contradice lo que hab\u00eda asegurado ayer el propio fiscal Sarramone, quien hab\u00eda dicho que pod\u00edan estar en presencia de un \u00abpsic\u00f3pata\u00bb serial que pudo haber atacado a por lo menos tres v\u00edctimas en esa localidad bonaerense.<br \/>\n\u00abTengo tres hechos iguales. En este a\u00f1o tengo tres golpizas a mujeres solas, en la cabeza y del mismo tipo\u00bb, afirm\u00f3 el fiscal durante una conferencia de prensa realizada ayer.<br \/>\nEn tanto, esta ma\u00f1ana, Reynaldo Raimundi, director del Hospital Interzonal de Agudos Sor Ludovica, de La Plata, asegur\u00f3 que la adolescente permanece alojada en ese centro asistencial en una sala de terapia intermedia.<br \/>\nLa chica fue trasladada ayer desde el hospital Posadas de Saladillo hacia La Plata, debido a la complejidad de las lesiones y a su cuadro neurol\u00f3gico.<br \/>\n\u00abLa tomograf\u00eda, lo que m\u00e1s evidencia, son las lesiones en el cuero cabelludo, y fuerte edema en las partes blandas. La parte neurol\u00f3gica prefiero esperar a tener la opini\u00f3n del equipo de neur\u00f3logos y neurocirujanos, que est\u00e1n en este momento evalu\u00e1ndola\u00bb, dijo el profesional m\u00e9dico.<br \/>\nSeg\u00fan Raimondi, la adolescente padece \u00abestr\u00e9s postraum\u00e1tico\u00bb y dijo que para que pueda hablar o declarar \u00abhay que aguardar que reaccione luego de que le hayamos extra\u00eddo la medicaci\u00f3n\u00bb.<br \/>\nSeg\u00fan las fuentes policiales, el hecho ocurri\u00f3 el s\u00e1bado \u00faltimo, cuando la adolescente sali\u00f3 de su casa en la ciudad de Saladillo para dirigirse a la vivienda de una de sus hermanas, ubicada a pocas cuadras de la suya.<br \/>\nLos investigadores de la Jefatura Distrital de Saladillo aseguraron que la chica fue encontrada cerca de las cuatro de la madrugada del domingo en la zona del Parque Rep\u00fablica de Italia, de Saladillo, con golpes en todo su cuerpo y su rostro desfigurado.<\/p>\n","protected":false},"excerpt":{"rendered":"<p>Tres de los cuatro j\u00f3venes demorados en la noche del martes como sospechosos de haber participado en el ataque a la chica de 14 a\u00f1os cometido el s\u00e1bado en la localidad bonaerense de Saladillo fueron liberados esta madrugada. El fiscal del caso interrogar\u00e1 este mi\u00e9rcoles al mediod\u00eda al \u00fanico apresado.<\/p>\n","protected":false},"author":4,"featured_media":0,"comment_status":"open","ping_status":"open","sticky":false,"template":"","format":"standard","meta":{"_jetpack_newsletter_access":"","_jetpack_dont_email_post_to_subs":false,"_jetpack_newsletter_tier_id":0,"_jetpack_memberships_contains_paywalled_content":false,"_jetpack_memberships_contains_paid_content":false,"footnotes":""},"categories":[49],"tags":[],"class_list":["post-7059","post","type-post","status-publish","format-standard","hentry","category-policiales"],"jetpack_featured_media_url":"","jetpack_shortlink":"https:\/\/wp.me\/p2JWE0-1PR","jetpack-related-posts":[{"id":101343,"url":"https:\/\/www.24baires.com\/?p=101343","url_meta":{"origin":7059,"position":0},"title":"Gendarmes hieren a un chico por la espalda por saltarse un control vehicular","author":"GB","date":"29\/03\/2018","format":false,"excerpt":"Un joven de 19 a\u00f1os que circulaba en una moto result\u00f3 herido de un balazo por la espalda disparado por gendarmes que lo persiguieron varias cuadras porque evit\u00f3 un control vehicular en Lomas de Zamora. El hecho sucedi\u00f3 en cercan\u00edas de un polideportivo ubicado la Plaza Montiel, en el cruce\u2026","rel":"","context":"En \u00abPoliciales\u00bb","block_context":{"text":"Policiales","link":"https:\/\/www.24baires.com\/?cat=49"},"img":{"alt_text":"","src":"https:\/\/i0.wp.com\/www.24baires.com\/wp-content\/uploads\/2018\/03\/gendarme.jpg?resize=350%2C200","width":350,"height":200,"srcset":"https:\/\/i0.wp.com\/www.24baires.com\/wp-content\/uploads\/2018\/03\/gendarme.jpg?resize=350%2C200 1x, https:\/\/i0.wp.com\/www.24baires.com\/wp-content\/uploads\/2018\/03\/gendarme.jpg?resize=525%2C300 1.5x"},"classes":[]},{"id":7470,"url":"https:\/\/www.24baires.com\/?p=7470","url_meta":{"origin":7059,"position":1},"title":"Agustina pudo hablar y habr\u00eda se\u00f1alado al detenido como autor de la feroz golpiza","author":"AF","date":"01\/12\/2012","format":false,"excerpt":"Agustina, la menor de 14 a\u00f1os \u00a0brutalmente violada y agredida en Saladillo,\u00a0pudo comunicarse con su familia, aval\u00f3 la hip\u00f3tesis de una venganza por el suicidio de un joven y complic\u00f3 al principal sospechoso. Agustina, la adolescente de 14 a\u00f1os brutalmente violada y agredida en la localidad de Saladillo que se\u2026","rel":"","context":"En \u00abPoliciales\u00bb","block_context":{"text":"Policiales","link":"https:\/\/www.24baires.com\/?cat=49"},"img":{"alt_text":"","src":"https:\/\/i0.wp.com\/www.24baires.com\/wp-content\/uploads\/2012\/12\/Agustina-Saladillo-300x193.jpg?resize=350%2C200","width":350,"height":200},"classes":[]},{"id":10140,"url":"https:\/\/www.24baires.com\/?p=10140","url_meta":{"origin":7059,"position":2},"title":"La chica golpeada y violada en Saladillo se\u00f1al\u00f3 a una entregadora y dio detalles al fiscal","author":"Grupo Sierra","date":"22\/12\/2012","format":false,"excerpt":"La joven de 14 a\u00f1os que fue golpeada, violada y que permanece internada en el Hospital de Ni\u00f1os de La Plata, declar\u00f3 que \"una amiga fue la entregadora y que la golpe\u00f3 junto a otros atacantes\". El letrado que representa a la familia de la adolescente dijo esta ma\u00f1ana que\u2026","rel":"","context":"En \u00abPoliciales\u00bb","block_context":{"text":"Policiales","link":"https:\/\/www.24baires.com\/?cat=49"},"img":{"alt_text":"","src":"","width":0,"height":0},"classes":[]},{"id":45489,"url":"https:\/\/www.24baires.com\/?p=45489","url_meta":{"origin":7059,"position":3},"title":"Jonathan Bianchi, acusado del cr\u00edmen de Marisol, denunci\u00f3 haber sido secuestrado","author":"Grupo Sierra","date":"07\/05\/2014","format":false,"excerpt":"El imputado en el asesinato de la mujer el 14 de abril \u00faltimo, dijo haber sido arrojado a una ruta atado de pies y manos, por cuatro hombres que lo amenazaron durante casi una hora dentro de un auto. Jonathan Bianchi, alias \"Jhony\" fue apuntado por la fiscal de Saladillo,\u2026","rel":"","context":"En \u00abPoliciales\u00bb","block_context":{"text":"Policiales","link":"https:\/\/www.24baires.com\/?cat=49"},"img":{"alt_text":"marisol","src":"https:\/\/i0.wp.com\/www.24baires.com\/wp-content\/uploads\/2014\/04\/marisol.jpg?resize=350%2C200","width":350,"height":200,"srcset":"https:\/\/i0.wp.com\/www.24baires.com\/wp-content\/uploads\/2014\/04\/marisol.jpg?resize=350%2C200 1x, https:\/\/i0.wp.com\/www.24baires.com\/wp-content\/uploads\/2014\/04\/marisol.jpg?resize=525%2C300 1.5x"},"classes":[]},{"id":8102,"url":"https:\/\/www.24baires.com\/?p=8102","url_meta":{"origin":7059,"position":4},"title":"Tres nuevos detenidos por el brutal ataque a Agustina","author":"AF","date":"06\/12\/2012","format":false,"excerpt":"SALADILLO - Tres j\u00f3venes fueron detenidos en distintos allanamientos por su presunta participaci\u00f3n en el ataque a golpes contra una adolescente de 14 a\u00f1os en la ciudad bonaerense de Saladillo. Fuentes policiales informaron a DyN que los arrestados hoy fueron dos hermanos de 23 y 30 a\u00f1os y otro muchacho\u2026","rel":"","context":"En \u00abPoliciales\u00bb","block_context":{"text":"Policiales","link":"https:\/\/www.24baires.com\/?cat=49"},"img":{"alt_text":"","src":"https:\/\/i0.wp.com\/www.24baires.com\/wp-content\/uploads\/2012\/12\/Agustina-Saladillo-300x193.jpg?resize=350%2C200","width":350,"height":200},"classes":[]},{"id":44362,"url":"https:\/\/www.24baires.com\/?p=44362","url_meta":{"origin":7059,"position":5},"title":"Saladillo: un sospechoso a punto de ser detenido por el crimen de Marisol","author":"AF","date":"21\/04\/2014","format":false,"excerpt":"A partir de los testimonios de dos mujeres que se cruzaron con Marisol en su \u00faltima caminata, la investigaci\u00f3n apunta a un joven de 26 a\u00f1os. El fin de semana la fiscal orden\u00f3 allanamientos y creen que este hombre escap\u00f3 por los techos. Las pr\u00f3ximas horas pueden ser claves en\u2026","rel":"","context":"En \u00abLocales\u00bb","block_context":{"text":"Locales","link":"https:\/\/www.24baires.com\/?cat=38"},"img":{"alt_text":"marisol","src":"https:\/\/i0.wp.com\/www.24baires.com\/wp-content\/uploads\/2014\/04\/marisol.jpg?resize=350%2C200","width":350,"height":200,"srcset":"https:\/\/i0.wp.com\/www.24baires.com\/wp-content\/uploads\/2014\/04\/marisol.jpg?resize=350%2C200 1x, https:\/\/i0.wp.com\/www.24baires.com\/wp-content\/uploads\/2014\/04\/marisol.jpg?resize=525%2C300 1.5x"},"classes":[]}],"jetpack_sharing_enabled":true,"jetpack_likes_enabled":true,"_links":{"self":[{"href":"https:\/\/www.24baires.com\/index.php?rest_route=\/wp\/v2\/posts\/7059","targetHints":{"allow":["GET"]}}],"collection":[{"href":"https:\/\/www.24baires.com\/index.php?rest_route=\/wp\/v2\/posts"}],"about":[{"href":"https:\/\/www.24baires.com\/index.php?rest_route=\/wp\/v2\/types\/post"}],"author":[{"embeddable":true,"href":"https:\/\/www.24baires.com\/index.php?rest_route=\/wp\/v2\/users\/4"}],"replies":[{"embeddable":true,"href":"https:\/\/www.24baires.com\/index.php?rest_route=%2Fwp%2Fv2%2Fcomments&post=7059"}],"version-history":[{"count":3,"href":"https:\/\/www.24baires.com\/index.php?rest_route=\/wp\/v2\/posts\/7059\/revisions"}],"predecessor-version":[{"id":7061,"href":"https:\/\/www.24baires.com\/index.php?rest_route=\/wp\/v2\/posts\/7059\/revisions\/7061"}],"wp:attachment":[{"href":"https:\/\/www.24baires.com\/index.php?rest_route=%2Fwp%2Fv2%2Fmedia&parent=7059"}],"wp:term":[{"taxonomy":"category","embeddable":true,"href":"https:\/\/www.24baires.com\/index.php?rest_route=%2Fwp%2Fv2%2Fcategories&post=7059"},{"taxonomy":"post_tag","embeddable":true,"href":"https:\/\/www.24baires.com\/index.php?rest_route=%2Fwp%2Fv2%2Ftags&post=7059"}],"curies":[{"name":"wp","href":"https:\/\/api.w.org\/{rel}","templated":true}]}}