{"id":70562,"date":"2015-08-13T20:00:34","date_gmt":"2015-08-13T23:00:34","guid":{"rendered":"http:\/\/www.24baires.com\/?p=70562"},"modified":"2015-08-15T19:54:57","modified_gmt":"2015-08-15T22:54:57","slug":"escorando-a-estribor","status":"publish","type":"post","link":"https:\/\/www.24baires.com\/?p=70562","title":{"rendered":"Escorando a estribor"},"content":{"rendered":"<p><img data-recalc-dims=\"1\" loading=\"lazy\" decoding=\"async\" class=\"aligncenter size-full wp-image-70563\" src=\"https:\/\/i0.wp.com\/www.24baires.com\/wp-content\/uploads\/2015\/08\/carlos-arroyo.jpeg?resize=560%2C341\" alt=\"carlos arroyo\" width=\"560\" height=\"341\" srcset=\"https:\/\/i0.wp.com\/www.24baires.com\/wp-content\/uploads\/2015\/08\/carlos-arroyo.jpeg?w=560&amp;ssl=1 560w, https:\/\/i0.wp.com\/www.24baires.com\/wp-content\/uploads\/2015\/08\/carlos-arroyo.jpeg?resize=300%2C183&amp;ssl=1 300w\" sizes=\"auto, (max-width: 560px) 100vw, 560px\" \/>El Partido de General Pueyrredon recibi\u00f3 con sorpresa, para la mayor\u00eda, el triunfo de Carlos Arroyo en las PASO, candidato a Intendente de Cambiemos. Por un par de puntos super\u00f3 al oficialismo local en la primarias y desplaz\u00f3 a quien compet\u00eda directamente contra \u00e9l en la interna, Vilma Baragiola, por casi quince.<!--more--><\/p>\n<p>Esto no va a ser un an\u00e1lisis del voto de los marplatenses ni batanenses, sino un bosquejo a grandes rasgos de quien es este hombre de 70 a\u00f1os que se impuso en las elecciones del domingo, marcando la cancha de cara a octubre.<br \/>\nEn seis a\u00f1os como concejal, se ha caracterizado por despreciar las propuestas que no acuerdan con sus prioridades y su ideolog\u00eda. Los proyectos m\u00e1s relevantes que ha presentado, -extra\u00eddos de una escasa lista de iniciativas propias-, fueron siempre controversiales, porque despertaron rechazos en diversos sectores de la opini\u00f3n p\u00fablica. As\u00ed fue el caso de su intento de prohibici\u00f3n a las murgas y la participaci\u00f3n de estas expresiones culturales en espacios p\u00fablicos. Otro momento de impacto fue cuando quiso armar a placeros y guardavidas. S\u00ed, darle armas a quienes cuidan las plazas y quienes protegen las vidas de los ba\u00f1istas.<br \/>\nArroyo, quien junto a ciertos medios de comunicaci\u00f3n local, ha logrado construir un mito sobre su carrera pol\u00edtica y educativa (Fue director durante muchos a\u00f1os de la EEM N\u00b02), afianzando conceptos de honestidad y trabajo. Pocos conocen su pasado, y muy pocos su labor parlamentaria, ya que el concejal no es af\u00edn a dar entrevistas, ni posicionarse sobre temas troncales para el desarrollo de la ciudad, donde casi siempre elige abstenerse.<br \/>\nQuiz\u00e1 Arroyo opte por no exponerse mucho a las c\u00e1maras y los micr\u00f3fonos porque no tiene buena experiencia mostr\u00e1ndose tan cual es. En su momento atac\u00f3 a la prensa que dec\u00eda que el buscaba prohibir las murgas y los tild\u00f3 de mentiros y tendenciosos, cuando el primer art\u00edculo de su ordenanza rezaba \u201cProh\u00edbase la pr\u00e1ctica de murga y\/o percusi\u00f3n en cualquier espacio p\u00fablico&#8230;\u201d.<br \/>\nDe hecho, el lunes, despu\u00e9s de ganar las PASO, maltrat\u00f3 con una intolerancia y una violencia alarmante a una periodista por hacerle una pregunta que no le gust\u00f3. La movilera de uno de los dos noticieros m\u00e1s importantes de Mar del Plata, quiso saber, estando en todo su derecho de preguntar, qu\u00e9 opinaba sobre lo que hab\u00eda dicho horas antes el intendente Pulti acerca de la participaci\u00f3n de Arroyo durante la dictadura en cargos p\u00fablicos. \u201cNo me jodan m\u00e1s con la Dictadura. Piensen lo que quieran, a m\u00ed me contrat\u00f3 el municipio para arreglar un sem\u00e1foro\u201d, fue el exabrupto del candidato notoriamente ofuscado, justificando su participaci\u00f3n en ese cargo y en esas \u00e9pocas con la funci\u00f3n que desempe\u00f1\u00f3. Que no termin\u00f3 all\u00ed, en la reparaci\u00f3n de un pu\u00f1ado de desperfectos, sino que Arroyo se encarg\u00f3 luego del organizar el estacionamiento medido para el comisionado que hab\u00eda impuesto la dictadura en Mar del Plata. \u201cEn lo que el Gobierno llama dictadura, hubo un sistema judicial, un sistema escolar, el Estado sigui\u00f3 funcionando y esto es as\u00ed\u201d, le explic\u00f3 al portal de noticias 0223, cuando le preguntaron algo similar hace un par de d\u00edas.<br \/>\nEs que Arroyo opina, adem\u00e1s, que \u201cen dictadura por lo menos hay Estado\u201d, como argument\u00f3 para oponerse a un reconocimiento a Manu Chao, porque el cantante \u201ctiene determinadas ideas anarquistas\u201d, que \u00e9l no comparte, de ah\u00ed a defender la tiran\u00eda dictatorial, ya que, seg\u00fan Arroyo, \u201cPeor es la nada\u201d anarquista.<br \/>\nY esas aseveraciones que a muchos dejan con la boca abierta, tienen anclaje si hacemos un poquito de memoria y recordamos que \u00e9l no s\u00f3lo defendi\u00f3 p\u00fablicamente a Seineld\u00edn, (referente del movimiento carapintada que se alz\u00f3 contra los presidentes Ra\u00fal Alfons\u00edn y Carlos Menem, atentando contra la democracia), sino que tambi\u00e9n fue candidato del Partido Popular de la Reconstrucci\u00f3n, sello del ex militar carapintada Gustavo Breide Obeid. Luego, en 2007, fue candidato de Luis Patti, condenado por delitos de Lesa Humanidad. Pero reci\u00e9n en 2009, de la mano de Eduardo Duhalde, consigui\u00f3 entrar al Concejo Deliberante. Ya son 9 fuerzas pol\u00edticas distintas por las que ha pasado Arroyo, finalizando en la que lo cobija ahora, el PRO, en el frente Cambiemos.<br \/>\nA Arroyo, quien fue cadete en la Marina y soldado en el Ej\u00e9rcito, le gustar\u00eda que de muchos temas no se hable, porque la inmensa mayor\u00eda de los ciudadanos de Mar del Plata y Bat\u00e1n desconocen su pasado y pareceres sobre temas culturales y sociales. Pero resulta interesante, adem\u00e1s de todo esto, recordar que Arroyo ha apoyado sus campa\u00f1as pol\u00edticas utilizando la inseguridad como baluarte discursivo, pero no vot\u00f3 a favor de la creaci\u00f3n de la Polic\u00eda Local en su distrito, por ejemplo. Ni siquiera consider\u00f3 importante, este jueves, estar en la primera sesi\u00f3n del HCD tras su triunfo. Raro, ya que le demanda al Ejecutivo m\u00e1s institucionalidad.<br \/>\nMucho m\u00e1s hay para decir y contar sobre este personaje, sobre este mito urbano que, cuando se rasca un poquito, se cae a pedazos. Pero ha ganado una elecci\u00f3n gracias a eso, volcando muy a la derecha la realidad local, pues Mar del Plata est\u00e1 escorando peligrosamente a estribor, como se\u00f1alan los organismos de DDHH, como Madres, Abuelas e HIJOS, que salieron al cruce a repudiar su maltrato hacia el periodismo. Y esta, seguramente, no ser\u00e1 la \u00fanica columna en la que, aunque a \u00e9l no le caiga simp\u00e1tico, nos ocupemos de hacer lo que a nosotros s\u00ed nos parece fundamental: memoria.<\/p>\n<p>&nbsp;<\/p>\n<p>&nbsp;<\/p>\n","protected":false},"excerpt":{"rendered":"<p>El Partido de General Pueyrredon recibi\u00f3 con sorpresa, para la mayor\u00eda, el triunfo de Carlos Arroyo en las PASO, candidato a Intendente de Cambiemos. Por un par de puntos super\u00f3 al oficialismo local en la primarias y desplaz\u00f3 a quien compet\u00eda directamente contra \u00e9l en la interna, Vilma Baragiola, por casi quince.<\/p>\n","protected":false},"author":8,"featured_media":0,"comment_status":"open","ping_status":"open","sticky":false,"template":"","format":"standard","meta":{"_jetpack_newsletter_access":"","_jetpack_dont_email_post_to_subs":false,"_jetpack_newsletter_tier_id":0,"_jetpack_memberships_contains_paywalled_content":false,"_jetpack_memberships_contains_paid_content":false,"footnotes":""},"categories":[64],"tags":[],"class_list":["post-70562","post","type-post","status-publish","format-standard","hentry","category-opinion"],"jetpack_featured_media_url":"","jetpack_shortlink":"https:\/\/wp.me\/p2JWE0-im6","jetpack-related-posts":[{"id":103558,"url":"https:\/\/www.24baires.com\/?p=103558","url_meta":{"origin":70562,"position":0},"title":"El Presidente defendi\u00f3 a Albino, el m\u00e9dico que dijo disparates sobre los preservativos","author":"AF","date":"26\/07\/2018","format":false,"excerpt":"El Presidente habl\u00f3 sobre los dichos del m\u00e9dico que generaron un esc\u00e1ndalo y lo banc\u00f3 al sostener que \"en lo que trabaja \u00e9l (desnutrici\u00f3n y primera infancia) es reconocido internacionalmente\". En medio de la fuerte controversia que generaron las palabras de Abel Albino en el marco del debate en comisiones\u2026","rel":"","context":"En \u00abPol\u00edtica\u00bb","block_context":{"text":"Pol\u00edtica","link":"https:\/\/www.24baires.com\/?cat=51"},"img":{"alt_text":"","src":"https:\/\/i0.wp.com\/www.24baires.com\/wp-content\/uploads\/2018\/07\/CARRI%C3%93-ALBINO-MACRI.jpg?resize=350%2C200","width":350,"height":200,"srcset":"https:\/\/i0.wp.com\/www.24baires.com\/wp-content\/uploads\/2018\/07\/CARRI%C3%93-ALBINO-MACRI.jpg?resize=350%2C200 1x, https:\/\/i0.wp.com\/www.24baires.com\/wp-content\/uploads\/2018\/07\/CARRI%C3%93-ALBINO-MACRI.jpg?resize=525%2C300 1.5x"},"classes":[]},{"id":102573,"url":"https:\/\/www.24baires.com\/?p=102573","url_meta":{"origin":70562,"position":1},"title":"La ONU inst\u00f3 al Estado argentino a asegurar aborto seguro","author":"AF","date":"06\/06\/2018","format":false,"excerpt":"Mientras se discute si el dictamen que llegar\u00e1 al recinto incluir\u00e1 la autonom\u00eda de las ni\u00f1as de 13 a 16 a\u00f1os para decidir una interrupci\u00f3n de embarazo, el Comit\u00e9 de Derechos del Ni\u00f1o de la ONU inst\u00f3 al Estado argentino a asegurar aborto seguro y atenci\u00f3n postaborto para las adolescentes.\u2026","rel":"","context":"En \u00abSociedad\u00bb","block_context":{"text":"Sociedad","link":"https:\/\/www.24baires.com\/?cat=1"},"img":{"alt_text":"","src":"https:\/\/i0.wp.com\/www.24baires.com\/wp-content\/uploads\/2018\/02\/aborto.jpg?resize=350%2C200","width":350,"height":200,"srcset":"https:\/\/i0.wp.com\/www.24baires.com\/wp-content\/uploads\/2018\/02\/aborto.jpg?resize=350%2C200 1x, https:\/\/i0.wp.com\/www.24baires.com\/wp-content\/uploads\/2018\/02\/aborto.jpg?resize=525%2C300 1.5x"},"classes":[]},{"id":120676,"url":"https:\/\/www.24baires.com\/?p=120676","url_meta":{"origin":70562,"position":2},"title":"\u00abLos cambios en democracia deben ser f\u00e1ciles y r\u00e1pidos\u00bb","author":"AF","date":"21\/11\/2023","format":false,"excerpt":"\"Era una reuni\u00f3n que reclamaba seriedad, fue cordial y amable, donde tocamos temas nacionales e internacionales\", indic\u00f3 el mandatario. El presidente Alberto Fern\u00e1ndez asegur\u00f3 que la reuni\u00f3n que mantuvo con su sucesor electo, Javier Milei, fue \"cordial y amable\" y ambos intercambiaron \"opiniones mutuamente\", a la vez que llam\u00f3 a\u2026","rel":"","context":"En \u00abPol\u00edtica\u00bb","block_context":{"text":"Pol\u00edtica","link":"https:\/\/www.24baires.com\/?cat=51"},"img":{"alt_text":"","src":"https:\/\/i0.wp.com\/www.24baires.com\/wp-content\/uploads\/2023\/11\/WhatsApp-Image-2023-11-21-at-23.35.02.jpeg?resize=350%2C200","width":350,"height":200,"srcset":"https:\/\/i0.wp.com\/www.24baires.com\/wp-content\/uploads\/2023\/11\/WhatsApp-Image-2023-11-21-at-23.35.02.jpeg?resize=350%2C200 1x, https:\/\/i0.wp.com\/www.24baires.com\/wp-content\/uploads\/2023\/11\/WhatsApp-Image-2023-11-21-at-23.35.02.jpeg?resize=525%2C300 1.5x, https:\/\/i0.wp.com\/www.24baires.com\/wp-content\/uploads\/2023\/11\/WhatsApp-Image-2023-11-21-at-23.35.02.jpeg?resize=700%2C400 2x"},"classes":[]},{"id":106362,"url":"https:\/\/www.24baires.com\/?p=106362","url_meta":{"origin":70562,"position":3},"title":"Cristina critic\u00f3 la condena a Milagro Sala","author":"AF","date":"15\/01\/2019","format":false,"excerpt":"La ex mandataria se expres\u00f3 en solidaridad a la l\u00edder de la Tupac Amaru en Jujuy y asegur\u00f3 que es parte de la \"brutal persecuci\u00f3n\" que sufre. La ex presidenta y senadora Cristina Kirchner dio su opini\u00f3n a trav\u00e9s de su cuenta de Twitter sobre el fallo de la justicia\u2026","rel":"","context":"En \u00abPol\u00edtica\u00bb","block_context":{"text":"Pol\u00edtica","link":"https:\/\/www.24baires.com\/?cat=51"},"img":{"alt_text":"","src":"https:\/\/i0.wp.com\/www.24baires.com\/wp-content\/uploads\/2018\/11\/cristina.jpg?resize=350%2C200","width":350,"height":200,"srcset":"https:\/\/i0.wp.com\/www.24baires.com\/wp-content\/uploads\/2018\/11\/cristina.jpg?resize=350%2C200 1x, https:\/\/i0.wp.com\/www.24baires.com\/wp-content\/uploads\/2018\/11\/cristina.jpg?resize=525%2C300 1.5x"},"classes":[]},{"id":51073,"url":"https:\/\/www.24baires.com\/?p=51073","url_meta":{"origin":70562,"position":4},"title":"Seg\u00fan datos de una encuesta, la imagen positiva de Cristina supera el 54%","author":"GB","date":"03\/08\/2014","format":false,"excerpt":"La encuesta confirma la tendencia que ya lleva dos meses y que se increment\u00f3 durante julio, a ra\u00edz del conflicto con los fondos buitre. Fue realizada por el Centro de Estudios de Opini\u00f3n P\u00fablica. La imagen positiva de la presidenta Cristina Fern\u00e1ndez de Kirchner super\u00f3 el 54 por ciento en\u2026","rel":"","context":"En \u00abElecciones 2015\u00bb","block_context":{"text":"Elecciones 2015","link":"https:\/\/www.24baires.com\/?cat=74"},"img":{"alt_text":"cristina rating 2","src":"https:\/\/i0.wp.com\/www.24baires.com\/wp-content\/uploads\/2014\/06\/cristina-rating-2.jpg?resize=350%2C200","width":350,"height":200,"srcset":"https:\/\/i0.wp.com\/www.24baires.com\/wp-content\/uploads\/2014\/06\/cristina-rating-2.jpg?resize=350%2C200 1x, https:\/\/i0.wp.com\/www.24baires.com\/wp-content\/uploads\/2014\/06\/cristina-rating-2.jpg?resize=525%2C300 1.5x"},"classes":[]},{"id":110813,"url":"https:\/\/www.24baires.com\/?p=110813","url_meta":{"origin":70562,"position":5},"title":"Por la crisis, cerr\u00f3 una textil que trabajaba para la marca de Awada","author":"AF","date":"15\/06\/2019","format":false,"excerpt":"La crisis ataca la periferia de la primera dama. Los trabajadores acampan frente a la planta de la empresa JS Textil de San Pedro, que produce materiales para Cheeky. Denuncian salarios adeudados. La firma textil JS de San Pedro ofreci\u00f3 indemnizaciones al 50% a quienes no acepten ir a trabajar\u2026","rel":"","context":"En \u00abSociedad\u00bb","block_context":{"text":"Sociedad","link":"https:\/\/www.24baires.com\/?cat=1"},"img":{"alt_text":"","src":"https:\/\/i0.wp.com\/www.24baires.com\/wp-content\/uploads\/2017\/03\/awada-macri-holanda.jpg?resize=350%2C200","width":350,"height":200},"classes":[]}],"jetpack_sharing_enabled":true,"jetpack_likes_enabled":true,"_links":{"self":[{"href":"https:\/\/www.24baires.com\/index.php?rest_route=\/wp\/v2\/posts\/70562","targetHints":{"allow":["GET"]}}],"collection":[{"href":"https:\/\/www.24baires.com\/index.php?rest_route=\/wp\/v2\/posts"}],"about":[{"href":"https:\/\/www.24baires.com\/index.php?rest_route=\/wp\/v2\/types\/post"}],"author":[{"embeddable":true,"href":"https:\/\/www.24baires.com\/index.php?rest_route=\/wp\/v2\/users\/8"}],"replies":[{"embeddable":true,"href":"https:\/\/www.24baires.com\/index.php?rest_route=%2Fwp%2Fv2%2Fcomments&post=70562"}],"version-history":[{"count":3,"href":"https:\/\/www.24baires.com\/index.php?rest_route=\/wp\/v2\/posts\/70562\/revisions"}],"predecessor-version":[{"id":70660,"href":"https:\/\/www.24baires.com\/index.php?rest_route=\/wp\/v2\/posts\/70562\/revisions\/70660"}],"wp:attachment":[{"href":"https:\/\/www.24baires.com\/index.php?rest_route=%2Fwp%2Fv2%2Fmedia&parent=70562"}],"wp:term":[{"taxonomy":"category","embeddable":true,"href":"https:\/\/www.24baires.com\/index.php?rest_route=%2Fwp%2Fv2%2Fcategories&post=70562"},{"taxonomy":"post_tag","embeddable":true,"href":"https:\/\/www.24baires.com\/index.php?rest_route=%2Fwp%2Fv2%2Ftags&post=70562"}],"curies":[{"name":"wp","href":"https:\/\/api.w.org\/{rel}","templated":true}]}}