{"id":7050,"date":"2012-11-27T23:59:02","date_gmt":"2012-11-28T02:59:02","guid":{"rendered":"http:\/\/www.24baires.com\/?p=7050"},"modified":"2012-11-27T23:59:02","modified_gmt":"2012-11-28T02:59:02","slug":"una-nueva-marcha-en-saladillo-y-habria-cuatro-sospechosos-demorados","status":"publish","type":"post","link":"https:\/\/www.24baires.com\/?p=7050","title":{"rendered":"Una nueva marcha en Saladillo y habr\u00eda cuatro sospechosos demorados"},"content":{"rendered":"<p><img data-recalc-dims=\"1\" loading=\"lazy\" decoding=\"async\" class=\"aligncenter size-full wp-image-7051\" title=\"marcha-agustina08\" src=\"https:\/\/i0.wp.com\/www.24baires.com\/wp-content\/uploads\/2012\/11\/marcha-agustina08.jpg?resize=560%2C306\" alt=\"\" width=\"560\" height=\"306\" srcset=\"https:\/\/i0.wp.com\/www.24baires.com\/wp-content\/uploads\/2012\/11\/marcha-agustina08.jpg?w=560&amp;ssl=1 560w, https:\/\/i0.wp.com\/www.24baires.com\/wp-content\/uploads\/2012\/11\/marcha-agustina08.jpg?resize=300%2C163&amp;ssl=1 300w\" sizes=\"auto, (max-width: 560px) 100vw, 560px\" \/><\/p>\n<p>Una convocatoria realizada esta ma\u00f1ana ante la importancia que se le dio a este lamentable suceso, que se repiti\u00f3 en las redes sociales y a trav\u00e9s del boca a boca, mucha gente se congreg\u00f3 en la esquina de las Av. Moreno y San Mart\u00edn de esa localidad, donde la gente manifest\u00f3 su pedido de justicia por la joven Agustina. Habr\u00eda cuatro j\u00f3venes de 17 a 23 a\u00f1os demorados.\u00a0<!--more--><\/p>\n<p>Familiares, amigos, y vecinos en general se congregaron para pedir que se aclare esta situaci\u00f3n y que se haga justicia para la joven, con carteles, aplausos y gritos al un\u00edsono.<\/p>\n<p>Un familiar de la v\u00edctima, en declaraciones a la prensa, agradeci\u00f3 a los vecinos que se congregaron en la esquina pidiendo justicia para que no haya \u00abOtra Agustina\u00bb y confirm\u00f3 que Agustina siegue estando en el mismo estado de salud, no mostrando ninguna mejor\u00eda. Adem\u00e1s indic\u00f3 que el fiscal en ning\u00fan momento se acerc\u00f3 a la familia, si lo hizo alguna autoridad municipal, por lo cual se muestra la disconformidad de los familiares para con la fiscal\u00eda. Por \u00faltimo pidi\u00f3 que todo aquel que haya visto algo que lo informe. \u00abQueremos que paguen los que hicieron esto\u00bb expres\u00f3.<\/p>\n<p>Por su parte el hermano de Agustina adhiri\u00f3 a las mismas palabras de justicia anteriormente expresadas, <strong>sabiendo que hay un detenido y algunos demorados, y as\u00ed tambi\u00e9n indic\u00f3 que Agustina fue trasladada a un hospital de la ciudad de La Plata, debido a que padecer\u00eda de un Negativismo<\/strong>, un cuadro psicol\u00f3gico muy triste, donde esperan que pueda evolucionar favorablemente. \u00abLo triste es que mi hermana sigue sin reaccionar\u00bb Dijo el hermano. As\u00ed tambi\u00e9n agradeci\u00f3 a todos los medios presentes por la difusi\u00f3n dada a este lamentable caso, por la que se pudo saber un poco m\u00e1s para esclarecer el hecho, y a la gente que los acompa\u00f1\u00f3 en esta marcha. Tambi\u00e9n mostr\u00f3 su disconformidad para con el fiscal Sarramone, diciendo que el mismo dijo muchas \u00abpavadas\u00bb que no encuadran en su investidura, en referencia a la posibilidad de que haya un psic\u00f3pata suelto o que la joven tuviera relaciones previamente. \u00abNo queremos que exista otro caso como el de Agustina\u00bb Cerr\u00f3.<\/p>\n<p>Algunas personas en la marcha levantaron carteles pidiendo justicia por la joven y d\u00e1ndole \u00e1nimos, y otros en contra del fiscal Dr. Sarramone y el Intendente Gorosito. Mientras tanto, en la municipalidad se implement\u00f3 un operativo de seguridad con un n\u00famero alrededor de 50 efectivos policiales con la presencia del Jefe de la Departamental 25 de Mayo y el superintendente Fabi\u00e1n Pagge, pero no necesitaron entrar en acci\u00f3n ya que la marcha fue pac\u00edfica.<\/p>\n<p>&nbsp;<\/p>\n<p>&nbsp;<\/p>\n","protected":false},"excerpt":{"rendered":"<p>Una convocatoria realizada esta ma\u00f1ana ante la importancia que se le dio a este lamentable suceso, que se repiti\u00f3 en las redes sociales y a trav\u00e9s del boca a boca, mucha gente se congreg\u00f3 en la esquina de las Av. Moreno y San Mart\u00edn de esa localidad, donde la gente manifest\u00f3 su pedido de justicia por la joven Agustina. Habr\u00eda [&#8230;]<\/p>\n","protected":false},"author":11,"featured_media":0,"comment_status":"open","ping_status":"open","sticky":false,"template":"","format":"standard","meta":{"_jetpack_newsletter_access":"","_jetpack_dont_email_post_to_subs":false,"_jetpack_newsletter_tier_id":0,"_jetpack_memberships_contains_paywalled_content":false,"_jetpack_memberships_contains_paid_content":false,"footnotes":""},"categories":[49],"tags":[],"class_list":["post-7050","post","type-post","status-publish","format-standard","hentry","category-policiales"],"jetpack_featured_media_url":"","jetpack_shortlink":"https:\/\/wp.me\/p2JWE0-1PI","jetpack-related-posts":[{"id":101059,"url":"https:\/\/www.24baires.com\/?p=101059","url_meta":{"origin":7050,"position":0},"title":"El Gobierno convocar\u00e1 a la Comisi\u00f3n de Emergencias por la sequ\u00eda","author":"AF","date":"14\/03\/2018","format":false,"excerpt":"El Gobierno provincial confirm\u00f3 que convocar\u00e1 a una reuni\u00f3n de la Comisi\u00f3n de Emergencia y Desastre Agropecuario (Cedaba), la primera del a\u00f1o, para la \u00faltima semana de marzo, luego de que las entidades rurales reclamaran el encuentro en el marco de la extrema sequ\u00eda que atraviesa gran parte del territorio\u2026","rel":"","context":"En \u00abProvincia\u00bb","block_context":{"text":"Provincia","link":"https:\/\/www.24baires.com\/?cat=40"},"img":{"alt_text":"","src":"https:\/\/i0.wp.com\/www.24baires.com\/wp-content\/uploads\/2014\/01\/sequia.jpeg?resize=350%2C200","width":350,"height":200,"srcset":"https:\/\/i0.wp.com\/www.24baires.com\/wp-content\/uploads\/2014\/01\/sequia.jpeg?resize=350%2C200 1x, https:\/\/i0.wp.com\/www.24baires.com\/wp-content\/uploads\/2014\/01\/sequia.jpeg?resize=525%2C300 1.5x"},"classes":[]},{"id":100594,"url":"https:\/\/www.24baires.com\/?p=100594","url_meta":{"origin":7050,"position":1},"title":"Marplatenses volvieron a pedir c\u00e1rcel a Etchecolatz","author":"GB","date":"18\/02\/2018","format":false,"excerpt":"Una numeroso grupo de marplatenses se congreg\u00f3 en la playa de Acantilados y formaron la consigna en la arena, en rechazo a la prisi\u00f3n domiciliaria concedida al genocida. Un numeroso grupo de marplatenses se congreg\u00f3 este s\u00e1bado por la ma\u00f1ana en la playa de Acantilados y, con sus cuerpos, formaron\u2026","rel":"","context":"En \u00abSociedad\u00bb","block_context":{"text":"Sociedad","link":"https:\/\/www.24baires.com\/?cat=1"},"img":{"alt_text":"","src":"https:\/\/i0.wp.com\/www.24baires.com\/wp-content\/uploads\/2018\/02\/carcel-a-etchecolaltz.jpg?resize=350%2C200","width":350,"height":200,"srcset":"https:\/\/i0.wp.com\/www.24baires.com\/wp-content\/uploads\/2018\/02\/carcel-a-etchecolaltz.jpg?resize=350%2C200 1x, https:\/\/i0.wp.com\/www.24baires.com\/wp-content\/uploads\/2018\/02\/carcel-a-etchecolaltz.jpg?resize=525%2C300 1.5x"},"classes":[]},{"id":11730,"url":"https:\/\/www.24baires.com\/?p=11730","url_meta":{"origin":7050,"position":2},"title":"A trav\u00e9s de redes sociales convocan a marcha por Justicia para joven asesinado en Tandil","author":"AF","date":"10\/01\/2013","format":false,"excerpt":"La marcha convocada por la esposa del joven asesinado va cobrando relevancia en las redes sociales. Tambi\u00e9n se repartieron volantes y afiches en el centro de la ciudad. La marcha para pedir justicia por la absurda muerte del joven Gabriel Estanislao Giacone, de 18 a\u00f1os, asesinado de un disparo en\u2026","rel":"","context":"En \u00abPoliciales\u00bb","block_context":{"text":"Policiales","link":"https:\/\/www.24baires.com\/?cat=49"},"img":{"alt_text":"","src":"","width":0,"height":0},"classes":[]},{"id":119253,"url":"https:\/\/www.24baires.com\/?p=119253","url_meta":{"origin":7050,"position":3},"title":"Pueblada en Laprida por el caso de Daiana Abregu","author":"GB","date":"24\/08\/2022","format":false,"excerpt":"Un grupo de familiares y vecinos marcharon hacia la comisar\u00eda local a exigir justicia por la joven de Laprida que apareci\u00f3 sin vida all\u00ed el 5 de junio. Luego de que un ateneo de peritos determinara que Daiana Abreg\u00fa, la joven que el 5 de junio fue detenida y trasladada\u2026","rel":"","context":"En \u00abLocales\u00bb","block_context":{"text":"Locales","link":"https:\/\/www.24baires.com\/?cat=38"},"img":{"alt_text":"","src":"https:\/\/i0.wp.com\/www.24baires.com\/wp-content\/uploads\/2022\/08\/whatsapp-image-2022-08-24-at-90526-am-1jpeg.jpeg?resize=350%2C200","width":350,"height":200,"srcset":"https:\/\/i0.wp.com\/www.24baires.com\/wp-content\/uploads\/2022\/08\/whatsapp-image-2022-08-24-at-90526-am-1jpeg.jpeg?resize=350%2C200 1x, https:\/\/i0.wp.com\/www.24baires.com\/wp-content\/uploads\/2022\/08\/whatsapp-image-2022-08-24-at-90526-am-1jpeg.jpeg?resize=525%2C300 1.5x, https:\/\/i0.wp.com\/www.24baires.com\/wp-content\/uploads\/2022\/08\/whatsapp-image-2022-08-24-at-90526-am-1jpeg.jpeg?resize=700%2C400 2x"},"classes":[]},{"id":13502,"url":"https:\/\/www.24baires.com\/?p=13502","url_meta":{"origin":7050,"position":4},"title":"En Campana hasta la Intendenta march\u00f3 reclamando m\u00e1s seguridad","author":"AF","date":"25\/01\/2013","format":false,"excerpt":"En el municipio de Campana se realiz\u00f3 una marcha pidiendo mayor seguridad, pero lo que no fue normal es que fue convocada por la Jefa de la Comuna Stella Maris Giroldi y apoyada por todos los sectores pol\u00edticos del distrito y gran cantidad de vecinos que se congregaron a la\u2026","rel":"","context":"En \u00abLocales\u00bb","block_context":{"text":"Locales","link":"https:\/\/www.24baires.com\/?cat=38"},"img":{"alt_text":"","src":"","width":0,"height":0},"classes":[]},{"id":33545,"url":"https:\/\/www.24baires.com\/?p=33545","url_meta":{"origin":7050,"position":5},"title":"Afectados por el incendio de La Boca piden ayudan y aseguran que fue intencional","author":"AF","date":"14\/10\/2013","format":false,"excerpt":"Las once familias que perdieron todo como consecuencia del incendio que ayer se cobr\u00f3 la vida de dos menores y destruy\u00f3 dos conventillos en el barrio porte\u00f1o de La Boca aseguraron que el fuego se inici\u00f3 de manera intencional y reclamaron que el gobierno porte\u00f1o los asista, porque \u201cs\u00f3lo hemos\u2026","rel":"","context":"En \u00abSociedad\u00bb","block_context":{"text":"Sociedad","link":"https:\/\/www.24baires.com\/?cat=1"},"img":{"alt_text":"carpa la boca","src":"https:\/\/i0.wp.com\/www.24baires.com\/wp-content\/uploads\/2013\/10\/carpa-la-boca-300x199.jpg?resize=350%2C200","width":350,"height":200},"classes":[]}],"jetpack_sharing_enabled":true,"jetpack_likes_enabled":true,"_links":{"self":[{"href":"https:\/\/www.24baires.com\/index.php?rest_route=\/wp\/v2\/posts\/7050","targetHints":{"allow":["GET"]}}],"collection":[{"href":"https:\/\/www.24baires.com\/index.php?rest_route=\/wp\/v2\/posts"}],"about":[{"href":"https:\/\/www.24baires.com\/index.php?rest_route=\/wp\/v2\/types\/post"}],"author":[{"embeddable":true,"href":"https:\/\/www.24baires.com\/index.php?rest_route=\/wp\/v2\/users\/11"}],"replies":[{"embeddable":true,"href":"https:\/\/www.24baires.com\/index.php?rest_route=%2Fwp%2Fv2%2Fcomments&post=7050"}],"version-history":[{"count":2,"href":"https:\/\/www.24baires.com\/index.php?rest_route=\/wp\/v2\/posts\/7050\/revisions"}],"predecessor-version":[{"id":7053,"href":"https:\/\/www.24baires.com\/index.php?rest_route=\/wp\/v2\/posts\/7050\/revisions\/7053"}],"wp:attachment":[{"href":"https:\/\/www.24baires.com\/index.php?rest_route=%2Fwp%2Fv2%2Fmedia&parent=7050"}],"wp:term":[{"taxonomy":"category","embeddable":true,"href":"https:\/\/www.24baires.com\/index.php?rest_route=%2Fwp%2Fv2%2Fcategories&post=7050"},{"taxonomy":"post_tag","embeddable":true,"href":"https:\/\/www.24baires.com\/index.php?rest_route=%2Fwp%2Fv2%2Ftags&post=7050"}],"curies":[{"name":"wp","href":"https:\/\/api.w.org\/{rel}","templated":true}]}}