{"id":7041,"date":"2012-11-27T23:35:16","date_gmt":"2012-11-28T02:35:16","guid":{"rendered":"http:\/\/www.24baires.com\/?p=7041"},"modified":"2012-11-27T23:35:16","modified_gmt":"2012-11-28T02:35:16","slug":"los-125-anos-del-club-atletico-quilmes-se-festejaron-a-puro-futbol","status":"publish","type":"post","link":"https:\/\/www.24baires.com\/?p=7041","title":{"rendered":"Los 125 a\u00f1os del Club Atl\u00e9tico Quilmes se festejaron a puro f\u00fatbol"},"content":{"rendered":"<p><img data-recalc-dims=\"1\" loading=\"lazy\" decoding=\"async\" class=\"aligncenter size-full wp-image-7042\" title=\"quilmes 125 anios\" src=\"https:\/\/i0.wp.com\/www.24baires.com\/wp-content\/uploads\/2012\/11\/quilmes-125-anios.jpg?resize=560%2C335\" alt=\"\" width=\"560\" height=\"335\" srcset=\"https:\/\/i0.wp.com\/www.24baires.com\/wp-content\/uploads\/2012\/11\/quilmes-125-anios.jpg?w=560&amp;ssl=1 560w, https:\/\/i0.wp.com\/www.24baires.com\/wp-content\/uploads\/2012\/11\/quilmes-125-anios.jpg?resize=300%2C179&amp;ssl=1 300w\" sizes=\"auto, (max-width: 560px) 100vw, 560px\" \/><\/p>\n<p>Quilmes, el club m\u00e1s antiguo del f\u00fatbol argentino, festej\u00f3 sus 125 a\u00f1os de vida con un partido amistoso frente a Santiago Wanderers de Chile, equipo que es dirigido por Ivo Basay.<!--more--><\/p>\n<p>&nbsp;<br \/>\nPrevio al comienzo del encuentro, arbitrado por Federico Beligoy y en el que actuaron jugadores que habitualmente no son titulares, se descubrieron placas alusivas y se entregaron plaquetas a glorias de la historia del club, como los ex campeones del Mundo de Argentina en 1978, Ubaldo Matildo Fillol y Julio Ricardo Villa.<br \/>\nEstaba invitado Daniel Bertoni, tambi\u00e9n campe\u00f3n Mundial en Argentina 1978, pero no pudo asistir por problemas personales.<br \/>\nAdem\u00e1s, se efectuaron reconocimientos a deportistas exitosos del club en diversas disciplinas, como as\u00ed tambi\u00e9n se descubri\u00f3 una placa de la Confederaci\u00f3n Sudamericana de F\u00fatbol (CSF).<br \/>\n\u00abEs muy importante este aniversario, porque somos el decano del f\u00fatbol argentino y somos el club m\u00e1s antiguo en practicar f\u00fatbol en nuestro pa\u00eds\u00bb, se\u00f1al\u00f3 el presidente de la entidad sure\u00f1a y senador nacional, An\u00edbal Fern\u00e1ndez.<br \/>\nEl ex Jefe de Gabinete de la Naci\u00f3n a\u00f1adi\u00f3 que \u00ablo m\u00e1s importante de estos 125 a\u00f1os fue el t\u00edtulo del `78, no se compara con nada. Lo menos grato, obviamente, los descensos\u00bb.<br \/>\n\u00abEn tanto, el jugador m\u00e1s importante de la historia del club es Omar `Indio` G\u00f3mez (estuvo presente en los planteles campeones de la Primera B del `75 y del Metropolitano del `78)\u00bb, precis\u00f3.<br \/>\nRespecto de la actualidad del club, indic\u00f3: \u00abestamos muy bien, siempre tuvimos una administraci\u00f3n ordenada y queremos seguir creciendo y tener un financiamiento adecuado\u00bb.<br \/>\nCon relaci\u00f3n con el futuro del actual entrenador del equipo, Omar De Felippe, cuestionado por los malos resultados en el torneo Inicial, el titular de Quilmes lo respald\u00f3 y asegur\u00f3 que \u00abtiene nuestro apoyo absoluto, fuimos a buscarlo porque queremos un proyecto a largo plazo y no inmediato\u00bb.<br \/>\n\u00abEl no lastim\u00f3 a ning\u00fan jugador y ellos no se lastimaron porque ten\u00edan ganas. Revertiremos este presente\u00bb, complet\u00f3 Fern\u00e1ndez al hacer referencia a la gran cantidad de lesionados que hay en el plantel.<br \/>\nPor su parte, Julio Ricardo Villa manifest\u00f3: \u00abestoy muy emocionado por pertenecer a una peque\u00f1a parte de tanta historia. Estuve 4 a\u00f1os y medio y le agradezco a Quilmes que me permiti\u00f3 crecer. El primer amor nunca se olvida\u00bb.<br \/>\nA su tiempo, el `Pato` Fillol opin\u00f3: \u00abtengo muchas sensaciones y recuerdos (debut\u00f3 en el `69). Llegu\u00e9 en el `63 siendo un adolescente y me fui siendo un hombre\u00bb.<br \/>\n\u00abSon lindos los reconocimientos estando en vida y es por eso que tengo un agradecimiento eterno con Quilmes, que significa todo para m\u00ed, porque viv\u00ed cosas importantes a nivel humano y profesional\u00bb, concluy\u00f3 el ex arquero campe\u00f3n del Mundo.<\/p>\n<p>&nbsp;<\/p>\n<p>&nbsp;<\/p>\n<p>&nbsp;<\/p>\n<p>&nbsp;<\/p>\n<p>&nbsp;<\/p>\n<p>&nbsp;<\/p>\n<p>&nbsp;<\/p>\n<p>&nbsp;<\/p>\n<p>&nbsp;<\/p>\n<p>&nbsp;<\/p>\n<p>&nbsp;<\/p>\n<p>&nbsp;<\/p>\n<p>&nbsp;<\/p>\n<p>&nbsp;<\/p>\n<p>&nbsp;<\/p>\n<p>&nbsp;<\/p>\n<p>&nbsp;<\/p>\n<p>&nbsp;<\/p>\n<p>&nbsp;<\/p>\n<p>&nbsp;<\/p>\n<p>&nbsp;<\/p>\n<p>&nbsp;<\/p>\n<p>&nbsp;<\/p>\n","protected":false},"excerpt":{"rendered":"<p>Quilmes, el club m\u00e1s antiguo del f\u00fatbol argentino, festej\u00f3 sus 125 a\u00f1os de vida con un partido amistoso frente a Santiago Wanderers de Chile, equipo que es dirigido por Ivo Basay.<\/p>\n","protected":false},"author":11,"featured_media":0,"comment_status":"open","ping_status":"open","sticky":false,"template":"","format":"standard","meta":{"_jetpack_newsletter_access":"","_jetpack_dont_email_post_to_subs":false,"_jetpack_newsletter_tier_id":0,"_jetpack_memberships_contains_paywalled_content":false,"_jetpack_memberships_contains_paid_content":false,"footnotes":""},"categories":[12],"tags":[],"class_list":["post-7041","post","type-post","status-publish","format-standard","hentry","category-deportes"],"jetpack_featured_media_url":"","jetpack_shortlink":"https:\/\/wp.me\/p2JWE0-1Pz","jetpack-related-posts":[{"id":3854,"url":"https:\/\/www.24baires.com\/?p=3854","url_meta":{"origin":7041,"position":0},"title":"Temperley festeja cien a\u00f1os de amor &#8216;celeste&#8217; al barrio","author":"Grupo Sierra","date":"30\/10\/2012","format":false,"excerpt":"Tristeza de descenso, festejos de ascenso, la quiebra, la reapertura del Club, sus a\u00f1os m\u00e1s oscuros y la estabilidad actual. Todo forma parte de la historia del Celeste, que hoy pelea el campeonato y atraviesa un gran momento deportivo e institucional. \u00a0 Esta semana, sin dudas, ser\u00e1 muy especial para\u2026","rel":"","context":"En \u00abDeportes\u00bb","block_context":{"text":"Deportes","link":"https:\/\/www.24baires.com\/?cat=12"},"img":{"alt_text":"","src":"https:\/\/i0.wp.com\/www.24baires.com\/wp-content\/uploads\/2012\/10\/temeprley-300x295.jpg?resize=350%2C200","width":350,"height":200},"classes":[]},{"id":39866,"url":"https:\/\/www.24baires.com\/?p=39866","url_meta":{"origin":7041,"position":1},"title":"Llega Perotti, el tercer refuerzo de Boca Juniors","author":"Grupo Sierra","date":"05\/02\/2014","format":false,"excerpt":"Lo confirm\u00f3 el propio jugador esta ma\u00f1ana v\u00eda twitter. El mediocampista , proveniente del Valencia, expres\u00f3 que \"felizmente puedo anunciar que soy jugador de Boca\". Se suma a Hern\u00e1n Grana y Juan Forl\u00edn. \"Felizmente puedo anunciar que soy jugador de Boca, un orgullo haber compartido con la familia del Sevilla\",\u2026","rel":"","context":"En \u00abDeportes\u00bb","block_context":{"text":"Deportes","link":"https:\/\/www.24baires.com\/?cat=12"},"img":{"alt_text":"perotti","src":"https:\/\/i0.wp.com\/www.24baires.com\/wp-content\/uploads\/2014\/02\/perotti.jpg?resize=350%2C200","width":350,"height":200,"srcset":"https:\/\/i0.wp.com\/www.24baires.com\/wp-content\/uploads\/2014\/02\/perotti.jpg?resize=350%2C200 1x, https:\/\/i0.wp.com\/www.24baires.com\/wp-content\/uploads\/2014\/02\/perotti.jpg?resize=525%2C300 1.5x"},"classes":[]},{"id":60406,"url":"https:\/\/www.24baires.com\/?p=60406","url_meta":{"origin":7041,"position":2},"title":"\u00abEs prematuro hablar de la vuelta a Boca\u00bb, dijo el representante de Tevez","author":"GB","date":"20\/01\/2015","format":false,"excerpt":"Kia Joorabchian asegur\u00f3 que el delantero argentino \"por ahora piensa en ganar la Liga de Campeones\" y en su actual club Juventus. \"Por ahora no hablamos ni de Boca ni de ninguna otra posibilidad\", enfatiz\u00f3. En declaraciones al peri\u00f3dico Tuttospor, Joobrachian, quien fue el agente que consigui\u00f3 el primer pase\u2026","rel":"","context":"En \u00abDeportes\u00bb","block_context":{"text":"Deportes","link":"https:\/\/www.24baires.com\/?cat=12"},"img":{"alt_text":"tevez1","src":"https:\/\/i0.wp.com\/www.24baires.com\/wp-content\/uploads\/2014\/10\/tevez1.jpg?resize=350%2C200","width":350,"height":200,"srcset":"https:\/\/i0.wp.com\/www.24baires.com\/wp-content\/uploads\/2014\/10\/tevez1.jpg?resize=350%2C200 1x, https:\/\/i0.wp.com\/www.24baires.com\/wp-content\/uploads\/2014\/10\/tevez1.jpg?resize=525%2C300 1.5x"},"classes":[]},{"id":34555,"url":"https:\/\/www.24baires.com\/?p=34555","url_meta":{"origin":7041,"position":3},"title":"Mar del Plata: se inaugura la final de los Juegos Nacionales Evita 2013","author":"GB","date":"03\/11\/2013","format":false,"excerpt":"La ciudad de Mar del Plata vivir\u00e1 desde hoy la fiesta m\u00e1xima del Deporte Social de la Argentina por s\u00e9ptimo a\u00f1o consecutivo, cuando comience la actividad de la Final de los Juegos Nacionales Evita 2013, que convocar\u00e1n a 15.000 j\u00f3venes y adultos de todo el pa\u00eds hasta el 8 de\u2026","rel":"","context":"En \u00abLocales\u00bb","block_context":{"text":"Locales","link":"https:\/\/www.24baires.com\/?cat=38"},"img":{"alt_text":"","src":"","width":0,"height":0},"classes":[]},{"id":76132,"url":"https:\/\/www.24baires.com\/?p=76132","url_meta":{"origin":7041,"position":4},"title":"Esc\u00e1ndalo FIFA: Meiszner se entreg\u00f3 y pidi\u00f3 prisi\u00f3n domiciliaria","author":"GB","date":"09\/12\/2015","format":false,"excerpt":"El ex presidente de Quilmes y ex Secretario General de la Conmebol, investigado por el esc\u00e1ndalo por actos de corrupci\u00f3n en la FIFA, se entreg\u00f3 hoy en el juzgado que tramita su extradici\u00f3n a EEUU. Jos\u00e9 Luis Meiszner, el ex presidente del club Quilmes y ex Secretario General de la\u2026","rel":"","context":"En \u00abDeportes\u00bb","block_context":{"text":"Deportes","link":"https:\/\/www.24baires.com\/?cat=12"},"img":{"alt_text":"meizner","src":"https:\/\/i0.wp.com\/www.24baires.com\/wp-content\/uploads\/2015\/12\/meizner.jpg?resize=350%2C200","width":350,"height":200,"srcset":"https:\/\/i0.wp.com\/www.24baires.com\/wp-content\/uploads\/2015\/12\/meizner.jpg?resize=350%2C200 1x, https:\/\/i0.wp.com\/www.24baires.com\/wp-content\/uploads\/2015\/12\/meizner.jpg?resize=525%2C300 1.5x"},"classes":[]},{"id":76057,"url":"https:\/\/www.24baires.com\/?p=76057","url_meta":{"origin":7041,"position":5},"title":"Boca vuelve a elegir presidente","author":"GB","date":"06\/12\/2015","format":false,"excerpt":"Boca Juniors eligeal encargado de dirigir los destinos del club por los pr\u00f3ximos cuatro a\u00f1os en unos comicios en los que el actual presidente Daniel Angelici se postula para proseguir en el cargo, mientras que el ex titular Jorge Amor Ameal y Jos\u00e9 Beraldi se presentan como sus rivales en\u2026","rel":"","context":"En \u00abDeportes\u00bb","block_context":{"text":"Deportes","link":"https:\/\/www.24baires.com\/?cat=12"},"img":{"alt_text":"boca presidentes","src":"https:\/\/i0.wp.com\/www.24baires.com\/wp-content\/uploads\/2015\/12\/boca-presidentes.jpg?resize=350%2C200","width":350,"height":200,"srcset":"https:\/\/i0.wp.com\/www.24baires.com\/wp-content\/uploads\/2015\/12\/boca-presidentes.jpg?resize=350%2C200 1x, https:\/\/i0.wp.com\/www.24baires.com\/wp-content\/uploads\/2015\/12\/boca-presidentes.jpg?resize=525%2C300 1.5x"},"classes":[]}],"jetpack_sharing_enabled":true,"jetpack_likes_enabled":true,"_links":{"self":[{"href":"https:\/\/www.24baires.com\/index.php?rest_route=\/wp\/v2\/posts\/7041","targetHints":{"allow":["GET"]}}],"collection":[{"href":"https:\/\/www.24baires.com\/index.php?rest_route=\/wp\/v2\/posts"}],"about":[{"href":"https:\/\/www.24baires.com\/index.php?rest_route=\/wp\/v2\/types\/post"}],"author":[{"embeddable":true,"href":"https:\/\/www.24baires.com\/index.php?rest_route=\/wp\/v2\/users\/11"}],"replies":[{"embeddable":true,"href":"https:\/\/www.24baires.com\/index.php?rest_route=%2Fwp%2Fv2%2Fcomments&post=7041"}],"version-history":[{"count":2,"href":"https:\/\/www.24baires.com\/index.php?rest_route=\/wp\/v2\/posts\/7041\/revisions"}],"predecessor-version":[{"id":7044,"href":"https:\/\/www.24baires.com\/index.php?rest_route=\/wp\/v2\/posts\/7041\/revisions\/7044"}],"wp:attachment":[{"href":"https:\/\/www.24baires.com\/index.php?rest_route=%2Fwp%2Fv2%2Fmedia&parent=7041"}],"wp:term":[{"taxonomy":"category","embeddable":true,"href":"https:\/\/www.24baires.com\/index.php?rest_route=%2Fwp%2Fv2%2Fcategories&post=7041"},{"taxonomy":"post_tag","embeddable":true,"href":"https:\/\/www.24baires.com\/index.php?rest_route=%2Fwp%2Fv2%2Ftags&post=7041"}],"curies":[{"name":"wp","href":"https:\/\/api.w.org\/{rel}","templated":true}]}}