{"id":7037,"date":"2012-11-27T16:04:39","date_gmt":"2012-11-27T19:04:39","guid":{"rendered":"http:\/\/www.24baires.com\/?p=7037"},"modified":"2012-11-27T22:10:15","modified_gmt":"2012-11-28T01:10:15","slug":"la-plata-quiere-ser-capital-nacional-del-rock-independiente","status":"publish","type":"post","link":"https:\/\/www.24baires.com\/?p=7037","title":{"rendered":"La Plata quiere ser capital nacional del rock independiente"},"content":{"rendered":"<p>Un proyecto del bloque kirchnerista propone darle impulso a la m\u00fasica platense mediante la creaci\u00f3n de un fondo de promoci\u00f3n y desarrollo que fomente la producci\u00f3n de contenidos de m\u00fasicos solistas y bandas independientes. El municipio deber\u00e1 poner a disposici\u00f3n los espacios p\u00fablicos para el desarrollo de recitales adem\u00e1s de contribuir con la difusi\u00f3n de la agenda cultural. Tambi\u00e9n se plantea trabajar en la puesta en valor del rol de capitalidad mediante la realizaci\u00f3n de una fiesta anual de rock independiente.<!--more--><\/p>\n<p>Mediante una propuesta que busca respaldar y promocionar la actividad de m\u00fasicos solistas y bandas de rock independientes de la ciudad, el bloque de concejales FpV-Nacional y Popular, propuso declarar a La Plata \u201ccapital nacional del rock independiente\u201d, generando el desarrollo cultural que ponga en valor su rol de capitalidad, facilitando la producci\u00f3n de contenidos, la realizaci\u00f3n de recitales y la difusi\u00f3n de la m\u00fasica local mediante un fondo econ\u00f3mico creado para tal fin.<\/p>\n<p>El presidente de la bancada kirchnerista, Sebasti\u00e1n Tangorra, destac\u00f3 que la iniciativa \u201csurge de la necesidad de propiciar el apoyo y fomento a los artistas locales independientes que muchas veces no cuentan con el respaldo de pol\u00edticas culturales municipales que permitan su desenvolvimiento y crecimiento\u201d.<\/p>\n<p>Tangorra destac\u00f3 que los antecedentes culturales de la ciudad la posicionan como \u201ccuna de grandes bandas de rock nacional que por origen o adopci\u00f3n de sus integrantes la han abrazado como lugar de nacimiento\u201d y resalt\u00f3 que hist\u00f3ricamente La Plata se caracteriz\u00f3 por la difusi\u00f3n de bandas locales a trav\u00e9s de la organizaci\u00f3n de recitales en espacios p\u00fablicos.<\/p>\n<p>En ese marco, agreg\u00f3 que \u201cson expresiones culturales que merecen ser reconocidas y patrocinadas a nivel municipal mediante la recuperaci\u00f3n de espacios p\u00fablicos y locaciones para que sean utilizados como lugares de encuentro popular de la juventud\u201d.<\/p>\n<p>La norma promueve entre sus puntos principales crear un fondo para la promoci\u00f3n y desarrollo de la actividad de m\u00fasicos solistas y bandas en el marco de una promoci\u00f3n de la capitalidad de la ciudad que atienda al desarrollo de producci\u00f3n local de contenidos musicales. Adem\u00e1s, impulsa la realizaci\u00f3n de la fiesta nacional del rock independiente de car\u00e1cter anual a celebrarse en el mes de noviembre y promueve la instrumentaci\u00f3n de un registro de bandas y m\u00fasicos locales.<\/p>\n<p>A su vez, el municipio deber\u00e1 crear un \u00e1rea espec\u00edfica destinada a programar recitales y difundir a trav\u00e9s de medios gr\u00e1ficos, radiales y de cualquier otro tipo, la producci\u00f3n musical como as\u00ed tambi\u00e9n deber\u00e1 disponer de los espacios p\u00fablicos administrados por el municipio para que sean utilizados como escenarios.<\/p>\n<p>El \u201cFondo para la Promoci\u00f3n y Desarrollo del Rock Independiente de la Ciudad de La Plata\u00bb estar\u00e1 constituido por un 50% de lo recaudado como derecho de espect\u00e1culos a partir de los realizados en el Estadio Ciudad de La Plata.<\/p>\n<p>Tangorra resalt\u00f3 que \u201cdebe ser pol\u00edtica de Estado del municipio el desarrollo de una actividad sostenida de promoci\u00f3n de j\u00f3venes m\u00fasicos, que incluya la facilitaci\u00f3n de recitales y su difusi\u00f3n p\u00fablica\u201d.<\/p>\n<p>Tambi\u00e9n agreg\u00f3 que la propuesta impulsa como corolario de la actividad anual, una celebraci\u00f3n que permita que las mejores bandas se presenten en escenarios de jerarqu\u00eda como el Estadio \u00danico, Plaza Moreno, Teatro del Lago entre otros espacios aptos para que este arte se exprese\u201d.<\/p>\n","protected":false},"excerpt":{"rendered":"<p>Un proyecto del bloque kirchnerista propone darle impulso a la m\u00fasica platense mediante la creaci\u00f3n de un fondo de promoci\u00f3n y desarrollo que fomente la producci\u00f3n de contenidos de m\u00fasicos solistas y bandas independientes. El municipio deber\u00e1 poner a disposici\u00f3n los espacios p\u00fablicos para el desarrollo de recitales adem\u00e1s de contribuir con la difusi\u00f3n de la agenda cultural. Tambi\u00e9n se [&#8230;]<\/p>\n","protected":false},"author":4,"featured_media":0,"comment_status":"open","ping_status":"open","sticky":false,"template":"","format":"standard","meta":{"_jetpack_newsletter_access":"","_jetpack_dont_email_post_to_subs":false,"_jetpack_newsletter_tier_id":0,"_jetpack_memberships_contains_paywalled_content":false,"_jetpack_memberships_contains_paid_content":false,"footnotes":""},"categories":[1],"tags":[],"class_list":["post-7037","post","type-post","status-publish","format-standard","hentry","category-sociedad"],"jetpack_featured_media_url":"","jetpack_shortlink":"https:\/\/wp.me\/p2JWE0-1Pv","jetpack-related-posts":[{"id":56372,"url":"https:\/\/www.24baires.com\/?p=56372","url_meta":{"origin":7037,"position":0},"title":"Amigos y colegas de Gustavo Cerati le rendir\u00e1n su homenaje en \u00abSiempre es hoy\u00bb","author":"GB","date":"31\/10\/2014","format":false,"excerpt":"Charly Garc\u00eda, Fito P\u00e1ez, Ricardo Mollo y Benito Cerati, son algunos de los artistas que participar\u00e1n de \"Siempre es hoy\", un concierto especial en conmemoraci\u00f3n al m\u00fasico y compositor Gustavo Cerati, que se realizar\u00e1 el 4 de noviembre en los estudios de la Televisi\u00f3n Publica, organizado por el ministerio de\u2026","rel":"","context":"En \u00abEspectaculos\u00bb","block_context":{"text":"Espectaculos","link":"https:\/\/www.24baires.com\/?cat=41"},"img":{"alt_text":"cerati","src":"https:\/\/i0.wp.com\/www.24baires.com\/wp-content\/uploads\/2014\/09\/cerati.jpg?resize=350%2C200","width":350,"height":200,"srcset":"https:\/\/i0.wp.com\/www.24baires.com\/wp-content\/uploads\/2014\/09\/cerati.jpg?resize=350%2C200 1x, https:\/\/i0.wp.com\/www.24baires.com\/wp-content\/uploads\/2014\/09\/cerati.jpg?resize=525%2C300 1.5x"},"classes":[]},{"id":19212,"url":"https:\/\/www.24baires.com\/?p=19212","url_meta":{"origin":7037,"position":1},"title":"Scioli promociona el &#8216;RockeaBA&#8217; junto a Jorge Macri en la zona norte","author":"Grupo Sierra","date":"24\/03\/2013","format":false,"excerpt":"VICENTE L\u00d3PEZ.- El gobernador Daniel Scioli particip\u00f3 de una especial jornada de deporte y m\u00fasica destinada a j\u00f3venes, que culmin\u00f3 con la presentaci\u00f3n del grupo Ataque 77, como parte de la promoci\u00f3n del concurso RockeaBA. Acompa\u00f1ado por el intendente local, Jorge Macri, el vicepresidente del Grupo Bapro, Nicol\u00e1s Scioli y\u2026","rel":"","context":"En \u00abProvincia\u00bb","block_context":{"text":"Provincia","link":"https:\/\/www.24baires.com\/?cat=40"},"img":{"alt_text":"scioli rockeaba","src":"https:\/\/i0.wp.com\/www.24baires.com\/wp-content\/uploads\/2013\/03\/scioli-rockeaba.jpg?resize=350%2C200","width":350,"height":200,"srcset":"https:\/\/i0.wp.com\/www.24baires.com\/wp-content\/uploads\/2013\/03\/scioli-rockeaba.jpg?resize=350%2C200 1x, https:\/\/i0.wp.com\/www.24baires.com\/wp-content\/uploads\/2013\/03\/scioli-rockeaba.jpg?resize=525%2C300 1.5x"},"classes":[]},{"id":78786,"url":"https:\/\/www.24baires.com\/?p=78786","url_meta":{"origin":7037,"position":2},"title":"La Plata: el intendente Garro entreg\u00f3 la llave de la ciudad a los Rolling Stones","author":"AF","date":"11\/02\/2016","format":false,"excerpt":"El intendente de La Plata, Julio Garro, entreg\u00f3 la Llave de la Ciudad y el t\u00edtulo de Hu\u00e9sped de Honor a los integrantes de los Rolling Stones, previo al show en el Estadio \u00danico. \u201cElegimos darles este reconocimiento especial porque son verdaderos hu\u00e9spedes de honor. Adem\u00e1s de lo que representan\u2026","rel":"","context":"En \u00abLocales\u00bb","block_context":{"text":"Locales","link":"https:\/\/www.24baires.com\/?cat=38"},"img":{"alt_text":"stone","src":"https:\/\/i0.wp.com\/www.24baires.com\/wp-content\/uploads\/2016\/02\/stone.jpg?resize=350%2C200","width":350,"height":200,"srcset":"https:\/\/i0.wp.com\/www.24baires.com\/wp-content\/uploads\/2016\/02\/stone.jpg?resize=350%2C200 1x, https:\/\/i0.wp.com\/www.24baires.com\/wp-content\/uploads\/2016\/02\/stone.jpg?resize=525%2C300 1.5x"},"classes":[]},{"id":11786,"url":"https:\/\/www.24baires.com\/?p=11786","url_meta":{"origin":7037,"position":3},"title":"\u201cPara llegar a Independiente hay que tener huevos\u201d","author":"Grupo Sierra","date":"10\/01\/2013","format":false,"excerpt":"El presidente del club de Avellaneda, Javier Cantero, lo asegur\u00f3 por la situaci\u00f3n del equipo con los promedios del descenso. \u201cHay que tener cojones como (Daniel) Montenegro\u201d, agreg\u00f3. El presidente de Independiente, Javier Cantero, alert\u00f3 hoy que los jugadores que puedan llegar como refuerzos al plantel de Am\u00e9rico Gallego deben\u2026","rel":"","context":"En \u00abDeportes\u00bb","block_context":{"text":"Deportes","link":"https:\/\/www.24baires.com\/?cat=12"},"img":{"alt_text":"cantero aplaude","src":"https:\/\/i0.wp.com\/www.24baires.com\/wp-content\/uploads\/2012\/12\/cantero-aplaude.jpg?resize=350%2C200","width":350,"height":200,"srcset":"https:\/\/i0.wp.com\/www.24baires.com\/wp-content\/uploads\/2012\/12\/cantero-aplaude.jpg?resize=350%2C200 1x, https:\/\/i0.wp.com\/www.24baires.com\/wp-content\/uploads\/2012\/12\/cantero-aplaude.jpg?resize=525%2C300 1.5x"},"classes":[]},{"id":10593,"url":"https:\/\/www.24baires.com\/?p=10593","url_meta":{"origin":7037,"position":4},"title":"Verano cargado de shows en la Costa bonaerense","author":"AF","date":"27\/12\/2012","format":false,"excerpt":"Durante la pr\u00f3xima temporada estival numerosos artistas recorrer\u00e1n las costas de la Provincia llevando sus shows y su m\u00fasica gratuitamente.\u00a0 Vicentico, Kevin Johansen, Los Tipitos, Nacha Guevara y Alberto Favero, Catupecu Machu, Fabiana Cantilo, Hilda Lizarazu y Estelares, son algunas de las bandas y solistas que ofrecer\u00e1n recitales gratuitos en\u2026","rel":"","context":"En \u00abArte &amp; Cultura\u00bb","block_context":{"text":"Arte &amp; Cultura","link":"https:\/\/www.24baires.com\/?cat=53"},"img":{"alt_text":"recital playa 1","src":"https:\/\/i0.wp.com\/www.24baires.com\/wp-content\/uploads\/2012\/12\/recital-playa-1.jpg?resize=350%2C200","width":350,"height":200,"srcset":"https:\/\/i0.wp.com\/www.24baires.com\/wp-content\/uploads\/2012\/12\/recital-playa-1.jpg?resize=350%2C200 1x, https:\/\/i0.wp.com\/www.24baires.com\/wp-content\/uploads\/2012\/12\/recital-playa-1.jpg?resize=525%2C300 1.5x"},"classes":[]},{"id":37251,"url":"https:\/\/www.24baires.com\/?p=37251","url_meta":{"origin":7037,"position":5},"title":"El AFSCA y M\u00fasicos Independientes Organizados se unen en Mar del Plata","author":"Grupo Sierra","date":"21\/12\/2013","format":false,"excerpt":"El anuncio del acuerdo se hizo mediante una conferencia de prensa en la que participaron dirigentes de ambas instituciones. Fernando Araujo, coordinador de la Regi\u00f3n Mar del Plata del AFSCA y Fabio Tagliaferri, presidente de la organizaci\u00f3n M\u00fasicos Independientes Organizados, anunciaron las nuevas estrategias en conjunto para avanzar sobre la\u2026","rel":"","context":"En \u00abLocales\u00bb","block_context":{"text":"Locales","link":"https:\/\/www.24baires.com\/?cat=38"},"img":{"alt_text":"","src":"","width":0,"height":0},"classes":[]}],"jetpack_sharing_enabled":true,"jetpack_likes_enabled":true,"_links":{"self":[{"href":"https:\/\/www.24baires.com\/index.php?rest_route=\/wp\/v2\/posts\/7037","targetHints":{"allow":["GET"]}}],"collection":[{"href":"https:\/\/www.24baires.com\/index.php?rest_route=\/wp\/v2\/posts"}],"about":[{"href":"https:\/\/www.24baires.com\/index.php?rest_route=\/wp\/v2\/types\/post"}],"author":[{"embeddable":true,"href":"https:\/\/www.24baires.com\/index.php?rest_route=\/wp\/v2\/users\/4"}],"replies":[{"embeddable":true,"href":"https:\/\/www.24baires.com\/index.php?rest_route=%2Fwp%2Fv2%2Fcomments&post=7037"}],"version-history":[{"count":1,"href":"https:\/\/www.24baires.com\/index.php?rest_route=\/wp\/v2\/posts\/7037\/revisions"}],"predecessor-version":[{"id":7038,"href":"https:\/\/www.24baires.com\/index.php?rest_route=\/wp\/v2\/posts\/7037\/revisions\/7038"}],"wp:attachment":[{"href":"https:\/\/www.24baires.com\/index.php?rest_route=%2Fwp%2Fv2%2Fmedia&parent=7037"}],"wp:term":[{"taxonomy":"category","embeddable":true,"href":"https:\/\/www.24baires.com\/index.php?rest_route=%2Fwp%2Fv2%2Fcategories&post=7037"},{"taxonomy":"post_tag","embeddable":true,"href":"https:\/\/www.24baires.com\/index.php?rest_route=%2Fwp%2Fv2%2Ftags&post=7037"}],"curies":[{"name":"wp","href":"https:\/\/api.w.org\/{rel}","templated":true}]}}