{"id":7034,"date":"2012-11-27T11:50:52","date_gmt":"2012-11-27T14:50:52","guid":{"rendered":"http:\/\/www.24baires.com\/?p=7034"},"modified":"2012-11-27T21:31:11","modified_gmt":"2012-11-28T00:31:11","slug":"personal-del-cementerio-de-patagones-se-habria-fotografiado-con-cadaveres","status":"publish","type":"post","link":"https:\/\/www.24baires.com\/?p=7034","title":{"rendered":"Personal del cementerio de Patagones se habr\u00eda fotografiado con cad\u00e1veres"},"content":{"rendered":"<p><strong>CARMEN DE PATAGONES &#8211; <\/strong>La denuncia fue radicada este martes a la ma\u00f1ana por un periodista de Patagones a quien le lleg\u00f3 el material fotogr\u00e1fico a trav\u00e9s de una vecina. En la denuncia, indica que en las fotos se puede ver a personas que te\u00f3ricamente realizan trabajos en el cementerio y sacaron restos de los f\u00e9retros para poder fotografiarse con los cuerpos.<!--more--><\/p>\n<p>Tambi\u00e9n tomaron fotograf\u00edas de un feto y filmaron un cuerpo en descomposici\u00f3n que estaba en una de las b\u00f3vedas del cementerio. Otra foto en la que hicieron posar a un cad\u00e1ver de pie y el cuerpo de un joven sobre el caj\u00f3n son parte de las pruebas presentadas.<\/p>\n<p>La denuncia radicada en la Estaci\u00f3n Comunal, tambi\u00e9n fue presentada con notas a todos los bloques del Honorable Concejo Deliberante de Patagones y el Ejecutivo Municipal de Patagones, que ni bien recibi\u00f3 el material tom\u00f3 cartas en el asunto y comenz\u00f3 a tratar de identificar a los responsables.<\/p>\n<p>Seg\u00fan los datos, una de las personas no ser\u00eda empleado municipal sino un prestador de servicios que trabaja factur\u00e1ndole al municipio y al cual no se lo va a contratar m\u00e1s.<\/p>\n<p>Al respecto de las otras personas que aparecen en las fotograf\u00edas, se inici\u00f3 una investigaci\u00f3n interna en el propio municipio para establecer si efectivamente se trata de trabajadores municipales y en el caso de ser as\u00ed, se tomar\u00e1n cartas en el asunto y podr\u00edan llegar a despedirlos.<\/p>\n<p>Sobre las acciones legales, la profanaci\u00f3n no est\u00e1 tipificada como delito en el C\u00f3digo Penal y la denuncia radicada en la Estaci\u00f3n Comunal podr\u00eda catalogarse como una contravenci\u00f3n por lo que a las personas imputadas podr\u00eda recaerle una multa o d\u00edas de arresto, seg\u00fan lo determine el Juzgado de Paz de Patagones.<\/p>\n<p>En la Fiscal\u00eda de Patagones, no tomaron la denuncia al respecto porque aclararon que \u201cla profanaci\u00f3n\u201d no se tiene en cuenta como un delito en el C\u00f3digo Penal Argentino.<\/p>\n<p>Desde la Estaci\u00f3n Comunal, dar\u00e1n corrimiento de la presentaci\u00f3n al Juzgado de Paz que analizar\u00e1 el caso y evaluar\u00e1 las sanciones que podr\u00edan ir desde una multa hasta la posibilidad de d\u00edas de arresto.<\/p>\n<p>Tanto los concejales de todos los bloques, junto a los secretarios y personal del Concejo Deliberante mostraron su repudio a las acciones y se notaron conmocionados por la situaci\u00f3n.<\/p>\n","protected":false},"excerpt":{"rendered":"<p>CARMEN DE PATAGONES &#8211; La denuncia fue radicada este martes a la ma\u00f1ana por un periodista de Patagones a quien le lleg\u00f3 el material fotogr\u00e1fico a trav\u00e9s de una vecina. En la denuncia, indica que en las fotos se puede ver a personas que te\u00f3ricamente realizan trabajos en el cementerio y sacaron restos de los f\u00e9retros para poder fotografiarse con [&#8230;]<\/p>\n","protected":false},"author":4,"featured_media":0,"comment_status":"open","ping_status":"open","sticky":false,"template":"","format":"standard","meta":{"_jetpack_newsletter_access":"","_jetpack_dont_email_post_to_subs":false,"_jetpack_newsletter_tier_id":0,"_jetpack_memberships_contains_paywalled_content":false,"_jetpack_memberships_contains_paid_content":false,"footnotes":""},"categories":[49],"tags":[],"class_list":["post-7034","post","type-post","status-publish","format-standard","hentry","category-policiales"],"jetpack_featured_media_url":"","jetpack_shortlink":"https:\/\/wp.me\/p2JWE0-1Ps","jetpack-related-posts":[{"id":32306,"url":"https:\/\/www.24baires.com\/?p=32306","url_meta":{"origin":7034,"position":0},"title":"Carmen de Patagones: menores borrachos violaron a una joven delante de sus hijos","author":"AF","date":"23\/09\/2013","format":false,"excerpt":"Una joven de 25 a\u00f1os de Carmen de Patagones denunci\u00f3 que fue abusada sexualmente por dos menores que en estado de ebriedad ingresaron por la fuerza a su vivienda, despu\u00e9s de destruir una puerta. Seg\u00fan inform\u00f3 el diario digital \"El Delit\u00f3metro\" los sujetos habr\u00edan abusado reiteradamente a la mujer frente\u2026","rel":"","context":"En \u00abLocales\u00bb","block_context":{"text":"Locales","link":"https:\/\/www.24baires.com\/?cat=38"},"img":{"alt_text":"carmen de patagones","src":"https:\/\/i0.wp.com\/www.24baires.com\/wp-content\/uploads\/2013\/05\/carmen-de-patagones.jpg?resize=350%2C200","width":350,"height":200,"srcset":"https:\/\/i0.wp.com\/www.24baires.com\/wp-content\/uploads\/2013\/05\/carmen-de-patagones.jpg?resize=350%2C200 1x, https:\/\/i0.wp.com\/www.24baires.com\/wp-content\/uploads\/2013\/05\/carmen-de-patagones.jpg?resize=525%2C300 1.5x"},"classes":[]},{"id":118478,"url":"https:\/\/www.24baires.com\/?p=118478","url_meta":{"origin":7034,"position":1},"title":"Declaran en Emergencia y Desastre Agropecuario en Patagones","author":"GB","date":"21\/01\/2022","format":false,"excerpt":"El Gobernador de la provincia de Buenos Aires, Axel Kicillof, decret\u00f3 emergencia y desastre agropecuario por sequ\u00eda en el partido de Patagones El gobernador de la provincia de Buenos Aires, Axel Kicillof, a instancias de los ministros Javier Rodr\u00edguez (Agro); Pablo L\u00f3pez (Econom\u00eda) y Mart\u00edn Insaurralde (Jefe de Gabinete), decret\u00f3\u2026","rel":"","context":"En \u00abMunicipios\u00bb","block_context":{"text":"Municipios","link":"https:\/\/www.24baires.com\/?cat=44"},"img":{"alt_text":"","src":"https:\/\/i0.wp.com\/www.24baires.com\/wp-content\/uploads\/2022\/01\/patagones-sequiajpg.jpg?resize=350%2C200","width":350,"height":200},"classes":[]},{"id":19051,"url":"https:\/\/www.24baires.com\/?p=19051","url_meta":{"origin":7034,"position":2},"title":"Anunciaron la construcci\u00f3n de nuevas viviendas en Carmen de Patagones","author":"AF","date":"22\/03\/2013","format":false,"excerpt":"\u201cEs un hecho hist\u00f3rico el anuncio que ha dado hoy nuestra presidenta\u201d, expres\u00f3 el jefe comunal de Camen de Patagones Jabier Garc\u00e9s en referencia a la construci\u00f3n de 365 nuevas viviendas en el partido de Carmen de Patagones, y agradeci\u00f3 el compromiso de este gobierno con el distrito. El intendente\u2026","rel":"","context":"En \u00abLocales\u00bb","block_context":{"text":"Locales","link":"https:\/\/www.24baires.com\/?cat=38"},"img":{"alt_text":"","src":"","width":0,"height":0},"classes":[]},{"id":41571,"url":"https:\/\/www.24baires.com\/?p=41571","url_meta":{"origin":7034,"position":3},"title":"Carmen de Patagones: Victor Heredia y Chaque\u00f1o Palavecino en la Fiesta de la Soberan\u00eda","author":"Grupo Sierra","date":"05\/03\/2014","format":false,"excerpt":"Los solistas V\u00edctor Heredia y Chaque\u00f1o Palavecino as\u00ed como los grupos Los Tekis y Los Huayra ser\u00e1n las principales atracciones de la Fiesta de la Soberan\u00eda Patag\u00f3nica, en la ciudad bonaerense de Carmen de Patagones entre el jueves y el domingo venideros. V\u00edctor Heredia se presentar\u00e1 el jueves 6, desde\u2026","rel":"","context":"En \u00abLocales\u00bb","block_context":{"text":"Locales","link":"https:\/\/www.24baires.com\/?cat=38"},"img":{"alt_text":"","src":"","width":0,"height":0},"classes":[]},{"id":108566,"url":"https:\/\/www.24baires.com\/?p=108566","url_meta":{"origin":7034,"position":4},"title":"Dos heridos tras la explosi\u00f3n de un calefactor en una escuela de Patagones","author":"GB","date":"04\/06\/2019","format":false,"excerpt":"En las \u00faltimas horas se dio a conocer que el Centro Educativo para la Producci\u00f3n Total N\u00ba 23 padeci\u00f3 un hecho que termin\u00f3 con dos trabajadores internados. Los docentes apuntaron contra el gobierno provincial y el intendente de Cambiemos, Jos\u00e9 Zara. Nuevamente el estado en el cual se encuentran las\u2026","rel":"","context":"En \u00abProvincia\u00bb","block_context":{"text":"Provincia","link":"https:\/\/www.24baires.com\/?cat=40"},"img":{"alt_text":"","src":"","width":0,"height":0},"classes":[]},{"id":9080,"url":"https:\/\/www.24baires.com\/?p=9080","url_meta":{"origin":7034,"position":5},"title":"Juntan firmas pidiendo el servicio ferroviario para Viedma y Patagones","author":"Grupo Sierra","date":"14\/12\/2012","format":false,"excerpt":"Vecinos de Carmen de Patagones y Viedma, acompa\u00f1ados por el Movimiento Ecum\u00e9nico por los Derechos Humanos, est\u00e1n realizando una campa\u00f1a de recolecci\u00f3n de firmas para solicitar al gobernador Daniel Scioli el retorno del servicio de ferrocarril que une Bah\u00eda Blanca con Patagones. Hoy la campa\u00f1a se realizar\u00e1, a partir de\u2026","rel":"","context":"En \u00abLocales\u00bb","block_context":{"text":"Locales","link":"https:\/\/www.24baires.com\/?cat=38"},"img":{"alt_text":"patagones-FCGR","src":"https:\/\/i0.wp.com\/www.24baires.com\/wp-content\/uploads\/2012\/12\/patagones-FCGR.jpg?resize=350%2C200","width":350,"height":200,"srcset":"https:\/\/i0.wp.com\/www.24baires.com\/wp-content\/uploads\/2012\/12\/patagones-FCGR.jpg?resize=350%2C200 1x, https:\/\/i0.wp.com\/www.24baires.com\/wp-content\/uploads\/2012\/12\/patagones-FCGR.jpg?resize=525%2C300 1.5x"},"classes":[]}],"jetpack_sharing_enabled":true,"jetpack_likes_enabled":true,"_links":{"self":[{"href":"https:\/\/www.24baires.com\/index.php?rest_route=\/wp\/v2\/posts\/7034","targetHints":{"allow":["GET"]}}],"collection":[{"href":"https:\/\/www.24baires.com\/index.php?rest_route=\/wp\/v2\/posts"}],"about":[{"href":"https:\/\/www.24baires.com\/index.php?rest_route=\/wp\/v2\/types\/post"}],"author":[{"embeddable":true,"href":"https:\/\/www.24baires.com\/index.php?rest_route=\/wp\/v2\/users\/4"}],"replies":[{"embeddable":true,"href":"https:\/\/www.24baires.com\/index.php?rest_route=%2Fwp%2Fv2%2Fcomments&post=7034"}],"version-history":[{"count":2,"href":"https:\/\/www.24baires.com\/index.php?rest_route=\/wp\/v2\/posts\/7034\/revisions"}],"predecessor-version":[{"id":7036,"href":"https:\/\/www.24baires.com\/index.php?rest_route=\/wp\/v2\/posts\/7034\/revisions\/7036"}],"wp:attachment":[{"href":"https:\/\/www.24baires.com\/index.php?rest_route=%2Fwp%2Fv2%2Fmedia&parent=7034"}],"wp:term":[{"taxonomy":"category","embeddable":true,"href":"https:\/\/www.24baires.com\/index.php?rest_route=%2Fwp%2Fv2%2Fcategories&post=7034"},{"taxonomy":"post_tag","embeddable":true,"href":"https:\/\/www.24baires.com\/index.php?rest_route=%2Fwp%2Fv2%2Ftags&post=7034"}],"curies":[{"name":"wp","href":"https:\/\/api.w.org\/{rel}","templated":true}]}}