{"id":7029,"date":"2012-11-27T22:11:31","date_gmt":"2012-11-28T01:11:31","guid":{"rendered":"http:\/\/www.24baires.com\/?p=7029"},"modified":"2012-11-27T22:11:31","modified_gmt":"2012-11-28T01:11:31","slug":"identificaron-el-cadaver-de-la-chica-encontrada-en-vicente-lopez","status":"publish","type":"post","link":"https:\/\/www.24baires.com\/?p=7029","title":{"rendered":"Identificaron el cad\u00e1ver de la chica encontrada en Vicente L\u00f3pez"},"content":{"rendered":"<p>El cad\u00e1ver hallado el s\u00e1bado en un arroyo de la localidad de Vicente L\u00f3pez pertenece a una adolescente de 14 a\u00f1os que hab\u00eda desaparecido hace 44 d\u00edas en la ciudad de La Plata.<!--more--><br \/>\nFuentes judiciales informaron que este martes a la tarde se logr\u00f3 identificar el cuerpo a trav\u00e9s de una mujer de nacionalidad paraguaya que lo reconoci\u00f3 como el de su hija, Leticia Elizabeth Pati\u00f1o (14).<\/p>\n<p>Seg\u00fan los investigadores, esta adolescente estaba desaparecida desde el 14 de octubre cuando se radic\u00f3 una denuncia por fuga de hogar ante el fiscal Marcelo Romero, de la Unidad Funcional de Instrucci\u00f3n (UFI) de La Plata.<\/p>\n<p>Tras confirmarse la identidad de la v\u00edctima, el fiscal de Vicente L\u00f3pez Alejandro Guevara se comunic\u00f3 con su colega platense para cruzar informaci\u00f3n que permita esclarecer el crimen, dijeron los informantes.<\/p>\n<p>Horas antes, los m\u00e9dicos forenses que realizaron la autopsia constataron que la v\u00edctima hab\u00eda sido violada vaginal y analmente y asesinada a golpes en el cr\u00e1neo con un objeto contundente.<\/p>\n<p>Los m\u00e9dicos tambi\u00e9n precisaron que la data de muerte es de 24 horas previas al hallazgo, con lo cual se estima que el abuso y homicidio se cometieron el viernes por la tarde o noche.<\/p>\n<p>Al confirmarse la mec\u00e1nica de la muerte, la causa ser\u00e1 recaratulada como \u00ababuso sexual seguido de muerte\u00bb y es probable que el fiscal Guevara convoque a trabajar en la pesquisa a su colega Ver\u00f3nica Di Tomasso, de la Unidad Funcional de Instrucci\u00f3n (UFI) especializada en Violencia de G\u00e9nero de Vicente L\u00f3pez, que suele trabajar las causas con delitos sexuales.<\/p>\n<p>Los investigadores confirmaron que el arroyo que bordea el corredor vial costero de Vicente L\u00f3pez donde un grupo de pescadores descubri\u00f3 el cad\u00e1ver es una \u00abescena del crimen secundaria\u00bb, es decir, que fue asesinada en otro sitio y llevada all\u00ed solo para deshacerse del cad\u00e1ver.<\/p>\n<p>La polic\u00eda tambi\u00e9n hall\u00f3 a unos metros del cuerpo un changuito de supermercado, que ahora se investiga si fue utilizado para trasladar el cuerpo embolsado desde un auto hasta el arroyo o si no tiene nada que ver con el hecho y pertenece a un cartonero o a un hipermercado situado a pocos metros del lugar.<\/p>\n<p>Los peritos tambi\u00e9n recogieron a unos 15 metros del cad\u00e1ver una bolsa con ropa interior femenina que tambi\u00e9n se investiga si pertenece o no a la v\u00edctima.<\/p>\n<p>El hallazgo del cad\u00e1ver ocurri\u00f3 la tarde del s\u00e1bado, cuando un grupo de adolescentes pescaba en un arroyo afluente del R\u00edo de la Plata, a la altura del corredor vial de Vicente L\u00f3pez, en la zona norte del conurbano.<\/p>\n<p>Estos pescadores observaron la existencia sospechosa de una bolsa de nailon negra en el agua y al revisar su contenido hallaron el cuerpo de una persona, por lo que alertaron al 911.<\/p>\n<p>&nbsp;<\/p>\n<p>&nbsp;<\/p>\n<p>&nbsp;<\/p>\n<p>&nbsp;<\/p>\n<p>&nbsp;<\/p>\n<p>&nbsp;<\/p>\n<p>&nbsp;<\/p>\n<p>&nbsp;<\/p>\n<p>&nbsp;<\/p>\n<p>&nbsp;<\/p>\n<p>&nbsp;<\/p>\n<p>&nbsp;<\/p>\n","protected":false},"excerpt":{"rendered":"<p>El cad\u00e1ver hallado el s\u00e1bado en un arroyo de la localidad de Vicente L\u00f3pez pertenece a una adolescente de 14 a\u00f1os que hab\u00eda desaparecido hace 44 d\u00edas en la ciudad de La Plata.<\/p>\n","protected":false},"author":11,"featured_media":0,"comment_status":"open","ping_status":"open","sticky":false,"template":"","format":"standard","meta":{"_jetpack_newsletter_access":"","_jetpack_dont_email_post_to_subs":false,"_jetpack_newsletter_tier_id":0,"_jetpack_memberships_contains_paywalled_content":false,"_jetpack_memberships_contains_paid_content":false,"footnotes":""},"categories":[49],"tags":[],"class_list":["post-7029","post","type-post","status-publish","format-standard","hentry","category-policiales"],"jetpack_featured_media_url":"","jetpack_shortlink":"https:\/\/wp.me\/p2JWE0-1Pn","jetpack-related-posts":[{"id":7076,"url":"https:\/\/www.24baires.com\/?p=7076","url_meta":{"origin":7029,"position":0},"title":"El cuerpo hallado en Vicente L\u00f3pez no es el de la nena platense desaparecida hace 45 d\u00edas","author":"AF","date":"28\/11\/2012","format":false,"excerpt":"El cad\u00e1ver hallado el s\u00e1bado en un arroyo de la localidad de Vicente L\u00f3pez no pertenece a una adolescente de 14 a\u00f1os que hab\u00eda desaparecido hace 45 d\u00edas en la ciudad de La Plata. Fuentes judiciales hab\u00edan informado en la tarde del martes que se hab\u00eda logrado identificar el cuerpo\u2026","rel":"","context":"En \u00abPoliciales\u00bb","block_context":{"text":"Policiales","link":"https:\/\/www.24baires.com\/?cat=49"},"img":{"alt_text":"","src":"https:\/\/i0.wp.com\/www.24baires.com\/wp-content\/uploads\/2012\/11\/pati%C3%B1o.jpg?resize=350%2C200","width":350,"height":200},"classes":[]},{"id":6872,"url":"https:\/\/www.24baires.com\/?p=6872","url_meta":{"origin":7029,"position":1},"title":"A\u00fan no se identific\u00f3 el cuerpo de la joven aparecida en Vicente L\u00f3pez","author":"AF","date":"26\/11\/2012","format":false,"excerpt":"La polic\u00eda y la Justicia a\u00fan no pudieron identificar a la joven que el s\u00e1bado pasado apareci\u00f3 muerta dentro de una bolsa en un arroyo de Vicente L\u00f3pez y en las pr\u00f3ximas horas se espera que la autopsia confirme si fue asesinada y abusada sexualmente, informaron fuentes judiciales. A 48\u2026","rel":"","context":"En \u00abPoliciales\u00bb","block_context":{"text":"Policiales","link":"https:\/\/www.24baires.com\/?cat=49"},"img":{"alt_text":"","src":"","width":0,"height":0},"classes":[]},{"id":38227,"url":"https:\/\/www.24baires.com\/?p=38227","url_meta":{"origin":7029,"position":2},"title":"Descubrieron muerto a un hombre que conviv\u00eda con el cad\u00e1ver de su madre","author":"GB","date":"09\/01\/2014","format":false,"excerpt":"VICENTE L\u00d3PEZ-Fue en la localidad de Carapachay. Lo descubrieron al morir \u00e9l. Ambos cuerpos estaban sentados en el comedor. La vivienda estaba cerrada desde el interior, por lo que la polic\u00eda tuvo que ingresar forzando la entrada. La Polic\u00eda Bonaerense descubri\u00f3 en la cocina de una casa de la localidad\u2026","rel":"","context":"En \u00abPoliciales\u00bb","block_context":{"text":"Policiales","link":"https:\/\/www.24baires.com\/?cat=49"},"img":{"alt_text":"","src":"","width":0,"height":0},"classes":[]},{"id":48625,"url":"https:\/\/www.24baires.com\/?p=48625","url_meta":{"origin":7029,"position":3},"title":"Horror en Moreno: hallaron asesinada a una adolescente que estaba desaparecida","author":"GB","date":"24\/06\/2014","format":false,"excerpt":"Una adolescente de 15 a\u00f1os que estaba desaparecida desde ayer cuando no regres\u00f3 de la escuela, fue hallada asesinada esta ma\u00f1ana en un descampado del partido bonaerense de Moreno, informaron fuentes judiciales y policiales. La v\u00edctima fue identificada por los investigadores como Selena Rodr\u00edguez (15), quien era buscada desde ayer\u2026","rel":"","context":"En \u00abPoliciales\u00bb","block_context":{"text":"Policiales","link":"https:\/\/www.24baires.com\/?cat=49"},"img":{"alt_text":"polic\u00eda3","src":"https:\/\/i0.wp.com\/www.24baires.com\/wp-content\/uploads\/2013\/12\/polic%C3%ADa3-300x199.jpg?resize=350%2C200","width":350,"height":200},"classes":[]},{"id":55659,"url":"https:\/\/www.24baires.com\/?p=55659","url_meta":{"origin":7029,"position":4},"title":"Hallaron el auto del empresario de San Fernando desaparecido","author":"GB","date":"19\/10\/2014","format":false,"excerpt":"El auto de Dami\u00e1n Stefanini, de 45 a\u00f1os y desaparecido el viernes en el partido bonaerense de San Fernando, fue hallado estacionado en una transitada calle de Vicente L\u00f3pez, informaron fuentes policiales. El Audi negro modelo 2007 matr\u00edcula FRF 710, sin chapa delantera, con vidrios polarizados y que no pose\u00eda\u2026","rel":"","context":"En \u00abPoliciales\u00bb","block_context":{"text":"Policiales","link":"https:\/\/www.24baires.com\/?cat=49"},"img":{"alt_text":"empresario desaparecido","src":"https:\/\/i0.wp.com\/www.24baires.com\/wp-content\/uploads\/2014\/10\/empresario-desaparecido-246x300.jpg?resize=350%2C200","width":350,"height":200},"classes":[]},{"id":63069,"url":"https:\/\/www.24baires.com\/?p=63069","url_meta":{"origin":7029,"position":5},"title":"Hallaron un cuerpo cerca del hundido San Jorge I","author":"Grupo Sierra","date":"12\/03\/2015","format":false,"excerpt":"Desde Prefectura confirmaron que esta ma\u00f1ana se hall\u00f3 un cad\u00e1ver, que por el momento no pudo ser identificado debido a su estado. Intentan determinar si se trata de uno de los cinco desaparecidos pertenecientes al buque. Un cuerpo fue encontrado esta ma\u00f1ana en la zona de b\u00fasqueda establecida a partir\u2026","rel":"","context":"En \u00abSociedad\u00bb","block_context":{"text":"Sociedad","link":"https:\/\/www.24baires.com\/?cat=1"},"img":{"alt_text":"san jorge I","src":"https:\/\/i0.wp.com\/www.24baires.com\/wp-content\/uploads\/2015\/02\/san-jorge-I.jpg?resize=350%2C200","width":350,"height":200,"srcset":"https:\/\/i0.wp.com\/www.24baires.com\/wp-content\/uploads\/2015\/02\/san-jorge-I.jpg?resize=350%2C200 1x, https:\/\/i0.wp.com\/www.24baires.com\/wp-content\/uploads\/2015\/02\/san-jorge-I.jpg?resize=525%2C300 1.5x"},"classes":[]}],"jetpack_sharing_enabled":true,"jetpack_likes_enabled":true,"_links":{"self":[{"href":"https:\/\/www.24baires.com\/index.php?rest_route=\/wp\/v2\/posts\/7029","targetHints":{"allow":["GET"]}}],"collection":[{"href":"https:\/\/www.24baires.com\/index.php?rest_route=\/wp\/v2\/posts"}],"about":[{"href":"https:\/\/www.24baires.com\/index.php?rest_route=\/wp\/v2\/types\/post"}],"author":[{"embeddable":true,"href":"https:\/\/www.24baires.com\/index.php?rest_route=\/wp\/v2\/users\/11"}],"replies":[{"embeddable":true,"href":"https:\/\/www.24baires.com\/index.php?rest_route=%2Fwp%2Fv2%2Fcomments&post=7029"}],"version-history":[{"count":2,"href":"https:\/\/www.24baires.com\/index.php?rest_route=\/wp\/v2\/posts\/7029\/revisions"}],"predecessor-version":[{"id":7040,"href":"https:\/\/www.24baires.com\/index.php?rest_route=\/wp\/v2\/posts\/7029\/revisions\/7040"}],"wp:attachment":[{"href":"https:\/\/www.24baires.com\/index.php?rest_route=%2Fwp%2Fv2%2Fmedia&parent=7029"}],"wp:term":[{"taxonomy":"category","embeddable":true,"href":"https:\/\/www.24baires.com\/index.php?rest_route=%2Fwp%2Fv2%2Fcategories&post=7029"},{"taxonomy":"post_tag","embeddable":true,"href":"https:\/\/www.24baires.com\/index.php?rest_route=%2Fwp%2Fv2%2Ftags&post=7029"}],"curies":[{"name":"wp","href":"https:\/\/api.w.org\/{rel}","templated":true}]}}