{"id":7026,"date":"2012-11-27T20:41:49","date_gmt":"2012-11-27T23:41:49","guid":{"rendered":"http:\/\/www.24baires.com\/?p=7026"},"modified":"2012-11-27T20:41:49","modified_gmt":"2012-11-27T23:41:49","slug":"acuerdan-garantizar-todas-las-fuentes-laborales-con-la-aplicacion-plena-de-la-ley-de-medios","status":"publish","type":"post","link":"https:\/\/www.24baires.com\/?p=7026","title":{"rendered":"Acuerdan garantizar todas las fuentes laborales con la aplicaci\u00f3n plena de la Ley de Medios"},"content":{"rendered":"<p>Por un acuerdo firmado hoy entre el Ministerio de Trabajo y la Afsca, con la participaci\u00f3n del secretario de Comunicaci\u00f3n P\u00fablica, Alfredo Scoccimarro, se establecieron las acciones para la preservaci\u00f3n y seguimiento de la evoluci\u00f3n de la Ley de Medios, en \u00e1mbitos de aplicaci\u00f3n de la Ley.<!--more--><\/p>\n<p>&nbsp;<\/p>\n<p>El ministro de Trabajo, Carlos Tomada, y el titular de la Afsca, Mart\u00edn Sabbatella, acompa\u00f1ados por el secretario de Comunicaci\u00f3n P\u00fablica, Alfredo Scoccimarro, firmaron hoy un convenio en defensa de puestos de trabajo y condiciones laborales de los trabajadores de medios de comunicaci\u00f3n.<br \/>\nEl convenio establece el marco de acciones para la preservaci\u00f3n y seguimiento de la evoluci\u00f3n de las fuentes de trabajo, en \u00e1mbitos de la aplicaci\u00f3n de la Ley de Comunicaci\u00f3n Audiovisual. Permitir\u00e1 generar una Comisi\u00f3n de Coordinaci\u00f3n entre el MTEySS y el Afsca de colaboraci\u00f3n rec\u00edproca para la preservaci\u00f3n y seguimiento de la evoluci\u00f3n de los puestos de trabajo.<\/p>\n<p>Tiene como punto central establecer en los pliegos que disponga el Afsca como requisito y condici\u00f3n, el mantenimiento de las fuentes de trabajo y las condiciones laborales.<\/p>\n<p>Asimismo, pone en marcha una unidad especial con las Secretar\u00edas de Trabajo, de Empleo y de Seguridad Social en el Ministerio para concertar las acciones, herramientas y programas que garanticen el trabajo registrado y el cumplimiento de los convenios colectivos. Adem\u00e1s se convoca a las organizaciones gremiales para el cumplimiento del objetivo central de preservaci\u00f3n y seguimiento de la evoluci\u00f3n de las fuentes de trabajo.<br \/>\nEn la oportunidad Scoccimarro se expres\u00f3 muy conforme con la firma del convenio, recordando que \u201cvengo de los medios de comunicaci\u00f3n\u201d y seguidamente mencion\u00f3 el Festival de Cine de Mar del Plata y el Segundo Encuentro de Comunicaci\u00f3n Audiovisual que se celebr\u00f3 el pasado fin de semana, durante el cual destac\u00f3 los guarismos de crecimiento de los empleados en el sector de la industria audiovisual.<\/p>\n<p>En 2003 \u2013dijo Scoccimarro- hab\u00eda 28.600.000 trabajadores en el sector audiovisual, en tanto que en el primer trimestre de 2012 lleg\u00f3 a los 52 mil trabajadores, una cifra \u201cimpactante\u201d que da cuenta del proceso que se ha generado en esta industria.<br \/>\nEn ello tiene incidencia \u201cesta maravillosa Ley de Servicios de Comunicaci\u00f3n Audiovisual\u201d dijo y mencion\u00f3, adem\u00e1s la decisi\u00f3n de la Corte Suprema de Justicia de la Naci\u00f3n La Corte Suprema de Justicia que rechaz\u00f3 el pedido del Grupo Clar\u00edn para la pr\u00f3rroga de la medida cautelar que paraliza la aplicaci\u00f3n del art\u00edculo 161 sobre la adecuaci\u00f3n de licencias que puede tener cada grupo empresario.<\/p>\n<p>El secretario de Comunicaci\u00f3n P\u00fablica destac\u00f3 que el fomento a la industria se dio \u201ca partir de una pol\u00edtica con instrucciones precisas de la Presidenta (Cristina Fern\u00e1ndez de Kirchner) de fomentar, estimular la industria audiovisual, con todos sus trabajadores\u201d.<br \/>\nMencion\u00f3 que ya se han financiado 20 ficciones, que se presentaron en Mar del Plata, y ahora, en diciembre, se realizar\u00e1 un nuevo concurso para que el gobierno financie otra vez ficciones, que va a ser distribuidas a nivel nacional.<\/p>\n<p>\u201cEste gobierno \u2013dijo Scoccimarro- da muestras concretas de lo que implica la federalizaci\u00f3n de lo que es la industria audiovisual y de comunicaci\u00f3n\u201d y mencion\u00f3 que se ha reunido con 500 due\u00f1os de medios de todo el pa\u00eds, que han crecido en materia de incorporar fuentes de trabajo.<br \/>\nPuso de relieve adem\u00e1s que la Presidenta \u201ces la primera abanderada y ha dado instrucciones precisas, dentro de los convenios de aplicaci\u00f3n de la Ley de Medios, considerando el mantenimiento de las fuentes de trabajo\u201d.<\/p>\n<p>En tanto el ministro de Trabajo Carlos Tomada inici\u00f3 su discurso expresando su solidaridad con los periodistas que han sido cuestionados, \u201ca los que se quer\u00eda restringir la libertad de expresi\u00f3n; no hay otra palabra ni otro sentido a lo que han querido hacer con esta denuncia, este papel\u00f3n, si no fuera por lo grave\u201d.<br \/>\nTambi\u00e9n tuvo una menci\u00f3n especial de los presentes en la firma del acta compromiso en defensa de los intereses de los trabajadores. Mencion\u00f3 a los gremios de la CGT y la CTA presentes, Confederaci\u00f3n Sindical de Trabajadores de los Medios de Comunicaci\u00f3n Social de la Rep\u00fablica Argentina (Cositmecos), Horacio Arreceygor, que agrupa a los gremios vinculados a los medios de comunicaci\u00f3n, a Hugo Yasky, de la CTA, a los secretarios generales de los sindicatos de televisi\u00f3n, de publicidad, gr\u00e1ficos, m\u00fasicos, actores, locutores, radiotelegrafistas, espect\u00e1culos p\u00fablicos, cancillitas, de la industria del cine, la Fatpren, que aglutina a los gremios de prensa del pa\u00eds.<br \/>\nAdem\u00e1s a los representantes de los gremios por regiones, mencionando los de prensa de Rosario, Santa Fe, C\u00f3rdoba y Tucum\u00e1n. Tambi\u00e9n \u201cun hecho que da testimonio del compromiso es la presencia de las comisiones internas de Canal 13, TN, Cablevisi\u00f3n y la presencia de la Utpba\u201d.<\/p>\n<p>Sostuvo, al igual que el Secretario de Comunicaci\u00f3n P\u00fablica, de la instrucci\u00f3n de la Presidenta de llevar a la pr\u00e1ctica la \u201cdefensa de los puestos de trabajo y su preservaci\u00f3n \u201cy advirti\u00f3 que \u201chay un grupo que ha decidido instalar el miedo, el terror, la angustia, de que pudiera afectar las fuentes de trabajo la aplicaci\u00f3n de la Ley de servicios de Comunicaci\u00f3n Audiovisual. Con esto no se juega, con el laburo no se juega. En Argentina cost\u00f3 mucho recuperar y generar cinco millones de puestos de trabajo, los convenios colectivos, las leyes que extienden la frontera de derechos\u201d.<br \/>\nPor el contrario, con la Ley de servicios de Comunicaci\u00f3n Audiovisual \u201cse van a crear m\u00e1s fuentes de trabajo, de crecimiento de un sector de la peque\u00f1a y mediana empresa\u201d, pero adem\u00e1s se \u201cgarantizan a los que tienen empleo y sus condiciones de trabajo. \u00c9sta ha sido una instrucci\u00f3n clara de la Presidenta\u201d, afirm\u00f3.<br \/>\nRatific\u00f3 que en los pliegos de licitaci\u00f3n de la Autoridad Federal de Servicios de Comunicaci\u00f3n Audiovisual (Afsca) se establece que \u201cel que gane la licitaci\u00f3n garantizar\u00e1 la preservaci\u00f3n de las fuentes de trabajo y la defensa de las condiciones laborales\u201d.<\/p>\n<p>Precis\u00f3 que desde el Ministerio de Trabajo se ha generado una unidad especial, \u201cno solo para garantizar de hacer un seguimiento permanente\u201d de la Ley mientras \u201calgunos p\u00edcaros quieren jugar con el empleo para crear un mal clima\u201d, dijo.<br \/>\nLuego habl\u00f3 el titular de la Afsca, Mart\u00edn Sabbatella reiter\u00f3 que la Ley de Medios se aplicar\u00e1 \u201csin excepciones ni privilegios, para mejorar la calidad democr\u00e1tica\u201d.<br \/>\n\u201cEl tema central que la Presidenta fijo para el proceso de adecuaci\u00f3n de los grupos econ\u00f3micos es que se establezca la protecci\u00f3n del conjunto de las fuentes laborales y de las condiciones laborales, en el marco de las convenciones colectivas\u201d.<\/p>\n<p>El convenio, agreg\u00f3, \u201ces una herramienta que tiene que ver con las comisiones de seguimiento en cada lugar de trabajo\u201d a fin de proteger al conjunto de puestos de trabajo.<br \/>\nRatific\u00f3 que en el proceso de adecuaci\u00f3n voluntaria de los titulares de los grupos, como tambi\u00e9n a las transferencias de oficio despu\u00e9s del 7 de diciembre, deben cumplir como condici\u00f3n y requisito indispensable garantizar las fuentes de trabajo.<br \/>\n\u201cEsta Ley tiene el profundo compromiso con mejorar la calidad de la democracia, de garantizar la pluralidad, la diversidad, de todas las voces, la libertad de expresi\u00f3n, que va en sinton\u00eda con el modelo de crecimiento con inclusi\u00f3n social que se puso en marcha en 2003\u201d.<\/p>\n","protected":false},"excerpt":{"rendered":"<p>Por un acuerdo firmado hoy entre el Ministerio de Trabajo y la Afsca, con la participaci\u00f3n del secretario de Comunicaci\u00f3n P\u00fablica, Alfredo Scoccimarro, se establecieron las acciones para la preservaci\u00f3n y seguimiento de la evoluci\u00f3n de la Ley de Medios, en \u00e1mbitos de aplicaci\u00f3n de la Ley.<\/p>\n","protected":false},"author":11,"featured_media":0,"comment_status":"open","ping_status":"open","sticky":false,"template":"","format":"standard","meta":{"_jetpack_newsletter_access":"","_jetpack_dont_email_post_to_subs":false,"_jetpack_newsletter_tier_id":0,"_jetpack_memberships_contains_paywalled_content":false,"_jetpack_memberships_contains_paid_content":false,"footnotes":""},"categories":[54],"tags":[],"class_list":["post-7026","post","type-post","status-publish","format-standard","hentry","category-medios"],"jetpack_featured_media_url":"","jetpack_shortlink":"https:\/\/wp.me\/p2JWE0-1Pk","jetpack-related-posts":[{"id":34536,"url":"https:\/\/www.24baires.com\/?p=34536","url_meta":{"origin":7026,"position":0},"title":"Sabbatella y Tomada llevaron \u00abtranquilidad\u00bb a los delegados de Canal 13","author":"Grupo Sierra","date":"02\/11\/2013","format":false,"excerpt":"El titular de la AFSCA y el ministro de Trabajo debatieron con delegados de prensa del Canal 13, TN, y autoridades del SAT, la continuidad de los puestos de trabajo del sector audiovisual. En tanto, aseguraron haber \"transmitido tranquilidad a los trabajadores del Grupo Clar\u00edn\". El titular de la Autoridad\u2026","rel":"","context":"En \u00abMedios\u00bb","block_context":{"text":"Medios","link":"https:\/\/www.24baires.com\/?cat=54"},"img":{"alt_text":"","src":"","width":0,"height":0},"classes":[]},{"id":7598,"url":"https:\/\/www.24baires.com\/?p=7598","url_meta":{"origin":7026,"position":1},"title":"Qu\u00e9 pasar\u00e1 a partir del 7D con las licencias que excedan las fijadas por la Ley","author":"AF","date":"02\/12\/2012","format":false,"excerpt":"A menos de una semana del 7D, el titular de AFSCA, Mart\u00edn Sabbatella, explic\u00f3 el criterio que se aplicar\u00e1 ante eventuales licitaciones, el jefe de Gabinete, Juan Manuel Abal Medina, aclar\u00f3 que la gente podr\u00e1 seguir comprando Clar\u00edn, viendo canal 13 y escuchando radio Mitre y el Ministro de Trabajo,\u2026","rel":"","context":"En \u00abMedios\u00bb","block_context":{"text":"Medios","link":"https:\/\/www.24baires.com\/?cat=54"},"img":{"alt_text":"","src":"","width":0,"height":0},"classes":[]},{"id":3603,"url":"https:\/\/www.24baires.com\/?p=3603","url_meta":{"origin":7026,"position":2},"title":"Scoccimarro se reuni\u00f3 con la Confederaci\u00f3n de Radios y Medios de Comunicaci\u00f3n argentinos","author":"Grupo Sierra","date":"28\/10\/2012","format":false,"excerpt":"Alfredo Scoccimarro recibi\u00f3 a La CoRaMeCo, Confederaci\u00f3n de Radios y Medios de Comunicaci\u00f3n de la Rep\u00fablica Argentina. El Secretario de Comunicaci\u00f3n P\u00fablica y Vocero Presidencial junto a los Subsecretarios Gustavo Fern\u00e1ndez Russo y Juan Jos\u00e9 Ross intercambiaron ideas y analizaron el avance de la Ley de Servicios de Comunicaci\u00f3n Audiovisual\u2026","rel":"","context":"En \u00abMedios\u00bb","block_context":{"text":"Medios","link":"https:\/\/www.24baires.com\/?cat=54"},"img":{"alt_text":"","src":"https:\/\/i0.wp.com\/www.24baires.com\/wp-content\/uploads\/2012\/10\/lacorameco_rosada2.jpg?resize=350%2C200","width":350,"height":200,"srcset":"https:\/\/i0.wp.com\/www.24baires.com\/wp-content\/uploads\/2012\/10\/lacorameco_rosada2.jpg?resize=350%2C200 1x, https:\/\/i0.wp.com\/www.24baires.com\/wp-content\/uploads\/2012\/10\/lacorameco_rosada2.jpg?resize=525%2C300 1.5x"},"classes":[]},{"id":35656,"url":"https:\/\/www.24baires.com\/?p=35656","url_meta":{"origin":7026,"position":3},"title":"Sin nombrarlo, Sabbatella &#8216;le peg\u00f3&#8217; a Magnetto","author":"Grupo Sierra","date":"23\/11\/2013","format":false,"excerpt":"El titular de la Autoridad Federal de Servicios de Comunicaci\u00f3n Audiovisual (Afsca), Mart\u00edn Sabbatella, destac\u00f3 en Mar del Plata que \"quienes dec\u00edan que ser presidente (por H\u00e9ctor Magnetto) era una `cargo menor\u00b4 tuvieron que presentar su plan de adecuaci\u00f3n\" a la Ley de Medios. El presidente de la Afsca encabez\u00f3\u2026","rel":"","context":"En \u00abMedios\u00bb","block_context":{"text":"Medios","link":"https:\/\/www.24baires.com\/?cat=54"},"img":{"alt_text":"","src":"","width":0,"height":0},"classes":[]},{"id":34480,"url":"https:\/\/www.24baires.com\/?p=34480","url_meta":{"origin":7026,"position":4},"title":"Trabajadores de Canal 13 y TN se mostraron a favor de la Ley de Medios","author":"GB","date":"01\/11\/2013","format":false,"excerpt":"La comisi\u00f3n interna manifest\u00f3 su \u201cpleno apoyo a la legalidad de la Ley de Servicios de Comunicaci\u00f3n Audiovisual y su aplicaci\u00f3n sin omisiones ni privilegios\u201d. Y anunciaron que participar\u00e1n activamente de discusiones y medidas para mantener los puestos de trabajo. La comisi\u00f3n interna de trabajadores de canal 13, TN y\u2026","rel":"","context":"En \u00abMedios\u00bb","block_context":{"text":"Medios","link":"https:\/\/www.24baires.com\/?cat=54"},"img":{"alt_text":"afca","src":"https:\/\/i0.wp.com\/www.24baires.com\/wp-content\/uploads\/2013\/11\/afca.jpg?resize=350%2C200","width":350,"height":200,"srcset":"https:\/\/i0.wp.com\/www.24baires.com\/wp-content\/uploads\/2013\/11\/afca.jpg?resize=350%2C200 1x, https:\/\/i0.wp.com\/www.24baires.com\/wp-content\/uploads\/2013\/11\/afca.jpg?resize=525%2C300 1.5x"},"classes":[]},{"id":58545,"url":"https:\/\/www.24baires.com\/?p=58545","url_meta":{"origin":7026,"position":5},"title":"Afsca present\u00f3 su descargo a la cautelar solicitada por el Grupo Clar\u00edn","author":"GB","date":"12\/12\/2014","format":false,"excerpt":"La Autoridad Federal de Servicios de Comunicaci\u00f3n Audiovisual (Afsca) present\u00f3 ante la justicia su descargo al pedido de amparo solicitado la semana pasada por periodistas del Grupo Clar\u00edn, quienes objetaron la adecuaci\u00f3n de oficio de la empresa a la ley de medios por considerarla un acto de censura indirecta. En\u2026","rel":"","context":"En \u00abMedios\u00bb","block_context":{"text":"Medios","link":"https:\/\/www.24baires.com\/?cat=54"},"img":{"alt_text":"AFSCA","src":"https:\/\/i0.wp.com\/www.24baires.com\/wp-content\/uploads\/2012\/11\/AFSCA.jpg?resize=350%2C200","width":350,"height":200},"classes":[]}],"jetpack_sharing_enabled":true,"jetpack_likes_enabled":true,"_links":{"self":[{"href":"https:\/\/www.24baires.com\/index.php?rest_route=\/wp\/v2\/posts\/7026","targetHints":{"allow":["GET"]}}],"collection":[{"href":"https:\/\/www.24baires.com\/index.php?rest_route=\/wp\/v2\/posts"}],"about":[{"href":"https:\/\/www.24baires.com\/index.php?rest_route=\/wp\/v2\/types\/post"}],"author":[{"embeddable":true,"href":"https:\/\/www.24baires.com\/index.php?rest_route=\/wp\/v2\/users\/11"}],"replies":[{"embeddable":true,"href":"https:\/\/www.24baires.com\/index.php?rest_route=%2Fwp%2Fv2%2Fcomments&post=7026"}],"version-history":[{"count":2,"href":"https:\/\/www.24baires.com\/index.php?rest_route=\/wp\/v2\/posts\/7026\/revisions"}],"predecessor-version":[{"id":7028,"href":"https:\/\/www.24baires.com\/index.php?rest_route=\/wp\/v2\/posts\/7026\/revisions\/7028"}],"wp:attachment":[{"href":"https:\/\/www.24baires.com\/index.php?rest_route=%2Fwp%2Fv2%2Fmedia&parent=7026"}],"wp:term":[{"taxonomy":"category","embeddable":true,"href":"https:\/\/www.24baires.com\/index.php?rest_route=%2Fwp%2Fv2%2Fcategories&post=7026"},{"taxonomy":"post_tag","embeddable":true,"href":"https:\/\/www.24baires.com\/index.php?rest_route=%2Fwp%2Fv2%2Ftags&post=7026"}],"curies":[{"name":"wp","href":"https:\/\/api.w.org\/{rel}","templated":true}]}}