{"id":7018,"date":"2012-11-27T20:36:12","date_gmt":"2012-11-27T23:36:12","guid":{"rendered":"http:\/\/www.24baires.com\/?p=7018"},"modified":"2012-11-28T12:10:15","modified_gmt":"2012-11-28T15:10:15","slug":"la-corte-rechazo-el-pedido-del-grupo-de-magnetto-de-prorrogar-la-cautelar-2","status":"publish","type":"post","link":"https:\/\/www.24baires.com\/?p=7018","title":{"rendered":"La Corte rechaz\u00f3 el pedido del grupo de Magnetto de prorrogar la cautelar"},"content":{"rendered":"<p><img data-recalc-dims=\"1\" loading=\"lazy\" decoding=\"async\" class=\"aligncenter size-full wp-image-7020\" title=\"tribunales\" src=\"https:\/\/i0.wp.com\/www.24baires.com\/wp-content\/uploads\/2012\/11\/tribunales.jpg?resize=560%2C237\" alt=\"\" width=\"560\" height=\"237\" srcset=\"https:\/\/i0.wp.com\/www.24baires.com\/wp-content\/uploads\/2012\/11\/tribunales.jpg?w=560&amp;ssl=1 560w, https:\/\/i0.wp.com\/www.24baires.com\/wp-content\/uploads\/2012\/11\/tribunales.jpg?resize=300%2C126&amp;ssl=1 300w\" sizes=\"auto, (max-width: 560px) 100vw, 560px\" \/><\/p>\n<p>La Corte rechaz\u00f3 el pedido del grupo que reclamaba una pr\u00f3rroga de la cautelar que paraliza la aplicaci\u00f3n del art\u00edculo 161 sobre la adecuaci\u00f3n de licencias e inst\u00f3 a los jueces a dictar \u201cuna sentencia de fondo\u201d.<!--more--><\/p>\n<p>\u201cLa ley de medios est\u00e1 vigente y el AFSCA (Autoridad Federal de Servicio de Comunicaci\u00f3n Audiovisual) la tiene que aplicar a todo el mundo\u201d, insisti\u00f3 este mediod\u00eda una alta fuente de la Corte Suprema.<\/p>\n<p>El m\u00e1ximo tribunal rechaz\u00f3 el pedido de extensi\u00f3n de la cautelar solicitada por Clar\u00edn, medida por la cual desde hace tres a\u00f1os no se puede aplicar plenamente la ley de Medios, ya que est\u00e1 suspendido la vigencia el art\u00edculo 161, que fija la cantidad de licencias que puede tener cada grupo empresario.<\/p>\n<p>De este modo, se mantiene el 7 de diciembre como fecha l\u00edmite para que todos los grupos medi\u00e1ticos se ajusten a la normativa.<\/p>\n<p>En una resoluci\u00f3n de s\u00f3lo dos carillas, el M\u00e1ximo Tribunal insisti\u00f3 en que \u201cse debe dictar una sentencia de fondo y no cautelar\u201d y entendi\u00f3 que \u201cla falta de un pronunciamiento final como el indicado dentro de un plazo razonable implica una clara denegaci\u00f3n de justicia, derecho que asiste a todos los ciudadanos por igual\u201d.<\/p>\n<p>En ese sentido todos los ministros de la Corte, por unanimidad, ordenaron una serie de pasos a seguir y dispusieron \u201cordenar la habilitaci\u00f3n de d\u00edas y horas que fueran menester para el cumplimiento de todos estos actos, incluyendo el dictado de la sentencia definitiva\u201d.<\/p>\n<p>La resoluci\u00f3n firmada este mediod\u00eda lleva la r\u00fabrica de los ministros Ricardo Lorenzetti, Elena Highton de Nolasco, Carlos Fayt, Enrique Petracchi, Juan Carlos Maqueda, Eugenio Ra\u00fal Zaffaroni y Carmen Argibay y las fuentes indicaron que \u201cya comenz\u00f3 a ejecutarse\u201d y se reunieron con los jueces que deber\u00e1n resolver.<\/p>\n<p>La Corte dispuso \u201crequerir al juez de primera instancia (en lo civil y comercial federal uno, Horacio Alfonso) el dictado de la sentencia definitiva. Con ese objeto, cualquier incidente que planteen las partes o terceros deber\u00e1 ser interpretado restrictivamente en funci\u00f3n de la r\u00e1pida finalizaci\u00f3n del proceso\u201d.<\/p>\n<p>\u201cAdem\u00e1s, el juez de la causa deber\u00e1 exigir a las partes y terceros el cumplimiento estricto del deber de buena fe procesal, adoptando las medidas necesarias para prevenir conductas obstruccionistas y, en su caso, aplicar las sanciones que correspondiesen\u201d, sostuvieron los jueces supremos.<\/p>\n<p>Los ministros tambi\u00e9n requirieron a la Sala Primera de la C\u00e1mara de apelaciones en lo Civil y Comercial Federal \u201cque ordene formar un legajo de copias de la causa en tr\u00e1mite ante su sede a fin de ser enviada al juzgado interviniente, para el caso de que le fueran solicitadas dichas actuaciones\u201d.<\/p>\n<p>En la resoluci\u00f3n del M\u00e1ximo Tribunal tambi\u00e9n se hace saber a la C\u00e1mara en lo Contencioso Administrativo Federal que, \u201cprevio cumplimiento de las citaciones correspondientes, deber\u00e1 proceder con car\u00e1cter urgente al sorteo de los jueces subrogantes requeridos\u00bb.<\/p>\n<p>El 21 de noviembre pasado, cuando el Grupo Clar\u00edn realiz\u00f3 la presentaci\u00f3n ante la Corte, el ministro de Justicia, Julio Alak, la hab\u00eda calificado como \u00abun intento para conseguir una cautelar eterna\u00bb.<\/p>\n<p>En su presentaci\u00f3n, rechazada hoy por el M\u00e1ximo Tribunal, el Grupo Clar\u00edn, solicit\u00f3 a la Corte que disponga la extensi\u00f3n de la medida cautelar que vence el 7 de diciembre, d\u00eda en que entra en plena vigencia la Ley de Servicios de Comunicaci\u00f3n Audiovisual.<\/p>\n<p>Seg\u00fan el escrito de 37 carillas presentado por Clar\u00edn a la Corte, hab\u00eda una situaci\u00f3n de \u00abindefensi\u00f3n\u00bb (sic) generada por \u00ablas recusaciones, excusaciones y renuncias\u00bb, que deja al Grupo en esa instancia \u00abpor carecer de la posibilidad de que se conforme un tribunal competente que resuelva en tiempo \u00fatil la extensi\u00f3n de la medida cautelar que el 7 de diciembre pr\u00f3ximo perder\u00e1 vigencia\u00bb.<\/p>\n<p>La intenci\u00f3n de ampliar la medida cautelar ten\u00eda por objeto impedir la aplicaci\u00f3n del art\u00edculo 161 de la Ley de Servicios de Comunicaci\u00f3n Audiovisual, que obliga a todos los propietarios de medios a adecuarse a la normativa vigente.<\/p>\n<p>&nbsp;<\/p>\n<p>&nbsp;<\/p>\n<p>&nbsp;<\/p>\n<p>&nbsp;<\/p>\n<p>&nbsp;<\/p>\n<p>&nbsp;<\/p>\n<p>&nbsp;<\/p>\n<p>&nbsp;<\/p>\n<p>&nbsp;<\/p>\n<p>&nbsp;<\/p>\n<p>&nbsp;<\/p>\n<p>&nbsp;<\/p>\n<p>&nbsp;<\/p>\n<p>&nbsp;<\/p>\n<p>&nbsp;<\/p>\n<p>&nbsp;<\/p>\n<p>&nbsp;<\/p>\n<p>&nbsp;<\/p>\n<p>&nbsp;<\/p>\n<p>&nbsp;<\/p>\n<p>&nbsp;<\/p>\n<p>&nbsp;<\/p>\n<p>&nbsp;<\/p>\n<p>&nbsp;<\/p>\n","protected":false},"excerpt":{"rendered":"<p>La Corte rechaz\u00f3 el pedido del grupo que reclamaba una pr\u00f3rroga de la cautelar que paraliza la aplicaci\u00f3n del art\u00edculo 161 sobre la adecuaci\u00f3n de licencias e inst\u00f3 a los jueces a dictar \u201cuna sentencia de fondo\u201d.<\/p>\n","protected":false},"author":11,"featured_media":0,"comment_status":"open","ping_status":"open","sticky":false,"template":"","format":"standard","meta":{"_jetpack_newsletter_access":"","_jetpack_dont_email_post_to_subs":false,"_jetpack_newsletter_tier_id":0,"_jetpack_memberships_contains_paywalled_content":false,"_jetpack_memberships_contains_paid_content":false,"footnotes":""},"categories":[54],"tags":[],"class_list":["post-7018","post","type-post","status-publish","format-standard","hentry","category-medios"],"jetpack_featured_media_url":"","jetpack_shortlink":"https:\/\/wp.me\/p2JWE0-1Pc","jetpack-related-posts":[{"id":10904,"url":"https:\/\/www.24baires.com\/?p=10904","url_meta":{"origin":7018,"position":0},"title":"El Gobierno solicitar\u00e1 la habilitaci\u00f3n de la feria judicial para tratar la Ley de Medios","author":"AF","date":"01\/01\/2013","format":false,"excerpt":"El gobierno pedir\u00e1 este mi\u00e9rcoles, en el primer d\u00eda h\u00e1bil del a\u00f1o, que la C\u00e1mara Federal Civil y Comercial Federal habilite la feria judicial de enero para resolver con \u201cceleridad\u201d la causa planteada por el grupo Clar\u00edn contra la Ley de Medios. La presentaci\u00f3n la har\u00e1 a primera hora la\u2026","rel":"","context":"En \u00abMedios\u00bb","block_context":{"text":"Medios","link":"https:\/\/www.24baires.com\/?cat=54"},"img":{"alt_text":"","src":"","width":0,"height":0},"classes":[]},{"id":9790,"url":"https:\/\/www.24baires.com\/?p=9790","url_meta":{"origin":7018,"position":1},"title":"La Corte Suprema ya tiene en sus manos el pedido de &#8216;per saltum&#8217; y debe resolver tratarlo","author":"Grupo Sierra","date":"19\/12\/2012","format":false,"excerpt":"La Corte Suprema de Justicia recibi\u00f3 el pedido del Gobierno de avocarse a la causa sobre la constitucionalidad de la ley de medios, sancionada hace tres a\u00f1os y bloqueada desde entonces por una medida cautelar. Ahora deber\u00e1 resolver si lo acepta. La presentaci\u00f3n ante el m\u00e1ximo tribunal se realiz\u00f3 este\u2026","rel":"","context":"En \u00abMedios\u00bb","block_context":{"text":"Medios","link":"https:\/\/www.24baires.com\/?cat=54"},"img":{"alt_text":"corte suprema","src":"https:\/\/i0.wp.com\/www.24baires.com\/wp-content\/uploads\/2012\/12\/corte-suprema.jpg?resize=350%2C200","width":350,"height":200,"srcset":"https:\/\/i0.wp.com\/www.24baires.com\/wp-content\/uploads\/2012\/12\/corte-suprema.jpg?resize=350%2C200 1x, https:\/\/i0.wp.com\/www.24baires.com\/wp-content\/uploads\/2012\/12\/corte-suprema.jpg?resize=525%2C300 1.5x"},"classes":[]},{"id":21263,"url":"https:\/\/www.24baires.com\/?p=21263","url_meta":{"origin":7018,"position":2},"title":"Ley de medios: para la C\u00e1mara Federal dos art\u00edculos son constitucionales y dos no","author":"Grupo Sierra","date":"17\/04\/2013","format":false,"excerpt":"Los camaristas dictaron como constitucionales los art\u00edculos 161 (desinversi\u00f3n) y el 41. Y declararon que parte del art\u00edculo 45 (cantidad de licencias) y el 48 son inconstitucionales. El pr\u00f3ximo y \u00faltimo paso ser\u00e1 la Corte Suprema de la Naci\u00f3n. El juez de primera instancia y el fiscal a cargo se\u2026","rel":"","context":"En \u00abMedios\u00bb","block_context":{"text":"Medios","link":"https:\/\/www.24baires.com\/?cat=54"},"img":{"alt_text":"","src":"","width":0,"height":0},"classes":[]},{"id":10556,"url":"https:\/\/www.24baires.com\/?p=10556","url_meta":{"origin":7018,"position":3},"title":"Ley de Medios: La Corte rechaz\u00f3 el per saltum","author":"Grupo Sierra","date":"27\/12\/2012","format":false,"excerpt":"Consider\u00f3 cumplido el plazo para la adecuaci\u00f3n, pero extendi\u00f3 la cautelar que impide la aplicaci\u00f3n del art\u00edculo 161 hasta que la C\u00e1mara pueda tratar la constitucionalidad de los puntos frenados por el grupo Clar\u00edn. Sin embargo, en su acordada de hoy, la Corte ratific\u00f3 el plazo de un a\u00f1o exigido\u2026","rel":"","context":"En \u00abMedios\u00bb","block_context":{"text":"Medios","link":"https:\/\/www.24baires.com\/?cat=54"},"img":{"alt_text":"","src":"","width":0,"height":0},"classes":[]},{"id":1557,"url":"https:\/\/www.24baires.com\/?p=1557","url_meta":{"origin":7018,"position":4},"title":"Ley de Medios: se cumplen 3 a\u00f1os desde su sanci\u00f3n y restan s\u00f3lo 2 meses para su plena vigencia","author":"AF","date":"09\/10\/2012","format":false,"excerpt":"La Ley de Servicios de Comunicaci\u00f3n Audiovisual cumplir\u00e1 este mi\u00e9rcoles tres a\u00f1os desde que el Congreso la sancion\u00f3 en la madrugada del 10 octubre de 2009, y en dos meses alcanzar\u00e1 su plena vigencia. El pr\u00f3ximo 7 de diciembre vencer\u00e1 el plazo que la Corte Suprema de Justicia le concedi\u00f3\u2026","rel":"","context":"En \u00abMedios\u00bb","block_context":{"text":"Medios","link":"https:\/\/www.24baires.com\/?cat=54"},"img":{"alt_text":"","src":"","width":0,"height":0},"classes":[]},{"id":7153,"url":"https:\/\/www.24baires.com\/?p=7153","url_meta":{"origin":7018,"position":5},"title":"\u00abEl 7 de diciembre es la fecha final\u00bb","author":"AF","date":"28\/11\/2012","format":false,"excerpt":"El ministro de Justicia y Derechos Humanos, Julio Alak, asegur\u00f3 que \"el 7 de diciembre es la fecha final para las cautelares de Clar\u00edn\", luego de que la Corte Suprema de Justicia dispusiera este martes no otorgar una nueva pr\u00f3rroga al grupo medi\u00e1tico respecto al cumplimiento pleno de la Ley\u2026","rel":"","context":"En \u00abMedios\u00bb","block_context":{"text":"Medios","link":"https:\/\/www.24baires.com\/?cat=54"},"img":{"alt_text":"","src":"","width":0,"height":0},"classes":[]}],"jetpack_sharing_enabled":true,"jetpack_likes_enabled":true,"_links":{"self":[{"href":"https:\/\/www.24baires.com\/index.php?rest_route=\/wp\/v2\/posts\/7018","targetHints":{"allow":["GET"]}}],"collection":[{"href":"https:\/\/www.24baires.com\/index.php?rest_route=\/wp\/v2\/posts"}],"about":[{"href":"https:\/\/www.24baires.com\/index.php?rest_route=\/wp\/v2\/types\/post"}],"author":[{"embeddable":true,"href":"https:\/\/www.24baires.com\/index.php?rest_route=\/wp\/v2\/users\/11"}],"replies":[{"embeddable":true,"href":"https:\/\/www.24baires.com\/index.php?rest_route=%2Fwp%2Fv2%2Fcomments&post=7018"}],"version-history":[{"count":3,"href":"https:\/\/www.24baires.com\/index.php?rest_route=\/wp\/v2\/posts\/7018\/revisions"}],"predecessor-version":[{"id":7086,"href":"https:\/\/www.24baires.com\/index.php?rest_route=\/wp\/v2\/posts\/7018\/revisions\/7086"}],"wp:attachment":[{"href":"https:\/\/www.24baires.com\/index.php?rest_route=%2Fwp%2Fv2%2Fmedia&parent=7018"}],"wp:term":[{"taxonomy":"category","embeddable":true,"href":"https:\/\/www.24baires.com\/index.php?rest_route=%2Fwp%2Fv2%2Fcategories&post=7018"},{"taxonomy":"post_tag","embeddable":true,"href":"https:\/\/www.24baires.com\/index.php?rest_route=%2Fwp%2Fv2%2Ftags&post=7018"}],"curies":[{"name":"wp","href":"https:\/\/api.w.org\/{rel}","templated":true}]}}