{"id":7008,"date":"2012-11-27T19:30:11","date_gmt":"2012-11-27T22:30:11","guid":{"rendered":"http:\/\/www.24baires.com\/?p=7008"},"modified":"2012-11-28T12:10:25","modified_gmt":"2012-11-28T15:10:25","slug":"tiron-de-orejas-para-arlia-y-su-propuesta-para-subir-los-combustibles","status":"publish","type":"post","link":"https:\/\/www.24baires.com\/?p=7008","title":{"rendered":"Tir\u00f3n de orejas para Arl\u00eda y su propuesta para subir los combustibles"},"content":{"rendered":"<p>El ministro de Infraestructura bonaerense no pudo avanzar con su <a href=\"http:\/\/www.24baires.com\/provincia\/6751-tambien-aplicarian-un-impuesto-al-combustible-en-la-provincia\/\" target=\"_blank\">proyecto para crear un impuesto a los combustibles<\/a> con el cual la provincia pretend\u00eda recaudar dinero extra para financiar obras de mantenimiento de rutas. En conferencia de prensa anunci\u00f3 que \u201cse estudian otras alternativas\u201d. El gobierno nacional hab\u00eda anunciado que recurrir\u00e1 a la justicia para impedir que las provincias puedan aplicar el aumento.<!--more--><\/p>\n<p>Luego de reunirse con el Gobernador Daniel Scioli, algunos miembros del gabinete provincial brindaron una conferencia de prensa en la cual aseguraron que se van a usar otras alternativas para recaudar fondos que permitan mejorar varias rutas, en respuesta a la negativa de Naci\u00f3n que calific\u00f3 de \u201cregresivo\u201d la intenci\u00f3n de cobrar un impuesto de 10 centavos al litro de nafta.<\/p>\n<p>En primer lugar, quien tuvo que salir a dar explicaciones, fue el jefe de Gabinete, Alberto P\u00e9rez, quien indic\u00f3 que \u201cno se va a dar marcha atr\u00e1s porque nunca se dio adelante. Nosotros necesitamos fondear y dotar de recursos un fondo que haga que la provincia pueda hacerle frente a la mejora de la red vial.<\/p>\n<p>\u201cVamos a usar diferentes pol\u00edticas que tienen que ver con la concesi\u00f3n de alguna ruta y otras que el estado provincial va a tener que ponerlas en estado \u00f3ptimo. Para eso tenemos que dotar de recursos a estos fondos, uno de los que se hab\u00eda analizado era esta posibilidad que sali\u00f3 en los \u00faltimos d\u00edas\u201d, fue la explicaci\u00f3n del jefe de ministros provincial.<\/p>\n<p>En tanto, el ministro de Infraestructura, Alejandro Arl\u00eda destac\u00f3 que\u201cnosotros hemos encarado una pol\u00edtica con un plan integral de mejoramiento de la red vial. Estamos trabajando en rutas estrat\u00e9gicas, para mejorarlas y dotarlas de mayor seguridad\u201d.<\/p>\n<p>\u201cLa propuesta que tenemos en estudio con respecto a un cargo fijo en el impuesto a los combustibles es algo que vamos a conversar y tratar de articular con el Gobierno nacional. Es un instrumento v\u00e1lido, lo vamos a tratar de aplicar. Necesitamos articularlo con el Gobierno nacional, porque existe una ley nacional que deber\u00eda reformarse. Alternativas, hay muchas, como multas u otro tipo de financiamiento\u201d, a\u00f1adi\u00f3 el ex ministro de Econom\u00eda.<\/p>\n<p>Consultado sobre las obras que la provincia deber\u00eda encarar, en caso de conseguir subir el precio de los combustibles, seg\u00fan el titular de la cartera de Infraestructura, las mismas consistir\u00edan\u201cen el mejoramiento de puentes, caminos rurales y las rutas\u201d.<br \/>\n\u201cB\u00e1sicamente estamos trabajando en las rutas 41,51, 29, 74, 65 y 86, que son las que tienen mayor flujo de transporte de carga y, evidentemente, son las m\u00e1s demandadas en materia de seguridad y confort. Estamos analizando que sean concesionadas\u201d, prosigui\u00f3.<\/p>\n<p>Por \u00faltimo, Arl\u00eda no desminti\u00f3 una suba en el precio de los peajes a la costa para la pr\u00f3xima temporada veraniega: \u201coportunamente lo informaremos\u201d, finaliz\u00f3.<\/p>\n<p>&nbsp;<\/p>\n<p>&nbsp;<\/p>\n","protected":false},"excerpt":{"rendered":"<p>El ministro de Infraestructura bonaerense no pudo avanzar con su proyecto para crear un impuesto a los combustibles con el cual la provincia pretend\u00eda recaudar dinero extra para financiar obras de mantenimiento de rutas. En conferencia de prensa anunci\u00f3 que \u201cse estudian otras alternativas\u201d. El gobierno nacional hab\u00eda anunciado que recurrir\u00e1 a la justicia para impedir que las provincias puedan [&#8230;]<\/p>\n","protected":false},"author":11,"featured_media":0,"comment_status":"open","ping_status":"open","sticky":false,"template":"","format":"standard","meta":{"_jetpack_newsletter_access":"","_jetpack_dont_email_post_to_subs":false,"_jetpack_newsletter_tier_id":0,"_jetpack_memberships_contains_paywalled_content":false,"_jetpack_memberships_contains_paid_content":false,"footnotes":""},"categories":[40],"tags":[],"class_list":["post-7008","post","type-post","status-publish","format-standard","hentry","category-provincia"],"jetpack_featured_media_url":"","jetpack_shortlink":"https:\/\/wp.me\/p2JWE0-1P2","jetpack-related-posts":[{"id":114330,"url":"https:\/\/www.24baires.com\/?p=114330","url_meta":{"origin":7008,"position":0},"title":"Kicillof se refiri\u00f3 al paro de la Mesa de Enlace: \u201cHa sido una actitud que no logro comprender\u201d","author":"AF","date":"06\/03\/2020","format":false,"excerpt":"\u201cBuenos Aires es una provincia productiva y necesitamos que el sector trabaje\u201d, sostuvo el mandatario bonaerense. Tras el cierre del Operativo Sol, el gobernador Axel Kicillof se refiri\u00f3 a la medida de fuerza que anunci\u00f3 la Mesa de Enlace con cuatro d\u00edas de paro para la semana pr\u00f3xima. \u201cHa sido\u2026","rel":"","context":"En \u00abProvincia\u00bb","block_context":{"text":"Provincia","link":"https:\/\/www.24baires.com\/?cat=40"},"img":{"alt_text":"","src":"https:\/\/i0.wp.com\/www.24baires.com\/wp-content\/uploads\/2019\/11\/kicillof.jpg?resize=350%2C200","width":350,"height":200,"srcset":"https:\/\/i0.wp.com\/www.24baires.com\/wp-content\/uploads\/2019\/11\/kicillof.jpg?resize=350%2C200 1x, https:\/\/i0.wp.com\/www.24baires.com\/wp-content\/uploads\/2019\/11\/kicillof.jpg?resize=525%2C300 1.5x"},"classes":[]},{"id":17924,"url":"https:\/\/www.24baires.com\/?p=17924","url_meta":{"origin":7008,"position":1},"title":"Rechazan que los Municipios cobren el impuesto a los combustibles","author":"AF","date":"09\/03\/2013","format":false,"excerpt":"Desde la Federaci\u00f3n de Entidades de Combustible de la provincia de Buenos Aires rechazan la posibilidad de que los municipios cobren un nuevo impuesto sobre los combustibles. Su titular, Luis Malchiodi, dijo a Radio Provincia que \u201cestamos absolutamente en contra de que los municipios apliquen esos impuestos respecto al combustible\u201d\u2026","rel":"","context":"En \u00abEconom\u00eda\u00bb","block_context":{"text":"Econom\u00eda","link":"https:\/\/www.24baires.com\/?cat=45"},"img":{"alt_text":"ypf","src":"https:\/\/i0.wp.com\/www.24baires.com\/wp-content\/uploads\/2013\/03\/ypf-300x224.jpg?resize=350%2C200","width":350,"height":200},"classes":[]},{"id":35558,"url":"https:\/\/www.24baires.com\/?p=35558","url_meta":{"origin":7008,"position":2},"title":"Finalmente, no se cobrar\u00e1 la contribuci\u00f3n especial al campo","author":"AF","date":"22\/11\/2013","format":false,"excerpt":"En conferencia de prensa, el gobernador Daniel Scioli confirm\u00f3 la decisi\u00f3n de \u201crever\u201d la propuesta de implementar una \u201ccontribuci\u00f3n especial\u201d v\u00eda Inmobiliario para financiar la incorporaci\u00f3n de 6 mil polic\u00edas. Estamos dispuestos a rever eso, pero que est\u00e9 acompa\u00f1ado por los municipios, que est\u00e1n aumentando las tasas en un 40\u2026","rel":"","context":"En \u00abEconom\u00eda\u00bb","block_context":{"text":"Econom\u00eda","link":"https:\/\/www.24baires.com\/?cat=45"},"img":{"alt_text":"scioli","src":"https:\/\/i0.wp.com\/www.24baires.com\/wp-content\/uploads\/2013\/08\/scioli.jpg?resize=350%2C200","width":350,"height":200,"srcset":"https:\/\/i0.wp.com\/www.24baires.com\/wp-content\/uploads\/2013\/08\/scioli.jpg?resize=350%2C200 1x, https:\/\/i0.wp.com\/www.24baires.com\/wp-content\/uploads\/2013\/08\/scioli.jpg?resize=525%2C300 1.5x"},"classes":[]},{"id":53249,"url":"https:\/\/www.24baires.com\/?p=53249","url_meta":{"origin":7008,"position":3},"title":"Budassi neg\u00f3 nuevos aumentos en impuestos para lo que queda del a\u00f1o","author":"AF","date":"08\/09\/2014","format":false,"excerpt":"El director ejecutivo de la Agencia de Recaudaci\u00f3n de Buenos Aires (ARBA), Iv\u00e1n Budassi, asegur\u00f3 este domingo en declaraciones radiales que en la Provincia no se crear\u00e1n nuevos impuestos y cuestion\u00f3 a los intendentes que dispusieron cobrar una tasa especial a los combustibles. \u201cEl gobernador Daniel Scioli me dijo que\u2026","rel":"","context":"En \u00abEconom\u00eda\u00bb","block_context":{"text":"Econom\u00eda","link":"https:\/\/www.24baires.com\/?cat=45"},"img":{"alt_text":"Ivan-Budassi","src":"https:\/\/i0.wp.com\/www.24baires.com\/wp-content\/uploads\/2013\/12\/Ivan-Budassi.jpg?resize=350%2C200","width":350,"height":200,"srcset":"https:\/\/i0.wp.com\/www.24baires.com\/wp-content\/uploads\/2013\/12\/Ivan-Budassi.jpg?resize=350%2C200 1x, https:\/\/i0.wp.com\/www.24baires.com\/wp-content\/uploads\/2013\/12\/Ivan-Budassi.jpg?resize=525%2C300 1.5x"},"classes":[]},{"id":6751,"url":"https:\/\/www.24baires.com\/?p=6751","url_meta":{"origin":7008,"position":4},"title":"Tambi\u00e9n aplicar\u00edan un impuesto al combustible en la Provincia","author":"Grupo Sierra","date":"25\/11\/2012","format":false,"excerpt":"El ministro de Infraestructura de la Provincia, Alejandro Arl\u00eda, inform\u00f3 que ser\u00eda dentro del Plan de Mejoramiento Integral de Rutas Provinciales y rondar\u00eda los 10 centavos por litro. El funcionario provincial dijo por Radio Provincia que se pretende una afectaci\u00f3n de un cargo fijo al consumo de combustible para el\u2026","rel":"","context":"En \u00abProvincia\u00bb","block_context":{"text":"Provincia","link":"https:\/\/www.24baires.com\/?cat=40"},"img":{"alt_text":"","src":"","width":0,"height":0},"classes":[]},{"id":25589,"url":"https:\/\/www.24baires.com\/?p=25589","url_meta":{"origin":7008,"position":5},"title":"\u201cLa indiferencia de la Provincia en infraestructura vial es total\u201d","author":"AF","date":"11\/06\/2013","format":false,"excerpt":"OLAVARR\u00cdA - Lo dijo Ricardo Lasca, presidente del Comit\u00e9 Nacional de Defensa del Usuario Vial, por el D\u00eda de la Seguridad Vial. Apunt\u00f3 al gobierno bonaerense de no hacerse cargo del estado de las rutas y critic\u00f3 la falta de di\u00e1logo. \u201cArl\u00eda sabr\u00e1 de contadur\u00eda pero no sabe nada de\u2026","rel":"","context":"En \u00abLocales\u00bb","block_context":{"text":"Locales","link":"https:\/\/www.24baires.com\/?cat=38"},"img":{"alt_text":"","src":"","width":0,"height":0},"classes":[]}],"jetpack_sharing_enabled":true,"jetpack_likes_enabled":true,"_links":{"self":[{"href":"https:\/\/www.24baires.com\/index.php?rest_route=\/wp\/v2\/posts\/7008","targetHints":{"allow":["GET"]}}],"collection":[{"href":"https:\/\/www.24baires.com\/index.php?rest_route=\/wp\/v2\/posts"}],"about":[{"href":"https:\/\/www.24baires.com\/index.php?rest_route=\/wp\/v2\/types\/post"}],"author":[{"embeddable":true,"href":"https:\/\/www.24baires.com\/index.php?rest_route=\/wp\/v2\/users\/11"}],"replies":[{"embeddable":true,"href":"https:\/\/www.24baires.com\/index.php?rest_route=%2Fwp%2Fv2%2Fcomments&post=7008"}],"version-history":[{"count":3,"href":"https:\/\/www.24baires.com\/index.php?rest_route=\/wp\/v2\/posts\/7008\/revisions"}],"predecessor-version":[{"id":7010,"href":"https:\/\/www.24baires.com\/index.php?rest_route=\/wp\/v2\/posts\/7008\/revisions\/7010"}],"wp:attachment":[{"href":"https:\/\/www.24baires.com\/index.php?rest_route=%2Fwp%2Fv2%2Fmedia&parent=7008"}],"wp:term":[{"taxonomy":"category","embeddable":true,"href":"https:\/\/www.24baires.com\/index.php?rest_route=%2Fwp%2Fv2%2Fcategories&post=7008"},{"taxonomy":"post_tag","embeddable":true,"href":"https:\/\/www.24baires.com\/index.php?rest_route=%2Fwp%2Fv2%2Ftags&post=7008"}],"curies":[{"name":"wp","href":"https:\/\/api.w.org\/{rel}","templated":true}]}}