{"id":7005,"date":"2012-11-27T18:27:59","date_gmt":"2012-11-27T21:27:59","guid":{"rendered":"http:\/\/www.24baires.com\/?p=7005"},"modified":"2012-11-27T18:27:59","modified_gmt":"2012-11-27T21:27:59","slug":"cerca-de-450-cooperativas-tramitan-licencias-para-brindar-tv-por-cable","status":"publish","type":"post","link":"https:\/\/www.24baires.com\/?p=7005","title":{"rendered":"Cerca de 450 cooperativas tramitan licencias para brindar TV por cable"},"content":{"rendered":"<p>As\u00ed lo destac\u00f3 el presidente del <strong>Inaes<\/strong>, Patricio Griffin, durante la jornada del viernes pasado sobre televisi\u00f3n cooperativa El Futuro es hoy, organizada por <strong>Celta<\/strong> <strong>TV<\/strong>, en la localidad bonaerense de <strong>Tres Arroyos<\/strong>, ante 150 dirigentes del sector cooperativo y mutual.<!--more--><\/p>\n<p>\u201cCelta TV es pionera y estamos orgullosos de c\u00f3mo, con la participaci\u00f3n de los vecinos, de la cooperativa y del Estado, se trabaj\u00f3 en una alianza en la que tambi\u00e9n se integraron a los compa\u00f1eros del programa Argentina Trabaja. Todav\u00eda hay unas 450 cooperativas del pa\u00eds que tramitan la licencia\u201d, celebr\u00f3 el presidente del Instituto Nacional de Asociativismo y Econom\u00eda Social (Inaes), Patricio Griffin, el viernes pasado en la jornada sobre televisi\u00f3n cooperativa El Futuro es hoy, organizada por la Cooperativa El\u00e9ctrica de Tres Arroyos (Celta).<\/p>\n<p>En la jornada se brind\u00f3 asesoramiento t\u00e9cnico y sobre el financiamiento de los proyectos televisivos. El coordinador general de Usina de Medios, Nah\u00fam Mirad; el gerente de contenidos de Celta TV, Andr\u00e9s Vergnano; y el titular de la Asociaci\u00f3n de Mutuales Chaque\u00f1as Federadas (Amuchafe), Carlos G\u00f3mez, brindaron asistencia sobre el armado de contenidos para los canales de televisi\u00f3n.<\/p>\n<p>El referente de Usina de Medios destac\u00f3 el emprendimiento de Celta TV: \u201cEs muy importante para Tres Arroyos pero tambi\u00e9n para todo el movimiento mutual y cooperativo del pa\u00eds porque demuestra que es posible la inclusi\u00f3n de los barrios alejados al servicio de TV por cable\u201d.<\/p>\n<p>Del encuentro en la Biblioteca Popular Sarmiento participaron 150 cooperativistas y mutualistas representando a empresas que cuentan con las licencias para brindar TV o que se encuentran en proceso.<\/p>\n<p>Adem\u00e1s, con la presencia del presidente de Celta, Nicol\u00e1s Ambrosius, y de Griffin, se inaugur\u00f3 simb\u00f3licamente el canal de televisi\u00f3n por cable y se present\u00f3 la flamante Cooperativa Trama.<\/p>\n<p>\u201cCon esta cooperativa demostramos la efectividad del trabajo en equipo porque es m\u00e1s f\u00e1cil trabajar entre todos, ayud\u00e1ndonos. Y ese es el gran desaf\u00edo, armar la red con mucha solidaridad\u201d, elogi\u00f3 Ambrosius, quien tambi\u00e9n encabeza Trama.<\/p>\n","protected":false},"excerpt":{"rendered":"<p>As\u00ed lo destac\u00f3 el presidente del Inaes, Patricio Griffin, durante la jornada del viernes pasado sobre televisi\u00f3n cooperativa El Futuro es hoy, organizada por Celta TV, en la localidad bonaerense de Tres Arroyos, ante 150 dirigentes del sector cooperativo y mutual.<\/p>\n","protected":false},"author":4,"featured_media":0,"comment_status":"open","ping_status":"open","sticky":false,"template":"","format":"standard","meta":{"_jetpack_newsletter_access":"","_jetpack_dont_email_post_to_subs":false,"_jetpack_newsletter_tier_id":0,"_jetpack_memberships_contains_paywalled_content":false,"_jetpack_memberships_contains_paid_content":false,"footnotes":""},"categories":[54],"tags":[],"class_list":["post-7005","post","type-post","status-publish","format-standard","hentry","category-medios"],"jetpack_featured_media_url":"","jetpack_shortlink":"https:\/\/wp.me\/p2JWE0-1OZ","jetpack-related-posts":[{"id":101061,"url":"https:\/\/www.24baires.com\/?p=101061","url_meta":{"origin":7005,"position":0},"title":"Masiva protesta contra el desmantelamiento de los programas sociales","author":"AF","date":"14\/03\/2018","format":false,"excerpt":"Hoy marcharon contra la eliminaci\u00f3n de planes de empleo los cooperativistas. Ma\u00f1ana se moviliza la izquierda, a la sede del Ministerio de Trabajo y a la de Desarrollo Social. La Confederaci\u00f3n Nacional de Cooperativas de Trabajo, el Frente por el Trabajo y la Dignidad Milagro Sala y el Frente Barrial\u2026","rel":"","context":"En \u00abSociedad\u00bb","block_context":{"text":"Sociedad","link":"https:\/\/www.24baires.com\/?cat=1"},"img":{"alt_text":"","src":"https:\/\/i0.wp.com\/www.24baires.com\/wp-content\/uploads\/2018\/03\/marcha.jpg?resize=350%2C200","width":350,"height":200,"srcset":"https:\/\/i0.wp.com\/www.24baires.com\/wp-content\/uploads\/2018\/03\/marcha.jpg?resize=350%2C200 1x, https:\/\/i0.wp.com\/www.24baires.com\/wp-content\/uploads\/2018\/03\/marcha.jpg?resize=525%2C300 1.5x"},"classes":[]},{"id":7851,"url":"https:\/\/www.24baires.com\/?p=7851","url_meta":{"origin":7005,"position":1},"title":"Una cooperativa mapuche estar\u00e1 al frente del primer canal de pueblos originarios","author":"AF","date":"04\/12\/2012","format":false,"excerpt":"La Cooperativa de Servicios Audiovisuales Mapuche realiza los contenidos audiovisuales de Wall Kintun TV, primer canal de los Pueblos Originarios que saldr\u00e1 al aire el pr\u00f3ximo viernes 7. La productora Inal\u00e9n Antillancka anunci\u00f3 una programaci\u00f3n diversa que reafirme su identidad. \u201cNos conformamos para poder administrar nuestro primer canal de televisi\u00f3n\u2026","rel":"","context":"En \u00abMedios\u00bb","block_context":{"text":"Medios","link":"https:\/\/www.24baires.com\/?cat=54"},"img":{"alt_text":"","src":"https:\/\/i0.wp.com\/www.24baires.com\/wp-content\/uploads\/2012\/12\/wall-kintun-tv.jpg?resize=350%2C200","width":350,"height":200,"srcset":"https:\/\/i0.wp.com\/www.24baires.com\/wp-content\/uploads\/2012\/12\/wall-kintun-tv.jpg?resize=350%2C200 1x, https:\/\/i0.wp.com\/www.24baires.com\/wp-content\/uploads\/2012\/12\/wall-kintun-tv.jpg?resize=525%2C300 1.5x"},"classes":[]},{"id":41387,"url":"https:\/\/www.24baires.com\/?p=41387","url_meta":{"origin":7005,"position":2},"title":"Rojas inaugurar\u00e1 su primer canal cooperativo de TV por cable","author":"Grupo Sierra","date":"02\/03\/2014","format":false,"excerpt":"Hacia mediados de a\u00f1o la Cooperativa de Luz y Fuerza El\u00e9ctrica de Rojas estar\u00e1 brindando el servicio de televisi\u00f3n por cable. La segunda mitad del a\u00f1o ser\u00e1 utilizada para expandir la red de fibra \u00f3ptica. La Cooperativa de Luz y Fuerza El\u00e9ctrica de Rojas (Clyfer) inici\u00f3 los trabajos tendientes a\u2026","rel":"","context":"En \u00abLocales\u00bb","block_context":{"text":"Locales","link":"https:\/\/www.24baires.com\/?cat=38"},"img":{"alt_text":"","src":"","width":0,"height":0},"classes":[]},{"id":30071,"url":"https:\/\/www.24baires.com\/?p=30071","url_meta":{"origin":7005,"position":3},"title":"Cooperativa el\u00e9ctrica de Charlone fue presentada como ejemplo en encuentro en Uruguay","author":"AF","date":"13\/08\/2013","format":false,"excerpt":"GENERAL VILLEGAS - Representantes bonaerenses de la entidad fueron seleccionados para participar de un panel en el Encuentro de Triple Frontera, donde relataron su relaci\u00f3n de intercooperaci\u00f3n con otras organizaciones similares. Durante la jornadas, tambi\u00e9n compartieron otras experiencias del Uruguay y Brasil. Representantes de la Cooperativa El\u00e9ctrica de Charlone expusieron\u2026","rel":"","context":"En \u00abLocales\u00bb","block_context":{"text":"Locales","link":"https:\/\/www.24baires.com\/?cat=38"},"img":{"alt_text":"COOPERATIVA CHARLONE","src":"https:\/\/i0.wp.com\/www.24baires.com\/wp-content\/uploads\/2013\/08\/COOPERATIVA-CHARLONE.jpg?resize=350%2C200","width":350,"height":200,"srcset":"https:\/\/i0.wp.com\/www.24baires.com\/wp-content\/uploads\/2013\/08\/COOPERATIVA-CHARLONE.jpg?resize=350%2C200 1x, https:\/\/i0.wp.com\/www.24baires.com\/wp-content\/uploads\/2013\/08\/COOPERATIVA-CHARLONE.jpg?resize=525%2C300 1.5x"},"classes":[]},{"id":36811,"url":"https:\/\/www.24baires.com\/?p=36811","url_meta":{"origin":7005,"position":4},"title":"Tres Arroyos: crear\u00e1n el parque e\u00f3lico m\u00e1s grande del pa\u00eds","author":"Grupo Sierra","date":"14\/12\/2013","format":false,"excerpt":"La empresa china XENC NE Corporation invertir\u00e1 200 millones de d\u00f3lares para la puesta en marcha de un parque e\u00f3lico en la provincia, que generar\u00e1 100 megavatios de energ\u00eda. La inversi\u00f3n prevista en dos etapas apunta a instalar las Centrales E\u00f3licas, Pampa I y La Cascada, equipadas con 50 molinos\u2026","rel":"","context":"En \u00abLocales\u00bb","block_context":{"text":"Locales","link":"https:\/\/www.24baires.com\/?cat=38"},"img":{"alt_text":"e\u00f3lico","src":"https:\/\/i0.wp.com\/www.24baires.com\/wp-content\/uploads\/2013\/12\/e%C3%B3lico.jpg?resize=350%2C200","width":350,"height":200,"srcset":"https:\/\/i0.wp.com\/www.24baires.com\/wp-content\/uploads\/2013\/12\/e%C3%B3lico.jpg?resize=350%2C200 1x, https:\/\/i0.wp.com\/www.24baires.com\/wp-content\/uploads\/2013\/12\/e%C3%B3lico.jpg?resize=525%2C300 1.5x"},"classes":[]},{"id":7704,"url":"https:\/\/www.24baires.com\/?p=7704","url_meta":{"origin":7005,"position":5},"title":"Firmar\u00e1n un convenio para garantizar empleo en empresas audiovisuales","author":"AF","date":"03\/12\/2012","format":false,"excerpt":"El Instituto Nacional de Asociativismo y Econom\u00eda Social (Inaes), el Sindicato Argentino de Televisi\u00f3n (Satsaid) y la Confederaci\u00f3n Cooperativa de la Rep\u00fablica Argentina (Cooperar) rubricar\u00e1n un acuerdo que garantice fuentes de trabajo en empresas audiovisuales. Ser\u00e1 el pr\u00f3ximo lunes a las 19 en la sede del Sindicato Argentino de Docentes\u2026","rel":"","context":"En \u00abMedios\u00bb","block_context":{"text":"Medios","link":"https:\/\/www.24baires.com\/?cat=54"},"img":{"alt_text":"","src":"","width":0,"height":0},"classes":[]}],"jetpack_sharing_enabled":true,"jetpack_likes_enabled":true,"_links":{"self":[{"href":"https:\/\/www.24baires.com\/index.php?rest_route=\/wp\/v2\/posts\/7005","targetHints":{"allow":["GET"]}}],"collection":[{"href":"https:\/\/www.24baires.com\/index.php?rest_route=\/wp\/v2\/posts"}],"about":[{"href":"https:\/\/www.24baires.com\/index.php?rest_route=\/wp\/v2\/types\/post"}],"author":[{"embeddable":true,"href":"https:\/\/www.24baires.com\/index.php?rest_route=\/wp\/v2\/users\/4"}],"replies":[{"embeddable":true,"href":"https:\/\/www.24baires.com\/index.php?rest_route=%2Fwp%2Fv2%2Fcomments&post=7005"}],"version-history":[{"count":2,"href":"https:\/\/www.24baires.com\/index.php?rest_route=\/wp\/v2\/posts\/7005\/revisions"}],"predecessor-version":[{"id":7007,"href":"https:\/\/www.24baires.com\/index.php?rest_route=\/wp\/v2\/posts\/7005\/revisions\/7007"}],"wp:attachment":[{"href":"https:\/\/www.24baires.com\/index.php?rest_route=%2Fwp%2Fv2%2Fmedia&parent=7005"}],"wp:term":[{"taxonomy":"category","embeddable":true,"href":"https:\/\/www.24baires.com\/index.php?rest_route=%2Fwp%2Fv2%2Fcategories&post=7005"},{"taxonomy":"post_tag","embeddable":true,"href":"https:\/\/www.24baires.com\/index.php?rest_route=%2Fwp%2Fv2%2Ftags&post=7005"}],"curies":[{"name":"wp","href":"https:\/\/api.w.org\/{rel}","templated":true}]}}