{"id":7001,"date":"2012-11-27T18:11:33","date_gmt":"2012-11-27T21:11:33","guid":{"rendered":"http:\/\/www.24baires.com\/?p=7001"},"modified":"2012-11-27T18:11:33","modified_gmt":"2012-11-27T21:11:33","slug":"inauguraron-en-balcarce-un-espacio-para-estimular-el-desarrollo-de-ninos","status":"publish","type":"post","link":"https:\/\/www.24baires.com\/?p=7001","title":{"rendered":"Inauguraron en Balcarce un espacio para estimular el desarrollo de ni\u00f1os"},"content":{"rendered":"<p><img data-recalc-dims=\"1\" loading=\"lazy\" decoding=\"async\" class=\"alignleft size-medium wp-image-7002\" title=\"balcarce UDI\" src=\"https:\/\/i0.wp.com\/www.24baires.com\/wp-content\/uploads\/2012\/11\/balcarce-UDI.jpg?resize=300%2C204\" alt=\"\" width=\"300\" height=\"204\" srcset=\"https:\/\/i0.wp.com\/www.24baires.com\/wp-content\/uploads\/2012\/11\/balcarce-UDI.jpg?resize=300%2C204&amp;ssl=1 300w, https:\/\/i0.wp.com\/www.24baires.com\/wp-content\/uploads\/2012\/11\/balcarce-UDI.jpg?w=560&amp;ssl=1 560w\" sizes=\"auto, (max-width: 300px) 100vw, 300px\" \/>El ministro de Desarrollo Social Mart\u00edn Ferr\u00e9 y su par de Infraestructura, Alejandro Arl\u00eda inauguraron este martes en Balcarce una nueva Unidad de Desarrollo Infantil (UDI) que funcionar\u00e1 en un jard\u00edn maternal de ese distrito con el objetivo de implementar mecanismos de contenci\u00f3n a unos 40 ni\u00f1os de entre 45 d\u00edas y 5 a\u00f1os en condiciones de vulnerabilidad social.<!--more--><\/p>\n<p>Seg\u00fan explic\u00f3 Ferr\u00e9 \u201cuna de las prioridades que nos hemos trazado desde nuestra cartera es cuidar y proteger los derechos de los m\u00e1s chicos y estimularlos durante toda su etapa de crecimiento para generarles igualdad de oportunidades en todos los aspectos de su vida para que puedan apostar a un futuro mejor\u201d.<\/p>\n<p>\u201cNuestra idea es seguir trabajando en la puesta en marcha de este tipo de espacios para lograr la contenci\u00f3n de nuestros ni\u00f1os tanto en el interior como en el Gran Buenos Aires\u201d, remarc\u00f3.<\/p>\n<p>Por su parte, Arl\u00eda destac\u00f3 que: \u00abEs una jornada emocionante, Provincia y Municipio trabajando de manera integral para llegar con los temas m\u00e1s sensibles a la poblaci\u00f3n que m\u00e1s lo necesita\u201d y agreg\u00f3 que \u201c\u00e9sta es una de las obras que hoy se inaugura, pero por ejemplo, tambi\u00e9n estamos abocados en Balcarce a culminar la remodelaci\u00f3n del Palacio Municipal o la obra que tiene que ver con la sala de cirug\u00eda y de terapia intensiva que vamos a hacer en el hospital\u00bb.<\/p>\n<p>La nueva Unidad de Desarrollo Infantil, funcionar\u00e1 en el Jard\u00edn Maternal \u201cEvita\u201d de Balcarce, fue financiada, con un monto de $3.256.666, por el Banco Interamericano de Desarrollo en el marco del \u201cPrograma de apoyo a la inversi\u00f3n en los sectores sociales de la Provincia de Buenos Aires\u201d. Cuenta con una sala para lactantes, otra para deambuladores, dos para usos m\u00faltiples, un comedor, una cocina, sanitarios y dep\u00f3sitos y se planea construir en el ingreso un espacio verde p\u00fablico. Esta obra dar\u00e1 asistencia directa a 36 ni\u00f1os.<\/p>\n<p>Durante la actividad se anunci\u00f3 adem\u00e1s la remodelaci\u00f3n de la Plaza Eva Per\u00f3n. En ese sentido, el Secretario de Espacio P\u00fablico provincial, Eduardo Aparicio, afirm\u00f3 que \u201cpara nosotros es un orgullo poner en valor esta plaza; y para que los chicos puedan disfrutarla en toda su expresi\u00f3n entregamos hamacas triples, un mangrullo, toboganes, torres comunicadas por puentes, deslizadores, sube y baja doble, caballitos y cestos de residuos para mantenerla ordenada\u201d. Asimismo, se entregaron luminarias y pintura y se anunci\u00f3 la construcci\u00f3n de 1.600 metros lineales de veredas para la plaza y el barrio.<\/p>\n<p>Del encuentro, en el que adem\u00e1s se entregaron kits de fortalecimiento para instituciones de la tercera edad y tarjetas a beneficiarios del Programa de Responsabi<\/p>\n","protected":false},"excerpt":{"rendered":"<p>El ministro de Desarrollo Social Mart\u00edn Ferr\u00e9 y su par de Infraestructura, Alejandro Arl\u00eda inauguraron este martes en Balcarce una nueva Unidad de Desarrollo Infantil (UDI) que funcionar\u00e1 en un jard\u00edn maternal de ese distrito con el objetivo de implementar mecanismos de contenci\u00f3n a unos 40 ni\u00f1os de entre 45 d\u00edas y 5 a\u00f1os en condiciones de vulnerabilidad social.<\/p>\n","protected":false},"author":4,"featured_media":0,"comment_status":"open","ping_status":"open","sticky":false,"template":"","format":"standard","meta":{"_jetpack_newsletter_access":"","_jetpack_dont_email_post_to_subs":false,"_jetpack_newsletter_tier_id":0,"_jetpack_memberships_contains_paywalled_content":false,"_jetpack_memberships_contains_paid_content":false,"footnotes":""},"categories":[38],"tags":[],"class_list":["post-7001","post","type-post","status-publish","format-standard","hentry","category-locales"],"jetpack_featured_media_url":"","jetpack_shortlink":"https:\/\/wp.me\/p2JWE0-1OV","jetpack-related-posts":[{"id":36083,"url":"https:\/\/www.24baires.com\/?p=36083","url_meta":{"origin":7001,"position":0},"title":"Florencio Varela: inauguran jard\u00edn maternal en la Unidad Penitenciaria 54","author":"AF","date":"02\/12\/2013","format":false,"excerpt":"Los hijos de madres privadas de libertad en la Unidad Penitenciaria 54 de Florencio Varela podr\u00e1n concurrir al Jard\u00edn Maternal \u201cJuguemos\u201d, que funciona dentro de la c\u00e1rcel y que fue puesto en marcha a partir de un acuerdo entre los ministerios de Desarrollo Social y de Justicia de la provincia\u2026","rel":"","context":"En \u00abLocales\u00bb","block_context":{"text":"Locales","link":"https:\/\/www.24baires.com\/?cat=38"},"img":{"alt_text":"","src":"","width":0,"height":0},"classes":[]},{"id":42162,"url":"https:\/\/www.24baires.com\/?p=42162","url_meta":{"origin":7001,"position":1},"title":"Balcarce: impulsan mejoras en los programas UDI y ENVI\u00d3N","author":"Grupo Sierra","date":"15\/03\/2014","format":false,"excerpt":"El ministro de Desarrollo Social, Eduardo Aparicio, junto al intendente de Balcarce, Jos\u00e9 Enrique Echeverr\u00eda, visitaron las sedes de las Unidades de Desarrollo Infantil (UDI) y ENVION de este distrito con el objetivo de verificar las condiciones edilicias y de atenci\u00f3n con las que vienen desarrollando las tareas diarias y\u2026","rel":"","context":"En \u00abMunicipios\u00bb","block_context":{"text":"Municipios","link":"https:\/\/www.24baires.com\/?cat=44"},"img":{"alt_text":"Balcarce visita al Centro Integrador Comunitario","src":"https:\/\/i0.wp.com\/www.24baires.com\/wp-content\/uploads\/2014\/03\/Balcarce-visita-al-Centro-Integrador-Comunitario.jpg?resize=350%2C200","width":350,"height":200,"srcset":"https:\/\/i0.wp.com\/www.24baires.com\/wp-content\/uploads\/2014\/03\/Balcarce-visita-al-Centro-Integrador-Comunitario.jpg?resize=350%2C200 1x, https:\/\/i0.wp.com\/www.24baires.com\/wp-content\/uploads\/2014\/03\/Balcarce-visita-al-Centro-Integrador-Comunitario.jpg?resize=525%2C300 1.5x"},"classes":[]},{"id":14229,"url":"https:\/\/www.24baires.com\/?p=14229","url_meta":{"origin":7001,"position":2},"title":"Nuevo Centro de Prevenci\u00f3n de las Adicciones para Balcarce","author":"AF","date":"01\/02\/2013","format":false,"excerpt":"En el municipio de Balcarce se puso en funcionamiento la nueva sede del Centro de Prevenci\u00f3n de las Adicciones (CPA), que a partir de la fecha funcionar\u00e1 en el espacio del Hospital Municipal. El intendente de Balcarce, Jos\u00e9 Echeverr\u00eda, junto al ministro de Salud de la Provincia de Buenos Aires,\u2026","rel":"","context":"En \u00abLocales\u00bb","block_context":{"text":"Locales","link":"https:\/\/www.24baires.com\/?cat=38"},"img":{"alt_text":"","src":"","width":0,"height":0},"classes":[]},{"id":24904,"url":"https:\/\/www.24baires.com\/?p=24904","url_meta":{"origin":7001,"position":3},"title":"Entregan juegos de plaza para chicos de Tres de Febrero","author":"AF","date":"02\/06\/2013","format":false,"excerpt":"El ministerio de Desarrollo Social bonaerense entreg\u00f3 juegos de plaza y kits did\u00e1cticos a dos instituciones de Tres de Febrero que funcionan en el marco del Programa de Unidades de Desarrollo Infantil (UDI), con el fin de apoyar el crecimiento y desarrollo de los ni\u00f1os que all\u00ed concurren. Se trata\u2026","rel":"","context":"En \u00abLocales\u00bb","block_context":{"text":"Locales","link":"https:\/\/www.24baires.com\/?cat=38"},"img":{"alt_text":"","src":"","width":0,"height":0},"classes":[]},{"id":88042,"url":"https:\/\/www.24baires.com\/?p=88042","url_meta":{"origin":7001,"position":4},"title":"Declararon la Emergencia Social en Balcarce","author":"GB","date":"27\/09\/2016","format":false,"excerpt":"Fue aprobada por unanimidad en el Concejo Deliberante. Desde el FpV afirmaron que era una medida \"sumamente necesaria\" y advirtieron sobre el desempleo en el distrito. La palabra del intendente Reino. Todos los detalles de la ordenanza. El Concejo Deliberante del municipio de Balcarce aprob\u00f3 por unanimidad la declaraci\u00f3n de\u2026","rel":"","context":"En \u00abLocales\u00bb","block_context":{"text":"Locales","link":"https:\/\/www.24baires.com\/?cat=38"},"img":{"alt_text":"concejo-balcarse","src":"https:\/\/i0.wp.com\/www.24baires.com\/wp-content\/uploads\/2016\/09\/concejo-balcarse.jpg?resize=350%2C200","width":350,"height":200,"srcset":"https:\/\/i0.wp.com\/www.24baires.com\/wp-content\/uploads\/2016\/09\/concejo-balcarse.jpg?resize=350%2C200 1x, https:\/\/i0.wp.com\/www.24baires.com\/wp-content\/uploads\/2016\/09\/concejo-balcarse.jpg?resize=525%2C300 1.5x"},"classes":[]},{"id":6144,"url":"https:\/\/www.24baires.com\/?p=6144","url_meta":{"origin":7001,"position":5},"title":"Ferr\u00e9 en San Isidro destac\u00f3 el trabajo conjunto entre ONG&#8217;s y Estado","author":"Grupo Sierra","date":"20\/11\/2012","format":false,"excerpt":"El ministro de Desarrollo Social, Mart\u00edn Ferr\u00e9, particip\u00f3 en San Isidro del cierre del festival cultural \u201cPor los derechos de los Ni\u00f1os, Ni\u00f1as y Adolescentes\u201d, organizado por la Asociaci\u00f3n Civil Empleo Joven (ACEJ) en el marco de la conmemoraci\u00f3n de un nuevo aniversario de la firma del tratado de la\u2026","rel":"","context":"En \u00abProvincia\u00bb","block_context":{"text":"Provincia","link":"https:\/\/www.24baires.com\/?cat=40"},"img":{"alt_text":"","src":"","width":0,"height":0},"classes":[]}],"jetpack_sharing_enabled":true,"jetpack_likes_enabled":true,"_links":{"self":[{"href":"https:\/\/www.24baires.com\/index.php?rest_route=\/wp\/v2\/posts\/7001","targetHints":{"allow":["GET"]}}],"collection":[{"href":"https:\/\/www.24baires.com\/index.php?rest_route=\/wp\/v2\/posts"}],"about":[{"href":"https:\/\/www.24baires.com\/index.php?rest_route=\/wp\/v2\/types\/post"}],"author":[{"embeddable":true,"href":"https:\/\/www.24baires.com\/index.php?rest_route=\/wp\/v2\/users\/4"}],"replies":[{"embeddable":true,"href":"https:\/\/www.24baires.com\/index.php?rest_route=%2Fwp%2Fv2%2Fcomments&post=7001"}],"version-history":[{"count":1,"href":"https:\/\/www.24baires.com\/index.php?rest_route=\/wp\/v2\/posts\/7001\/revisions"}],"predecessor-version":[{"id":7003,"href":"https:\/\/www.24baires.com\/index.php?rest_route=\/wp\/v2\/posts\/7001\/revisions\/7003"}],"wp:attachment":[{"href":"https:\/\/www.24baires.com\/index.php?rest_route=%2Fwp%2Fv2%2Fmedia&parent=7001"}],"wp:term":[{"taxonomy":"category","embeddable":true,"href":"https:\/\/www.24baires.com\/index.php?rest_route=%2Fwp%2Fv2%2Fcategories&post=7001"},{"taxonomy":"post_tag","embeddable":true,"href":"https:\/\/www.24baires.com\/index.php?rest_route=%2Fwp%2Fv2%2Ftags&post=7001"}],"curies":[{"name":"wp","href":"https:\/\/api.w.org\/{rel}","templated":true}]}}