{"id":6998,"date":"2012-11-27T18:00:40","date_gmt":"2012-11-27T21:00:40","guid":{"rendered":"http:\/\/www.24baires.com\/?p=6998"},"modified":"2012-11-27T18:00:40","modified_gmt":"2012-11-27T21:00:40","slug":"collia-disenamos-una-agenda-de-trabajo-con-el-ministerio-de-seguridad","status":"publish","type":"post","link":"https:\/\/www.24baires.com\/?p=6998","title":{"rendered":"Collia: \u00abDise\u00f1amos una agenda de trabajo con el Ministerio de Seguridad\u00bb"},"content":{"rendered":"<p>El Ministro de Salud de la Provincia de Buenos Aires, Alejandro Collia, se\u00f1al\u00f3 adem\u00e1s que \u201cdisponemos del primer registro de violencia en hospitales, que iniciamos a principios de este a\u00f1o\u201d.<!--more--><\/p>\n<p>Tambi\u00e9n, asegur\u00f3 que \u201ctenemos un programa de prevenci\u00f3n y asistencia de hospitales con cuyos directores, para respaldar a los trabajadores del sistema hospitalario\u201d.<\/p>\n<p>\u201cAvanzaremos en cada uno de los hospitales, con la colaboraci\u00f3n del Ricardo Casal con quien dise\u00f1amos una agenda de trabajo que vamos a iniciar hoy a las 19 horas en el Ministerio de Trabajo\u201d, agreg\u00f3 Collia.<\/p>\n<p>En cuanto al objetivo, se\u00f1al\u00f3 que \u201cclaramente buscamos garantizar mejores condiciones en los hospitales p\u00fablicos de la Provincia\u201d.<\/p>\n<p>Por otro lado, hizo hincapi\u00e9 al pedido del Sindicato de Salud por la creaci\u00f3n de un Comit\u00e9 de Violencia y expres\u00f3 que \u201cnosotros estamos dispuestos a avanzar en un circuito que sea analizado y controlado, agreg\u00e1ndole cuestiones que se tienen que ir incorporando porque se generan hechos que en otro momento eran impensados\u201d.<\/p>\n<p>Para finalizar, el Ministro Collia manifest\u00f3 que \u201csi bien estos hechos que se presentan en Fiorito en Lan\u00fas o en Moreno son de una instalaci\u00f3n en los \u00faltimos tiempos, son cuestiones que se tienen que tratar en el modelo que se lleva a cabo\u201d.<\/p>\n","protected":false},"excerpt":{"rendered":"<p>El Ministro de Salud de la Provincia de Buenos Aires, Alejandro Collia, se\u00f1al\u00f3 adem\u00e1s que \u201cdisponemos del primer registro de violencia en hospitales, que iniciamos a principios de este a\u00f1o\u201d.<\/p>\n","protected":false},"author":4,"featured_media":0,"comment_status":"open","ping_status":"open","sticky":false,"template":"","format":"standard","meta":{"_jetpack_newsletter_access":"","_jetpack_dont_email_post_to_subs":false,"_jetpack_newsletter_tier_id":0,"_jetpack_memberships_contains_paywalled_content":false,"_jetpack_memberships_contains_paid_content":false,"footnotes":""},"categories":[1],"tags":[],"class_list":["post-6998","post","type-post","status-publish","format-standard","hentry","category-sociedad"],"jetpack_featured_media_url":"","jetpack_shortlink":"https:\/\/wp.me\/p2JWE0-1OS","jetpack-related-posts":[{"id":9875,"url":"https:\/\/www.24baires.com\/?p=9875","url_meta":{"origin":6998,"position":0},"title":"Son diez los hospitales provinciales que ya cuentan con bot\u00f3n antip\u00e1nico","author":"AF","date":"20\/12\/2012","format":false,"excerpt":"Lo usar\u00e1n en las guardias en casos cr\u00edticos de violencia. El personal de salud lo oprime y se activa un alerta en el ministerio de Justicia y Seguridad. De inmediato se env\u00eda un patrullero al lugar del conflicto. A partir de este jueves los m\u00e9dicos y enfermeros de las guardias\u2026","rel":"","context":"En \u00abSociedad\u00bb","block_context":{"text":"Sociedad","link":"https:\/\/www.24baires.com\/?cat=1"},"img":{"alt_text":"","src":"","width":0,"height":0},"classes":[]},{"id":72246,"url":"https:\/\/www.24baires.com\/?p=72246","url_meta":{"origin":6998,"position":1},"title":"Lomas de Zamora: el hospital Oscar Alende pasar\u00e1 a la \u00f3rbita provincial","author":"AF","date":"17\/09\/2015","format":false,"excerpt":"El gobernador de la provincia de Buenos Aires, Daniel Scioli, junto con su ministro de Salud, Alejandro Collia, el intendente de Lomas de Zamora, Mart\u00edn Insaurralde y el diputado provincial Fernando \"Chino\" Navarro, concretaron este mi\u00e9rcoles la firma del traspaso del hospital municipal materno infantil \u201cDoctor Oscar Alende\u201d a la\u2026","rel":"","context":"En \u00abLocales\u00bb","block_context":{"text":"Locales","link":"https:\/\/www.24baires.com\/?cat=38"},"img":{"alt_text":"Hospital Alende lomas de zamora","src":"https:\/\/i0.wp.com\/www.24baires.com\/wp-content\/uploads\/2015\/09\/Hospital-Alende-lomas-de-zamora-300x191.jpg?resize=350%2C200","width":350,"height":200},"classes":[]},{"id":34774,"url":"https:\/\/www.24baires.com\/?p=34774","url_meta":{"origin":6998,"position":2},"title":"Crean la Mesa Intersectorial por Hospitales Libres de Violencia","author":"AF","date":"07\/11\/2013","format":false,"excerpt":"Es una iniciativa del Ministro Alejandro Collia, que lleva adelante acciones correctivas y preventidas dentro de los hospitales de la regi\u00f3n. Ya son 18 los hospitales bonaerenses que incorporaron \"botones antip\u00e1nico\". Cecilia Pozo, coordinadora del programa de Prevenci\u00f3n y Asistencia M\u00e9dico Legal en Salud P\u00fablica, confirm\u00f3 que en 18 hospitales\u2026","rel":"","context":"En \u00abProvincia\u00bb","block_context":{"text":"Provincia","link":"https:\/\/www.24baires.com\/?cat=40"},"img":{"alt_text":"hospital barbijo","src":"https:\/\/i0.wp.com\/www.24baires.com\/wp-content\/uploads\/2013\/06\/hospital-barbijo.png?resize=350%2C200","width":350,"height":200},"classes":[]},{"id":39092,"url":"https:\/\/www.24baires.com\/?p=39092","url_meta":{"origin":6998,"position":3},"title":"Los polic\u00edas que trabajen en hospitales recibir\u00e1n un incremento salarial","author":"GB","date":"23\/01\/2014","format":false,"excerpt":"Los ministros de Salud, Alejandro Collia, y de Seguridad, Alejandro Granados, mantuvieron un encuentro con representantes de la Asociaci\u00f3n de Profesionales de la Salud, y acordaron un incremento de 18 a 35 pesos, por hora adicional, para los efectivos policiales que trabajen en hospitales de la Provincia. El Ministerio de\u2026","rel":"","context":"En \u00abProvincia\u00bb","block_context":{"text":"Provincia","link":"https:\/\/www.24baires.com\/?cat=40"},"img":{"alt_text":"","src":"","width":0,"height":0},"classes":[]},{"id":57609,"url":"https:\/\/www.24baires.com\/?p=57609","url_meta":{"origin":6998,"position":4},"title":"Hospitales atienden 50 casos de violencia de g\u00e9nero y familiar por mes","author":"GB","date":"24\/11\/2014","format":false,"excerpt":"El relevamiento fue realizado en la provincia de Buenos Aires por parte del Programa Provincial de Prevenci\u00f3n y Atenci\u00f3n de la violencia familiar y de g\u00e9nero. El promedio de casos registrados en hospitales bonaerenses por mes es alarmante. De acuerdo con estos datos, en los \u00faltimos cuatro a\u00f1os se registraron\u2026","rel":"","context":"En \u00abSociedad\u00bb","block_context":{"text":"Sociedad","link":"https:\/\/www.24baires.com\/?cat=1"},"img":{"alt_text":"violencia familiar","src":"https:\/\/i0.wp.com\/www.24baires.com\/wp-content\/uploads\/2014\/08\/violencia-familiar.jpg?resize=350%2C200","width":350,"height":200,"srcset":"https:\/\/i0.wp.com\/www.24baires.com\/wp-content\/uploads\/2014\/08\/violencia-familiar.jpg?resize=350%2C200 1x, https:\/\/i0.wp.com\/www.24baires.com\/wp-content\/uploads\/2014\/08\/violencia-familiar.jpg?resize=525%2C300 1.5x"},"classes":[]},{"id":109,"url":"https:\/\/www.24baires.com\/?p=109","url_meta":{"origin":6998,"position":5},"title":"Collia reunido con autoridades del Hospital de Moreno en busca de un acuerdo","author":"Grupo Sierra","date":"18\/09\/2012","format":false,"excerpt":"El ministro de Salud, Alejandro Collia, arrib\u00f3 hoy al hospital Mariano y Luciano de la Vega de la localidad bonaerense de Moreno, donde se reuni\u00f3 con las autoridades para discutir un preacuerdo, luego de los incidentes que se registraron en ese centro de salud. Collia permanec\u00eda reunido con el director\u2026","rel":"","context":"En \u00abProvincia\u00bb","block_context":{"text":"Provincia","link":"https:\/\/www.24baires.com\/?cat=40"},"img":{"alt_text":"","src":"","width":0,"height":0},"classes":[]}],"jetpack_sharing_enabled":true,"jetpack_likes_enabled":true,"_links":{"self":[{"href":"https:\/\/www.24baires.com\/index.php?rest_route=\/wp\/v2\/posts\/6998","targetHints":{"allow":["GET"]}}],"collection":[{"href":"https:\/\/www.24baires.com\/index.php?rest_route=\/wp\/v2\/posts"}],"about":[{"href":"https:\/\/www.24baires.com\/index.php?rest_route=\/wp\/v2\/types\/post"}],"author":[{"embeddable":true,"href":"https:\/\/www.24baires.com\/index.php?rest_route=\/wp\/v2\/users\/4"}],"replies":[{"embeddable":true,"href":"https:\/\/www.24baires.com\/index.php?rest_route=%2Fwp%2Fv2%2Fcomments&post=6998"}],"version-history":[{"count":2,"href":"https:\/\/www.24baires.com\/index.php?rest_route=\/wp\/v2\/posts\/6998\/revisions"}],"predecessor-version":[{"id":7000,"href":"https:\/\/www.24baires.com\/index.php?rest_route=\/wp\/v2\/posts\/6998\/revisions\/7000"}],"wp:attachment":[{"href":"https:\/\/www.24baires.com\/index.php?rest_route=%2Fwp%2Fv2%2Fmedia&parent=6998"}],"wp:term":[{"taxonomy":"category","embeddable":true,"href":"https:\/\/www.24baires.com\/index.php?rest_route=%2Fwp%2Fv2%2Fcategories&post=6998"},{"taxonomy":"post_tag","embeddable":true,"href":"https:\/\/www.24baires.com\/index.php?rest_route=%2Fwp%2Fv2%2Ftags&post=6998"}],"curies":[{"name":"wp","href":"https:\/\/api.w.org\/{rel}","templated":true}]}}