{"id":6989,"date":"2012-11-27T17:38:21","date_gmt":"2012-11-27T20:38:21","guid":{"rendered":"http:\/\/www.24baires.com\/?p=6989"},"modified":"2012-11-27T17:38:22","modified_gmt":"2012-11-27T20:38:22","slug":"continua-la-polemica-por-la-propuesta-del-impuesto-al-combustible","status":"publish","type":"post","link":"https:\/\/www.24baires.com\/?p=6989","title":{"rendered":"Contin\u00faa la pol\u00e9mica por la propuesta del &#8216;impuesto al combustible&#8217;"},"content":{"rendered":"<p>El diputado nacional por la Uni\u00f3n C\u00edvica Radical, Miguel Bazze, afirm\u00f3 que \u201ces una locura que el gobierno de la provincia pretenda incorporar un impuesto al combustible que s\u00f3lo responde a la dur\u00edsima crisis financiera que padecen las provincias como consecuencia la actitud centralista del gobierno nacional que retiene fondos que son de las provincias\u201d.<!--more--><\/p>\n<p>Bazze tambi\u00e9n lament\u00f3 \u201cla actitud de los gobiernos provinciales -entre ellos el de Buenos Aires- que consienten la actitud del Poder Ejecutivo Nacional postergando la prestaci\u00f3n de servicios elementales para sus habitantes y conden\u00e1ndose a la crisis econ\u00f3micas\u201d.<\/p>\n<p>\u201cLo que tienen que hacer el gobierno de Buenos Aires y otras provincias es terminar con esta concesi\u00f3n absolutamente injusta al gobierno nacional\u201d, afirm\u00f3 Bazze y agreg\u00f3 que \u201csi el gobernador Scioli se anima a reclamar lo que le corresponde, desde la oposici\u00f3n lo vamos a acompa\u00f1ar\u201d.<\/p>\n","protected":false},"excerpt":{"rendered":"<p>El diputado nacional por la Uni\u00f3n C\u00edvica Radical, Miguel Bazze, afirm\u00f3 que \u201ces una locura que el gobierno de la provincia pretenda incorporar un impuesto al combustible que s\u00f3lo responde a la dur\u00edsima crisis financiera que padecen las provincias como consecuencia la actitud centralista del gobierno nacional que retiene fondos que son de las provincias\u201d.<\/p>\n","protected":false},"author":4,"featured_media":0,"comment_status":"open","ping_status":"open","sticky":false,"template":"","format":"standard","meta":{"_jetpack_newsletter_access":"","_jetpack_dont_email_post_to_subs":false,"_jetpack_newsletter_tier_id":0,"_jetpack_memberships_contains_paywalled_content":false,"_jetpack_memberships_contains_paid_content":false,"footnotes":""},"categories":[45],"tags":[],"class_list":["post-6989","post","type-post","status-publish","format-standard","hentry","category-economia"],"jetpack_featured_media_url":"","jetpack_shortlink":"https:\/\/wp.me\/p2JWE0-1OJ","jetpack-related-posts":[{"id":58688,"url":"https:\/\/www.24baires.com\/?p=58688","url_meta":{"origin":6989,"position":0},"title":"Bazze denunci\u00f3 que las estad\u00edsticas en seguridad de Scioli \u00abson falsas\u00bb","author":"Grupo Sierra","date":"15\/12\/2014","format":false,"excerpt":"El diputado nacional por la UCR afirm\u00f3 que \"estamos en un proceso en que la inseguridad se va agravando d\u00eda a d\u00eda\" El diputado nacional Miguel Bazze (UCR - Buenos Aires) afirm\u00f3: \u201cEstamos en un proceso en que la inseguridad se va agravando d\u00eda a d\u00eda y en las \u00faltimas\u2026","rel":"","context":"En \u00abPol\u00edtica\u00bb","block_context":{"text":"Pol\u00edtica","link":"https:\/\/www.24baires.com\/?cat=51"},"img":{"alt_text":"Miguel Bazze","src":"https:\/\/i0.wp.com\/www.24baires.com\/wp-content\/uploads\/2014\/06\/Miguel-Bazze.jpg?resize=350%2C200","width":350,"height":200,"srcset":"https:\/\/i0.wp.com\/www.24baires.com\/wp-content\/uploads\/2014\/06\/Miguel-Bazze.jpg?resize=350%2C200 1x, https:\/\/i0.wp.com\/www.24baires.com\/wp-content\/uploads\/2014\/06\/Miguel-Bazze.jpg?resize=525%2C300 1.5x"},"classes":[]},{"id":49021,"url":"https:\/\/www.24baires.com\/?p=49021","url_meta":{"origin":6989,"position":1},"title":"Miguel Bazze se suma desde UCR a la lucha por la Gobernaci\u00f3n","author":"Grupo Sierra","date":"30\/06\/2014","format":false,"excerpt":"El Radicalismo lanz\u00f3 oficialmente al diputado nacional como precandidato a gobernador de la provincia de Buenos Aires por el Frente Amplio UNEN. Con la presencia de uno de los principales referentes del radicalismo a nivel nacional, Ricardo Alfons\u00edn, legisladores provinciales, concejales locales y regionales, dirigentes de las distintas secciones platenses,\u2026","rel":"","context":"En \u00abElecciones 2015\u00bb","block_context":{"text":"Elecciones 2015","link":"https:\/\/www.24baires.com\/?cat=74"},"img":{"alt_text":"Miguel Bazze","src":"https:\/\/i0.wp.com\/www.24baires.com\/wp-content\/uploads\/2014\/06\/Miguel-Bazze.jpg?resize=350%2C200","width":350,"height":200,"srcset":"https:\/\/i0.wp.com\/www.24baires.com\/wp-content\/uploads\/2014\/06\/Miguel-Bazze.jpg?resize=350%2C200 1x, https:\/\/i0.wp.com\/www.24baires.com\/wp-content\/uploads\/2014\/06\/Miguel-Bazze.jpg?resize=525%2C300 1.5x"},"classes":[]},{"id":23564,"url":"https:\/\/www.24baires.com\/?p=23564","url_meta":{"origin":6989,"position":2},"title":"Presentan proyecto para extender la jornada escolar en la Provincia","author":"AF","date":"15\/05\/2013","format":false,"excerpt":"El diputado nacional Miguel Bazze (UCR Buenos Aires) present\u00f3 un proyecto en el Congreso para que el Estado Nacional cumpla con la Jornada de Educaci\u00f3n Extendida en todo el pa\u00eds que beneficiar\u00eda a millones de chicos. Seg\u00fan el art\u00edculo primero de la propuesta de Bazze, quien integra la Comisi\u00f3n de\u2026","rel":"","context":"En \u00abProvincia\u00bb","block_context":{"text":"Provincia","link":"https:\/\/www.24baires.com\/?cat=40"},"img":{"alt_text":"","src":"","width":0,"height":0},"classes":[]},{"id":48645,"url":"https:\/\/www.24baires.com\/?p=48645","url_meta":{"origin":6989,"position":3},"title":"Contin\u00faa la pol\u00e9mica por el traslado del monumento de Col\u00f3n","author":"Grupo Sierra","date":"24\/06\/2014","format":false,"excerpt":"Desde el radicalismo se rechaz\u00f3 el proyecto para llevarlo a la Costanera y se lo tild\u00f3 de \"capricho\". El vicepresidente de la Comisi\u00f3n de Presupuesto de la C\u00e1mara de Diputados de la Naci\u00f3n, Miguel Bazze (UCR Buenos Aires), afirm\u00f3 que \u201cel radicalismo rechaz\u00f3 el proyecto que ratifica el convenio entre\u2026","rel":"","context":"En \u00abSociedad\u00bb","block_context":{"text":"Sociedad","link":"https:\/\/www.24baires.com\/?cat=1"},"img":{"alt_text":"monumento colon","src":"https:\/\/i0.wp.com\/www.24baires.com\/wp-content\/uploads\/2014\/01\/monumento-colon.jpg?resize=350%2C200","width":350,"height":200,"srcset":"https:\/\/i0.wp.com\/www.24baires.com\/wp-content\/uploads\/2014\/01\/monumento-colon.jpg?resize=350%2C200 1x, https:\/\/i0.wp.com\/www.24baires.com\/wp-content\/uploads\/2014\/01\/monumento-colon.jpg?resize=525%2C300 1.5x"},"classes":[]},{"id":15896,"url":"https:\/\/www.24baires.com\/?p=15896","url_meta":{"origin":6989,"position":4},"title":"Para Bazze la intervenci\u00f3n al Indec \u00abafect\u00f3 la econom\u00eda del pa\u00eds\u00bb","author":"Grupo Sierra","date":"17\/02\/2013","format":false,"excerpt":"El diputado nacional de la UCR, Miguel Bazze, particip\u00f3 junto a los ex trabajadores del Instituto Nacional de Estad\u00edsticas y Censos (Indec) de un abrazo simb\u00f3lico a la sede del organismo. Dijo que junto con otras medidas, esta injerencia del Gobierno \"gener\u00f3 un clima de incertidumbre por el cual la\u2026","rel":"","context":"En \u00abEconom\u00eda\u00bb","block_context":{"text":"Econom\u00eda","link":"https:\/\/www.24baires.com\/?cat=45"},"img":{"alt_text":"indec","src":"https:\/\/i0.wp.com\/www.24baires.com\/wp-content\/uploads\/2013\/02\/indec-300x225.jpg?resize=350%2C200","width":350,"height":200},"classes":[]},{"id":113968,"url":"https:\/\/www.24baires.com\/?p=113968","url_meta":{"origin":6989,"position":5},"title":"El Gobierno nacional pospuso hasta marzo la actualizaci\u00f3n del impuesto a los combustibles","author":"GB","date":"30\/01\/2020","format":false,"excerpt":"El Poder Ejecutivo confirm\u00f3 la medida y ahora espera que las petroleras no aumenten sus productores en febrero. Sobre el filo de un nuevo aumento en los combustibles, el Gobierno nacional resolvi\u00f3 posponer hasta marzo la actualizaci\u00f3n del impuesto a las naftas. De esta manera, se estima que las petroleras\u2026","rel":"","context":"En \u00abLocales\u00bb","block_context":{"text":"Locales","link":"https:\/\/www.24baires.com\/?cat=38"},"img":{"alt_text":"","src":"https:\/\/i0.wp.com\/www.24baires.com\/wp-content\/uploads\/2019\/02\/shel-nafta.jpg?resize=350%2C200","width":350,"height":200,"srcset":"https:\/\/i0.wp.com\/www.24baires.com\/wp-content\/uploads\/2019\/02\/shel-nafta.jpg?resize=350%2C200 1x, https:\/\/i0.wp.com\/www.24baires.com\/wp-content\/uploads\/2019\/02\/shel-nafta.jpg?resize=525%2C300 1.5x"},"classes":[]}],"jetpack_sharing_enabled":true,"jetpack_likes_enabled":true,"_links":{"self":[{"href":"https:\/\/www.24baires.com\/index.php?rest_route=\/wp\/v2\/posts\/6989","targetHints":{"allow":["GET"]}}],"collection":[{"href":"https:\/\/www.24baires.com\/index.php?rest_route=\/wp\/v2\/posts"}],"about":[{"href":"https:\/\/www.24baires.com\/index.php?rest_route=\/wp\/v2\/types\/post"}],"author":[{"embeddable":true,"href":"https:\/\/www.24baires.com\/index.php?rest_route=\/wp\/v2\/users\/4"}],"replies":[{"embeddable":true,"href":"https:\/\/www.24baires.com\/index.php?rest_route=%2Fwp%2Fv2%2Fcomments&post=6989"}],"version-history":[{"count":1,"href":"https:\/\/www.24baires.com\/index.php?rest_route=\/wp\/v2\/posts\/6989\/revisions"}],"predecessor-version":[{"id":6990,"href":"https:\/\/www.24baires.com\/index.php?rest_route=\/wp\/v2\/posts\/6989\/revisions\/6990"}],"wp:attachment":[{"href":"https:\/\/www.24baires.com\/index.php?rest_route=%2Fwp%2Fv2%2Fmedia&parent=6989"}],"wp:term":[{"taxonomy":"category","embeddable":true,"href":"https:\/\/www.24baires.com\/index.php?rest_route=%2Fwp%2Fv2%2Fcategories&post=6989"},{"taxonomy":"post_tag","embeddable":true,"href":"https:\/\/www.24baires.com\/index.php?rest_route=%2Fwp%2Fv2%2Ftags&post=6989"}],"curies":[{"name":"wp","href":"https:\/\/api.w.org\/{rel}","templated":true}]}}