{"id":6966,"date":"2012-11-27T11:55:57","date_gmt":"2012-11-27T14:55:57","guid":{"rendered":"http:\/\/www.24baires.com\/?p=6966"},"modified":"2012-11-27T20:38:12","modified_gmt":"2012-11-27T23:38:12","slug":"fuego-amigo-desde-la-sip-tambien-cuestionaron-a-clarin","status":"publish","type":"post","link":"https:\/\/www.24baires.com\/?p=6966","title":{"rendered":"Fuego Amigo: desde la SIP tambi\u00e9n cuestionaron a Clar\u00edn"},"content":{"rendered":"<p><img data-recalc-dims=\"1\" loading=\"lazy\" decoding=\"async\" class=\"aligncenter size-full wp-image-6967\" title=\"paolillo claudio tw\" src=\"https:\/\/i0.wp.com\/www.24baires.com\/wp-content\/uploads\/2012\/11\/paolillo-claudio-tw.jpg?resize=560%2C335\" alt=\"\" width=\"560\" height=\"335\" srcset=\"https:\/\/i0.wp.com\/www.24baires.com\/wp-content\/uploads\/2012\/11\/paolillo-claudio-tw.jpg?w=560&amp;ssl=1 560w, https:\/\/i0.wp.com\/www.24baires.com\/wp-content\/uploads\/2012\/11\/paolillo-claudio-tw.jpg?resize=300%2C179&amp;ssl=1 300w\" sizes=\"auto, (max-width: 560px) 100vw, 560px\" \/><\/p>\n<p>La Comisi\u00f3n de Libertad de Prensa de la Sociedad Interamericana de Prensa (SIP) cuestion\u00f3 hoy la denuncia presentada por el Grupo Clar\u00edn contra periodistas y advirti\u00f3 que se trata de \u00abun ataque a su libertad de expresi\u00f3n\u00bb.<!--more--><br \/>\nA trav\u00e9s de su cuenta personal de la red social Twitter, el titular de la mencionada Comisi\u00f3n, Claudio Paolillo, indic\u00f3: \u00abEs un ataque a su libertad de expresi\u00f3n. `Discrepo con lo que dices pero dar\u00eda mi vida para que puedas hacerlo\u00b4. Clar\u00edn olvid\u00f3 eso\u00bb.<br \/>\nEl pronunciamiento de Paolillo, quien adem\u00e1s es director del semanario uruguayo B\u00fasqueda, lleg\u00f3 luego de la consulta de un usuario que le pregunt\u00f3 mediante un tuit cu\u00e1l era la posici\u00f3n de la SIP ante la demanda penal presentada por el holding medi\u00e1tico contra Roberto Caballero, Sandra Russo y Javier Vicente, entre otros periodistas.<br \/>\nAyer, en un raid por distintos medios, el abogado del Grupo Clar\u00edn, Hugo Wortman Jofr\u00e9, sali\u00f3 a aclarar que los periodistas ser\u00e1n citados a dar testimonio en la causa -que tambi\u00e9n apunta a funcionarios del gobierno nacional- pero no como acusados, aunque en el escrito presentado ante la justicia se ve reflejada la acusaci\u00f3n por \u00abincitaci\u00f3n a la violencia colectiva y coacci\u00f3n agravada\u00bb, dos delitos que contemplan penas de prisi\u00f3n.<\/p>\n<p>&nbsp;<\/p>\n<p>&nbsp;<\/p>\n<p>&nbsp;<\/p>\n<p>&nbsp;<\/p>\n<p>&nbsp;<\/p>\n<p>&nbsp;<\/p>\n<p>&nbsp;<\/p>\n<p>&nbsp;<\/p>\n<p>&nbsp;<\/p>\n<p>&nbsp;<\/p>\n<p>&nbsp;<\/p>\n<p>&nbsp;<\/p>\n<p>&nbsp;<\/p>\n<p>&nbsp;<\/p>\n<p>&nbsp;<\/p>\n","protected":false},"excerpt":{"rendered":"<p>La Comisi\u00f3n de Libertad de Prensa de la Sociedad Interamericana de Prensa (SIP) cuestion\u00f3 hoy la denuncia presentada por el Grupo Clar\u00edn contra periodistas y advirti\u00f3 que se trata de \u00abun ataque a su libertad de expresi\u00f3n\u00bb.<\/p>\n","protected":false},"author":11,"featured_media":0,"comment_status":"open","ping_status":"open","sticky":false,"template":"","format":"standard","meta":{"_jetpack_newsletter_access":"","_jetpack_dont_email_post_to_subs":false,"_jetpack_newsletter_tier_id":0,"_jetpack_memberships_contains_paywalled_content":false,"_jetpack_memberships_contains_paid_content":false,"footnotes":""},"categories":[54],"tags":[],"class_list":["post-6966","post","type-post","status-publish","format-standard","hentry","category-medios"],"jetpack_featured_media_url":"","jetpack_shortlink":"https:\/\/wp.me\/p2JWE0-1Om","jetpack-related-posts":[{"id":31521,"url":"https:\/\/www.24baires.com\/?p=31521","url_meta":{"origin":6966,"position":0},"title":"Ley de Medios: Libertad de Expresi\u00f3n o Libertad de Empresa","author":"Grupo Sierra","date":"08\/09\/2013","format":false,"excerpt":"\"Pocas leyes en Argentina cuentan con una historia de luchas sociales y de movilizaciones durante los \u00faltimos treinta a\u00f1os, como la Ley de Servicios de Comunicaci\u00f3n Audiovisual, m\u00e1s conocida y bautizada por los grupos concentrados de la comunicaci\u00f3n como LEY DE MEDIOS\u201d afirma en una nota Osvaldo Franc\u00e9s, Presidente de\u2026","rel":"","context":"En \u00abMedios\u00bb","block_context":{"text":"Medios","link":"https:\/\/www.24baires.com\/?cat=54"},"img":{"alt_text":"","src":"","width":0,"height":0},"classes":[]},{"id":39551,"url":"https:\/\/www.24baires.com\/?p=39551","url_meta":{"origin":6966,"position":1},"title":"Cristina con fina iron\u00eda desenmascar\u00f3 a los \u00abmedios opositores\u00bb por Twitter","author":"Grupo Sierra","date":"31\/01\/2014","format":false,"excerpt":"La Presidenta sorprendi\u00f3 esta medianoche cuando desde la red social Twitter se comunic\u00f3 para se\u00f1alar omisiones y exageraciones que algunos medios gr\u00e1ficos hacen de su rutina de trabajo y de su salud. Y remat\u00f3 la veintena de tuits con un ir\u00f3nico \"Si me equivoco, que la SIP y FOPEA me\u2026","rel":"","context":"En \u00abPol\u00edtica\u00bb","block_context":{"text":"Pol\u00edtica","link":"https:\/\/www.24baires.com\/?cat=51"},"img":{"alt_text":"Cfk twitter ene 2014","src":"https:\/\/i0.wp.com\/www.24baires.com\/wp-content\/uploads\/2014\/01\/Cfk-twitter-ene-2014.jpg?resize=350%2C200","width":350,"height":200,"srcset":"https:\/\/i0.wp.com\/www.24baires.com\/wp-content\/uploads\/2014\/01\/Cfk-twitter-ene-2014.jpg?resize=350%2C200 1x, https:\/\/i0.wp.com\/www.24baires.com\/wp-content\/uploads\/2014\/01\/Cfk-twitter-ene-2014.jpg?resize=525%2C300 1.5x"},"classes":[]},{"id":46112,"url":"https:\/\/www.24baires.com\/?p=46112","url_meta":{"origin":6966,"position":2},"title":"\u00abNo se trata de suprimir al sector medi\u00e1tico privado, sino fortalecer al p\u00fablico\u00bb, consider\u00f3 Ramonet","author":"GB","date":"16\/05\/2014","format":false,"excerpt":"MAR DEL PLATA-Ramonet denunci\u00f3 que la Sociedad Interamericana de Prensa, \u201cSIP es un sindicato de propietarios de medios\". El analista particip\u00f3 en el Encuentro de Medios P\u00fablicos de Am\u00e9rica Latina 2014 que se celebra en Mar del Plata. \"No se trata de suprimir al sector privado, ni siquiera restringirlo sino\u2026","rel":"","context":"En \u00abMedios\u00bb","block_context":{"text":"Medios","link":"https:\/\/www.24baires.com\/?cat=54"},"img":{"alt_text":"rammonet","src":"https:\/\/i0.wp.com\/www.24baires.com\/wp-content\/uploads\/2014\/05\/rammonet.jpeg?resize=350%2C200","width":350,"height":200,"srcset":"https:\/\/i0.wp.com\/www.24baires.com\/wp-content\/uploads\/2014\/05\/rammonet.jpeg?resize=350%2C200 1x, https:\/\/i0.wp.com\/www.24baires.com\/wp-content\/uploads\/2014\/05\/rammonet.jpeg?resize=525%2C300 1.5x"},"classes":[]},{"id":7079,"url":"https:\/\/www.24baires.com\/?p=7079","url_meta":{"origin":6966,"position":3},"title":"Tras el masivo rechazo, Clar\u00edn retrocedi\u00f3 con las denuncias a periodistas","author":"AF","date":"28\/11\/2012","format":false,"excerpt":"El Grupo Clar\u00edn anunci\u00f3 que finalmente \"desisti\u00f3\" de pedir que la Justicia cite \"incluso como testigos\" a los seis periodistas mencionados en la presentaci\u00f3n judicial que realiz\u00f3 la semana pasada. Fue luego del esc\u00e1ndalo y el fuerte rechazo que provoc\u00f3 la demanda por \"incitaci\u00f3n a la violencia\" y \"coacci\u00f3n agravada\".\u2026","rel":"","context":"En \u00abMedios\u00bb","block_context":{"text":"Medios","link":"https:\/\/www.24baires.com\/?cat=54"},"img":{"alt_text":"","src":"https:\/\/i0.wp.com\/www.24baires.com\/wp-content\/uploads\/2012\/11\/solicitada-clar%C3%ADn.jpg?resize=350%2C200","width":350,"height":200,"srcset":"https:\/\/i0.wp.com\/www.24baires.com\/wp-content\/uploads\/2012\/11\/solicitada-clar%C3%ADn.jpg?resize=350%2C200 1x, https:\/\/i0.wp.com\/www.24baires.com\/wp-content\/uploads\/2012\/11\/solicitada-clar%C3%ADn.jpg?resize=525%2C300 1.5x"},"classes":[]},{"id":23553,"url":"https:\/\/www.24baires.com\/?p=23553","url_meta":{"origin":6966,"position":4},"title":"\u00abMacri escribe y firma lo que le dicta Magnetto\u00bb, afirm\u00f3 Sabbatella","author":"AF","date":"14\/05\/2013","format":false,"excerpt":"El presidente de la Autoridad Federal de Servicios de Comunicaci\u00f3n Audiovisual manifest\u00f3 que el \"decreto de Macri no es a favor de la libertad de prensa sino a favor de Clar\u00edn\" porque \"le quiere crear un cerco de impunidad a la corporaci\u00f3n medi\u00e1tica\u201d. Luego de la conferencia de prensa en\u2026","rel":"","context":"En \u00abMedios\u00bb","block_context":{"text":"Medios","link":"https:\/\/www.24baires.com\/?cat=54"},"img":{"alt_text":"","src":"","width":0,"height":0},"classes":[]},{"id":60011,"url":"https:\/\/www.24baires.com\/?p=60011","url_meta":{"origin":6966,"position":5},"title":"\u00abClar\u00edn da verg\u00fcenza; el domingo fui a la marcha\u00bb","author":"GB","date":"13\/01\/2015","format":false,"excerpt":"El Canciller, H\u00e9ctor Timeman, ofreci\u00f3 una conferencia de prensa en la que ley\u00f3 un comunicado en el que desmiente lo publicado por el diario respecto a su participaci\u00f3n en la Marcha Republicana el domingo pasado en Par\u00eds. El canciller H\u00e9ctor Timerman desminti\u00f3 hoy al diario Clar\u00edn, que en su nota\u2026","rel":"","context":"En \u00abPol\u00edtica\u00bb","block_context":{"text":"Pol\u00edtica","link":"https:\/\/www.24baires.com\/?cat=51"},"img":{"alt_text":"timerman","src":"https:\/\/i0.wp.com\/www.24baires.com\/wp-content\/uploads\/2014\/08\/timerman.jpg?resize=350%2C200","width":350,"height":200,"srcset":"https:\/\/i0.wp.com\/www.24baires.com\/wp-content\/uploads\/2014\/08\/timerman.jpg?resize=350%2C200 1x, https:\/\/i0.wp.com\/www.24baires.com\/wp-content\/uploads\/2014\/08\/timerman.jpg?resize=525%2C300 1.5x"},"classes":[]}],"jetpack_sharing_enabled":true,"jetpack_likes_enabled":true,"_links":{"self":[{"href":"https:\/\/www.24baires.com\/index.php?rest_route=\/wp\/v2\/posts\/6966","targetHints":{"allow":["GET"]}}],"collection":[{"href":"https:\/\/www.24baires.com\/index.php?rest_route=\/wp\/v2\/posts"}],"about":[{"href":"https:\/\/www.24baires.com\/index.php?rest_route=\/wp\/v2\/types\/post"}],"author":[{"embeddable":true,"href":"https:\/\/www.24baires.com\/index.php?rest_route=\/wp\/v2\/users\/11"}],"replies":[{"embeddable":true,"href":"https:\/\/www.24baires.com\/index.php?rest_route=%2Fwp%2Fv2%2Fcomments&post=6966"}],"version-history":[{"count":2,"href":"https:\/\/www.24baires.com\/index.php?rest_route=\/wp\/v2\/posts\/6966\/revisions"}],"predecessor-version":[{"id":7025,"href":"https:\/\/www.24baires.com\/index.php?rest_route=\/wp\/v2\/posts\/6966\/revisions\/7025"}],"wp:attachment":[{"href":"https:\/\/www.24baires.com\/index.php?rest_route=%2Fwp%2Fv2%2Fmedia&parent=6966"}],"wp:term":[{"taxonomy":"category","embeddable":true,"href":"https:\/\/www.24baires.com\/index.php?rest_route=%2Fwp%2Fv2%2Fcategories&post=6966"},{"taxonomy":"post_tag","embeddable":true,"href":"https:\/\/www.24baires.com\/index.php?rest_route=%2Fwp%2Fv2%2Ftags&post=6966"}],"curies":[{"name":"wp","href":"https:\/\/api.w.org\/{rel}","templated":true}]}}