{"id":6962,"date":"2012-11-27T12:50:08","date_gmt":"2012-11-27T15:50:08","guid":{"rendered":"http:\/\/www.24baires.com\/?p=6962"},"modified":"2012-11-27T08:09:21","modified_gmt":"2012-11-27T11:09:21","slug":"calo-encabezara-acto-de-desagravio-a-augusto-timoteo-vandor","status":"publish","type":"post","link":"https:\/\/www.24baires.com\/?p=6962","title":{"rendered":"Cal\u00f3 encabezar\u00e1 acto de desagravio a Augusto Timoteo Vandor"},"content":{"rendered":"<p><img data-recalc-dims=\"1\" loading=\"lazy\" decoding=\"async\" class=\"alignleft size-medium wp-image-6963\" title=\"Cal\u00f3\" src=\"https:\/\/i0.wp.com\/www.24baires.com\/wp-content\/uploads\/2012\/11\/Cal%C3%B3.jpg?resize=300%2C229\" alt=\"\" width=\"300\" height=\"229\" srcset=\"https:\/\/i0.wp.com\/www.24baires.com\/wp-content\/uploads\/2012\/11\/Cal%C3%B3.jpg?resize=300%2C229&amp;ssl=1 300w, https:\/\/i0.wp.com\/www.24baires.com\/wp-content\/uploads\/2012\/11\/Cal%C3%B3.jpg?w=330&amp;ssl=1 330w\" sizes=\"auto, (max-width: 300px) 100vw, 300px\" \/>Lo llevar\u00e1 a cabo este martes la CGT oficialista, tras las acusaciones del senador kirchnerista An\u00edbal Fern\u00e1ndez contra Hugo Moyano el d\u00eda del paro nacional.<!--more--><br \/>\nLa Uni\u00f3n Obrera Metal\u00fargica (UOM), encabezada por el l\u00edder de la CGT oficialista, Antonio Cal\u00f3, realizar\u00e1 este martes un \u00abacto de desagravio\u00bb a la figura de sindicalista Augusto Timoteo Vandor luego de las cr\u00edticas realizadas por el senador kirchnerista An\u00edbal Fern\u00e1ndez.<\/p>\n<p>El acto se realizar\u00e1 a las 13 en el mausoleo donde descansan los restos de ex l\u00edder metal\u00fargico, en el cementerio de la Chacarita, confirm\u00f3 el secretario adjunto de la UOM, Juan Bel\u00e9n.<\/p>\n<p>\u00abSer\u00e1 un acto de desagravio como consecuencia de declaraciones mal hechas. No puede venir cualquiera, por m\u00e1s senador que sea, a hacer este tipo de manifestaciones en contra de la verdad&#8230; \u00a1Vandor era aliado y soldado del general Per\u00f3n!\u00bb, indic\u00f3 Bel\u00e9n.<\/p>\n<p>La controversia estall\u00f3 luego del paro nacional del martes pasado, cuando el senador Fern\u00e1ndez acus\u00f3 de \u00abtraidor\u00bb al secretario general de la CGT opositora, Hugo Moyano, y lo vincul\u00f3 con Vandor, l\u00edder de la UOM asesinado a balazos en 1969, acusado de querer pactar con el gobierno de facto un \u00abPeronismo sin Per\u00f3n\u00bb.<\/p>\n<p>\u00abNo vamos a cambiar porque el traidor de Augusto Timoteo Moyano haga un paro\u00bb, hab\u00eda se\u00f1alado Fern\u00e1ndez en alusi\u00f3n a la primera huelga general impulsada por la CGT y la CTA opositoras contra el Gobierno de la presidenta Cristina Kirchner.<\/p>\n<p>Pero las declaraciones no s\u00f3lo avivaron la pol\u00e9mica con Moyano y dirigentes del peronismo disidente, sino que generaron fuerte malestar en la UOM, aliada a la Casa Rosada, que difundi\u00f3 una solicitada de repudio en la que calific\u00f3 de \u00absaltimbanqui trasnochado\u00bb al senador.<\/p>\n<p>El acto de desagravio en Chacarita suma ahora tensi\u00f3n en la relaci\u00f3n de Cal\u00f3 con la Casa Rosada, en medio de las negociaciones por la suba del m\u00ednimo no imponible del impuesto a las ganancias, los reintegros de fondos a las obras sociales sindicales y cambios en el r\u00e9gimen de asignaciones familiares.<\/p>\n<p>Por su parte, Moyano resalt\u00f3 que \u00abVandor fue un l\u00edder sindical que asesinaron\u00bb, y no descart\u00f3 denunciar al senador Fern\u00e1ndez por el delito de amenazas.<\/p>\n","protected":false},"excerpt":{"rendered":"<p>Lo llevar\u00e1 a cabo este martes la CGT oficialista, tras las acusaciones del senador kirchnerista An\u00edbal Fern\u00e1ndez contra Hugo Moyano el d\u00eda del paro nacional.<\/p>\n","protected":false},"author":4,"featured_media":0,"comment_status":"open","ping_status":"open","sticky":false,"template":"","format":"standard","meta":{"_jetpack_newsletter_access":"","_jetpack_dont_email_post_to_subs":false,"_jetpack_newsletter_tier_id":0,"_jetpack_memberships_contains_paywalled_content":false,"_jetpack_memberships_contains_paid_content":false,"footnotes":""},"categories":[1],"tags":[],"class_list":["post-6962","post","type-post","status-publish","format-standard","hentry","category-sociedad"],"jetpack_featured_media_url":"","jetpack_shortlink":"https:\/\/wp.me\/p2JWE0-1Oi","jetpack-related-posts":[{"id":58622,"url":"https:\/\/www.24baires.com\/?p=58622","url_meta":{"origin":6962,"position":0},"title":"Dom\u00ednguez se suma oficialmente a \u00ablos presidenciables\u00bb del FPV","author":"Grupo Sierra","date":"14\/12\/2014","format":false,"excerpt":"El titular de la C\u00e1mara de Diputados de la Naci\u00f3n encabez\u00f3 un acto en Z\u00e1rate, junto a representantes de la UOM. \"Quiero ser parte de la conducci\u00f3n del futuro de la Argentina\", blanque\u00f3. l presidente de la C\u00e1mara de Diputados de la Naci\u00f3n y presidenciable del FpV, Juli\u00e1n Dom\u00ednguez, asegur\u00f3\u2026","rel":"","context":"En \u00abElecciones 2015\u00bb","block_context":{"text":"Elecciones 2015","link":"https:\/\/www.24baires.com\/?cat=74"},"img":{"alt_text":"dominguez julian","src":"https:\/\/i0.wp.com\/www.24baires.com\/wp-content\/uploads\/2012\/09\/dominguez-julian.jpg?resize=350%2C200","width":350,"height":200,"srcset":"https:\/\/i0.wp.com\/www.24baires.com\/wp-content\/uploads\/2012\/09\/dominguez-julian.jpg?resize=350%2C200 1x, https:\/\/i0.wp.com\/www.24baires.com\/wp-content\/uploads\/2012\/09\/dominguez-julian.jpg?resize=525%2C300 1.5x"},"classes":[]},{"id":10218,"url":"https:\/\/www.24baires.com\/?p=10218","url_meta":{"origin":6962,"position":1},"title":"La UOM asegura que \u00abnunca habl\u00f3\u00bb con Moyano","author":"Grupo Sierra","date":"23\/12\/2012","format":false,"excerpt":"La Uni\u00f3n Obrera Metal\u00fargica (UOM) desminti\u00f3 hoy las versiones period\u00edsticas sobre un supuesto di\u00e1logo entre su secretario general y titular de la CGT, Antonio Cal\u00f3, y el l\u00edder camionero Hugo Moyano respecto de los \"lamentabes sucesos de la semana pasada\". Lo hizo a trav\u00e9s del secretario de prensa de la\u2026","rel":"","context":"En \u00abPol\u00edtica\u00bb","block_context":{"text":"Pol\u00edtica","link":"https:\/\/www.24baires.com\/?cat=51"},"img":{"alt_text":"","src":"","width":0,"height":0},"classes":[]},{"id":45780,"url":"https:\/\/www.24baires.com\/?p=45780","url_meta":{"origin":6962,"position":2},"title":"Cal\u00f3 anunci\u00f3 un paro por salarios este martes","author":"AF","date":"12\/05\/2014","format":false,"excerpt":"El secretario general de la Uni\u00f3n Obrera Metal\u00fargica (UOM), Antonio Cal\u00f3, que lidera la CGT oficialista, anunci\u00f3 un paro de 24 horas para este martes en reclamo de que las empresas sider\u00fargicas \"negocien los salarios conforme al acuerdo nacional\", seg\u00fan inform\u00f3 a trav\u00e9s de una solicitada publicada en algunos diarios.\u2026","rel":"","context":"En \u00abSociedad\u00bb","block_context":{"text":"Sociedad","link":"https:\/\/www.24baires.com\/?cat=1"},"img":{"alt_text":"cal\u00f32","src":"https:\/\/i0.wp.com\/www.24baires.com\/wp-content\/uploads\/2013\/01\/cal%C3%B32-267x300.jpg?resize=350%2C200","width":350,"height":200},"classes":[]},{"id":50113,"url":"https:\/\/www.24baires.com\/?p=50113","url_meta":{"origin":6962,"position":3},"title":"Capitanich se reunir\u00e1 el lunes con la CGT de Cal\u00f3","author":"AF","date":"18\/07\/2014","format":false,"excerpt":"El jefe de Gabinete mantendr\u00e1 un encuentro con el metal\u00fargico y el resto de los dirigentes de la direcci\u00f3n de la central. El tambi\u00e9n l\u00edder de la UOM ya adelant\u00f3 que pedir\u00e1 una modificaci\u00f3n en el impuesto a las Ganancias. \"Anoche tuve una comunicaci\u00f3n con Cal\u00f3 y hemos tomado una\u2026","rel":"","context":"En \u00abPol\u00edtica\u00bb","block_context":{"text":"Pol\u00edtica","link":"https:\/\/www.24baires.com\/?cat=51"},"img":{"alt_text":"cal\u00f3 capitanich","src":"https:\/\/i0.wp.com\/www.24baires.com\/wp-content\/uploads\/2014\/07\/cal%C3%B3-capitanich.jpg?resize=350%2C200","width":350,"height":200,"srcset":"https:\/\/i0.wp.com\/www.24baires.com\/wp-content\/uploads\/2014\/07\/cal%C3%B3-capitanich.jpg?resize=350%2C200 1x, https:\/\/i0.wp.com\/www.24baires.com\/wp-content\/uploads\/2014\/07\/cal%C3%B3-capitanich.jpg?resize=525%2C300 1.5x"},"classes":[]},{"id":43133,"url":"https:\/\/www.24baires.com\/?p=43133","url_meta":{"origin":6962,"position":4},"title":"Cal\u00f3 atac\u00f3 a los gremios que paran y dijo que es \u00abuna medida solamente pol\u00edtica\u00bb","author":"Grupo Sierra","date":"01\/04\/2014","format":false,"excerpt":"El l\u00edder de la CGT y de la UOM, Antonio Cal\u00f3, consider\u00f3 hoy que \"es pol\u00edtico\" el paro general convocado para el 10 de abril por las centrales obreras de Hugo Moyano y Luis Barrionuevo, plante\u00f3 que \"los gremios tienen que defender sus salarios en la paritaria\", y llam\u00f3 a\u2026","rel":"","context":"En \u00abPol\u00edtica\u00bb","block_context":{"text":"Pol\u00edtica","link":"https:\/\/www.24baires.com\/?cat=51"},"img":{"alt_text":"cal\u00f32","src":"https:\/\/i0.wp.com\/www.24baires.com\/wp-content\/uploads\/2013\/01\/cal%C3%B32-267x300.jpg?resize=350%2C200","width":350,"height":200},"classes":[]},{"id":58261,"url":"https:\/\/www.24baires.com\/?p=58261","url_meta":{"origin":6962,"position":5},"title":"\u00abLos que dicen que la inflaci\u00f3n es del 40% son irresponsables\u00bb, asegur\u00f3 Cal\u00f3","author":"GB","date":"07\/12\/2014","format":false,"excerpt":"El secretario general de la Confederaci\u00f3n General del Trabajo desestim\u00f3 en forma tajante el \u00cdndice de Precios al Consumidor que difunden diputados de la oposici\u00f3n con ese porcentaje. El secretario general de la Confederaci\u00f3n General del Trabajo (CGT), Antonio Cal\u00f3, consider\u00f3 esta ma\u00f1ana que \u201clos que dicen que la inflaci\u00f3n\u2026","rel":"","context":"En \u00abPol\u00edtica\u00bb","block_context":{"text":"Pol\u00edtica","link":"https:\/\/www.24baires.com\/?cat=51"},"img":{"alt_text":"cal\u00f3","src":"https:\/\/i0.wp.com\/www.24baires.com\/wp-content\/uploads\/2012\/10\/cal%C3%B3.jpg?resize=350%2C200","width":350,"height":200},"classes":[]}],"jetpack_sharing_enabled":true,"jetpack_likes_enabled":true,"_links":{"self":[{"href":"https:\/\/www.24baires.com\/index.php?rest_route=\/wp\/v2\/posts\/6962","targetHints":{"allow":["GET"]}}],"collection":[{"href":"https:\/\/www.24baires.com\/index.php?rest_route=\/wp\/v2\/posts"}],"about":[{"href":"https:\/\/www.24baires.com\/index.php?rest_route=\/wp\/v2\/types\/post"}],"author":[{"embeddable":true,"href":"https:\/\/www.24baires.com\/index.php?rest_route=\/wp\/v2\/users\/4"}],"replies":[{"embeddable":true,"href":"https:\/\/www.24baires.com\/index.php?rest_route=%2Fwp%2Fv2%2Fcomments&post=6962"}],"version-history":[{"count":2,"href":"https:\/\/www.24baires.com\/index.php?rest_route=\/wp\/v2\/posts\/6962\/revisions"}],"predecessor-version":[{"id":6965,"href":"https:\/\/www.24baires.com\/index.php?rest_route=\/wp\/v2\/posts\/6962\/revisions\/6965"}],"wp:attachment":[{"href":"https:\/\/www.24baires.com\/index.php?rest_route=%2Fwp%2Fv2%2Fmedia&parent=6962"}],"wp:term":[{"taxonomy":"category","embeddable":true,"href":"https:\/\/www.24baires.com\/index.php?rest_route=%2Fwp%2Fv2%2Fcategories&post=6962"},{"taxonomy":"post_tag","embeddable":true,"href":"https:\/\/www.24baires.com\/index.php?rest_route=%2Fwp%2Fv2%2Ftags&post=6962"}],"curies":[{"name":"wp","href":"https:\/\/api.w.org\/{rel}","templated":true}]}}