{"id":6952,"date":"2012-11-27T12:20:10","date_gmt":"2012-11-27T15:20:10","guid":{"rendered":"http:\/\/www.24baires.com\/?p=6952"},"modified":"2012-11-27T08:01:38","modified_gmt":"2012-11-27T11:01:38","slug":"pararan-los-medicos-reclamando-presencia-policial-en-hospitales","status":"publish","type":"post","link":"https:\/\/www.24baires.com\/?p=6952","title":{"rendered":"Parar\u00e1n los m\u00e9dicos reclamando presencia policial en hospitales"},"content":{"rendered":"<p>Tras los hechos de violencia que se registraron en las \u00faltimas horas en el Hospital Fiorito de Avellaneda, los m\u00e9dicos nucleados en la Cicop realizar\u00e1n este mi\u00e9rcoles un paro de actividades de dos horas, mientras que el Sindicato de Salud P\u00fablica exigi\u00f3 al gobierno bonaerense la presencia policial en las guardias.<!--more--><\/p>\n<p>\u201cPedimos la presencia policial efectiva en hospitales, a trav\u00e9s de la incorporaci\u00f3n de personal uniformado para este fin, y que \u00e9ste no sea adicional\u201d, reclam\u00f3 el titular del gremio de Salud, Miguel Zubieta.<\/p>\n<p>En el nosocomio de Avellaneda hubo insultos, agresiones f\u00edsicas y hasta amenazas con un arma de fuego al equipo m\u00e9dico de guardia.<\/p>\n<p>Zubieta se\u00f1al\u00f3 que \u201cno somos ajenos a las problem\u00e1ticas que est\u00e1 viviendo el pa\u00eds, con casos de ebriedad, de drogadicci\u00f3n, los problemas econ\u00f3micos, la situaci\u00f3n social donde a veces est\u00e1n ubicados los hospitales, y la violencia que se vive d\u00eda a d\u00eda en las calles; con todo esto la gente llega mal predispuesta y, cuando a veces se tarda en atender al paciente, se terminan generando estos problemas en los nosocomios\u201d.<\/p>\n<p>El dirigente consider\u00f3 que \u201cno es la soluci\u00f3n cerrar el hospital, eso est\u00e1 claro, pero s\u00ed trabajar a conciencia\u201d, y record\u00f3 que \u201ccuando estuvimos reunidos con el gobernador Daniel Scioli para hablar del aguinaldo, le pedimos que incorpore a las mesas t\u00e9cnicas al ministerio de Justicia y Seguridad; si bien hubo un compromiso para que ello ocurra, por el momento nos encontramos en la dulce espera\u201d.<\/p>\n<p>El caso ocurrido el domingo en el Fiorito es uno m\u00e1s de una larga lista que incluye en el pasado reciente los casos de violencia en el hospital Mariano y Luciano de la Vega, de Moreno; en el Evita, de Lan\u00fas; en el Alejandro Posadas, de Saladillo, y en el Gandulfo, de Lomas de Zamora, entre otros.<\/p>\n<p>En ese contexto, los m\u00e9dicos enrolados en la Cicop expresaron \u201cuna gran preocupaci\u00f3n por lo sucedido\u201d y se declararon en \u201cestado de alerta\u201d.<\/p>\n<p>\u201cEste no es un hecho aislado. Los Hospitales de M. Romero, Moreno y Evita de Lan\u00fas, hace pocas semanas tuvieron hechos graves de dominio p\u00fablico, similares a los que se vienen denunciando de manera cotidiana en el Hospital Posadas y en gran parte de los establecimientos de Salud de la Provincia\u201d, dijeron.<\/p>\n<p>\u201cNos indigna que el ministro de Salud minimice los hechos y hasta niegue la realidad\u201d, dijo la Cicop, que dispuso un paro de actividades para el pr\u00f3ximo mi\u00e9rcoles entre las 10 y las 12 en rechazo a la violencia.<\/p>\n","protected":false},"excerpt":{"rendered":"<p>Tras los hechos de violencia que se registraron en las \u00faltimas horas en el Hospital Fiorito de Avellaneda, los m\u00e9dicos nucleados en la Cicop realizar\u00e1n este mi\u00e9rcoles un paro de actividades de dos horas, mientras que el Sindicato de Salud P\u00fablica exigi\u00f3 al gobierno bonaerense la presencia policial en las guardias.<\/p>\n","protected":false},"author":4,"featured_media":0,"comment_status":"open","ping_status":"open","sticky":false,"template":"","format":"standard","meta":{"_jetpack_newsletter_access":"","_jetpack_dont_email_post_to_subs":false,"_jetpack_newsletter_tier_id":0,"_jetpack_memberships_contains_paywalled_content":false,"_jetpack_memberships_contains_paid_content":false,"footnotes":""},"categories":[1],"tags":[],"class_list":["post-6952","post","type-post","status-publish","format-standard","hentry","category-sociedad"],"jetpack_featured_media_url":"","jetpack_shortlink":"https:\/\/wp.me\/p2JWE0-1O8","jetpack-related-posts":[{"id":56337,"url":"https:\/\/www.24baires.com\/?p=56337","url_meta":{"origin":6952,"position":0},"title":"Contin\u00faa el paro de Cicop luego de que una m\u00e9dica de Avellaneda fuera agredida","author":"AF","date":"31\/10\/2014","format":false,"excerpt":"Los m\u00e9dicos bonaerenses nucleados en la CICOP realizar\u00e1n este viernes un paro de actividades en repudio de la agresi\u00f3n sufrida hace pocas horas por una profesional en un hospital de Avellaneda. La CICOP denunci\u00f3 que en la madrugada del jueves se produjo una \"nueva agresi\u00f3n\" a una m\u00e9dica residente de\u2026","rel":"","context":"En \u00abSociedad\u00bb","block_context":{"text":"Sociedad","link":"https:\/\/www.24baires.com\/?cat=1"},"img":{"alt_text":"paro cicop","src":"https:\/\/i0.wp.com\/www.24baires.com\/wp-content\/uploads\/2013\/02\/paro-cicop.jpg?resize=350%2C200","width":350,"height":200,"srcset":"https:\/\/i0.wp.com\/www.24baires.com\/wp-content\/uploads\/2013\/02\/paro-cicop.jpg?resize=350%2C200 1x, https:\/\/i0.wp.com\/www.24baires.com\/wp-content\/uploads\/2013\/02\/paro-cicop.jpg?resize=525%2C300 1.5x"},"classes":[]},{"id":56317,"url":"https:\/\/www.24baires.com\/?p=56317","url_meta":{"origin":6952,"position":1},"title":"Avellaneda: golpearon a una m\u00e9dica en el hospital y realizan paro","author":"Grupo Sierra","date":"30\/10\/2014","format":false,"excerpt":"El violento hecho ocurri\u00f3 en el Hospital Interzonal Presidente Per\u00f3n de ese partido. Har\u00e1n un cese de actividades en reclamo de mayor seguridad. La m\u00e9dica, residente de Traumatolog\u00eda en el hospital de Avellaneda, fue abatida con golpes de pu\u00f1o por parte de la madre de un paciente. Fue durante la\u2026","rel":"","context":"En \u00abLocales\u00bb","block_context":{"text":"Locales","link":"https:\/\/www.24baires.com\/?cat=38"},"img":{"alt_text":"hospital","src":"https:\/\/i0.wp.com\/www.24baires.com\/wp-content\/uploads\/2014\/01\/hospital1-300x226.jpg?resize=350%2C200","width":350,"height":200},"classes":[]},{"id":6087,"url":"https:\/\/www.24baires.com\/?p=6087","url_meta":{"origin":6952,"position":2},"title":"Sindicato de salud capacita personal y critica el Presupuesto 2013","author":"AF","date":"20\/11\/2012","format":false,"excerpt":"Con la iniciativa del Sindicato de Salud P\u00fablica de la Provincia, este martes se desarrollar\u00e1 en Mar del Plata la Primera Jornada de Control de Infecciones Hospitalarias. Contar\u00e1 con la disertaci\u00f3n de la m\u00e9dica infect\u00f3loga del Hospital San Mart\u00edn de La Plata, Cecilia Camerano, y del secretario general del SSP,\u2026","rel":"","context":"En \u00abSociedad\u00bb","block_context":{"text":"Sociedad","link":"https:\/\/www.24baires.com\/?cat=1"},"img":{"alt_text":"","src":"","width":0,"height":0},"classes":[]},{"id":41001,"url":"https:\/\/www.24baires.com\/?p=41001","url_meta":{"origin":6952,"position":3},"title":"Paro total de enfermeros y trabajadores de la salud p\u00fablica bonaerense","author":"GB","date":"24\/02\/2014","format":false,"excerpt":"El Sindicato de Salud P\u00fablica (SSP) realiza hoy un paro total de las actividades en los hospitales de la Provincia. Es en reclamo por el incumplimiento del decreto de insalubridad, por la no convocatoria a la paritaria salarial y por la situaci\u00f3n de inseguridad y peligro que se vive en\u2026","rel":"","context":"En \u00abProvincia\u00bb","block_context":{"text":"Provincia","link":"https:\/\/www.24baires.com\/?cat=40"},"img":{"alt_text":"","src":"","width":0,"height":0},"classes":[]},{"id":101920,"url":"https:\/\/www.24baires.com\/?p=101920","url_meta":{"origin":6952,"position":4},"title":"M\u00e9dicos bonaerenses comienzan el paro provincial con movilizaciones regionales","author":"GB","date":"03\/05\/2018","format":false,"excerpt":"Trabajadores nucleados en Cicop realizan una huelga por 24 horas en todo el territorio bonaerense en reclamo de paritarias salariales. La semana pr\u00f3xima realizar\u00e1n otra medida fuerza. M\u00e9dicos y profesionales de la salud bonaerenses realizan un paro en todos los hospitales p\u00fablicos provinciales en reclamo de la realizaci\u00f3n de paritarias\u2026","rel":"","context":"En \u00abProvincia\u00bb","block_context":{"text":"Provincia","link":"https:\/\/www.24baires.com\/?cat=40"},"img":{"alt_text":"","src":"https:\/\/i0.wp.com\/www.24baires.com\/wp-content\/uploads\/2014\/02\/Paro-Cicop.jpg?resize=350%2C200","width":350,"height":200,"srcset":"https:\/\/i0.wp.com\/www.24baires.com\/wp-content\/uploads\/2014\/02\/Paro-Cicop.jpg?resize=350%2C200 1x, https:\/\/i0.wp.com\/www.24baires.com\/wp-content\/uploads\/2014\/02\/Paro-Cicop.jpg?resize=525%2C300 1.5x"},"classes":[]},{"id":6700,"url":"https:\/\/www.24baires.com\/?p=6700","url_meta":{"origin":6952,"position":5},"title":"Hospital Fiorito: familiares de un accidentado fallecido agreden a la guardia m\u00e9dica","author":"Grupo Sierra","date":"25\/11\/2012","format":false,"excerpt":"Un motociclista muri\u00f3 hoy tras un choque con un auto en la localidad bonaerense de Dock Sud, y familiares de la v\u00edctima ocasionaron incidentes en el Hospital Fiorito al querer agredir al conductor del veh\u00edculo, que qued\u00f3 internado, informaron fuentes policiales. El accidente ocurri\u00f3 esta madrugada, alrededor de las 6,\u2026","rel":"","context":"En \u00abPoliciales\u00bb","block_context":{"text":"Policiales","link":"https:\/\/www.24baires.com\/?cat=49"},"img":{"alt_text":"","src":"https:\/\/i0.wp.com\/www.24baires.com\/wp-content\/uploads\/2012\/11\/Hospital_Pedro_Fiorito_Avellaneda-300x225.jpg?resize=350%2C200","width":350,"height":200},"classes":[]}],"jetpack_sharing_enabled":true,"jetpack_likes_enabled":true,"_links":{"self":[{"href":"https:\/\/www.24baires.com\/index.php?rest_route=\/wp\/v2\/posts\/6952","targetHints":{"allow":["GET"]}}],"collection":[{"href":"https:\/\/www.24baires.com\/index.php?rest_route=\/wp\/v2\/posts"}],"about":[{"href":"https:\/\/www.24baires.com\/index.php?rest_route=\/wp\/v2\/types\/post"}],"author":[{"embeddable":true,"href":"https:\/\/www.24baires.com\/index.php?rest_route=\/wp\/v2\/users\/4"}],"replies":[{"embeddable":true,"href":"https:\/\/www.24baires.com\/index.php?rest_route=%2Fwp%2Fv2%2Fcomments&post=6952"}],"version-history":[{"count":3,"href":"https:\/\/www.24baires.com\/index.php?rest_route=\/wp\/v2\/posts\/6952\/revisions"}],"predecessor-version":[{"id":6961,"href":"https:\/\/www.24baires.com\/index.php?rest_route=\/wp\/v2\/posts\/6952\/revisions\/6961"}],"wp:attachment":[{"href":"https:\/\/www.24baires.com\/index.php?rest_route=%2Fwp%2Fv2%2Fmedia&parent=6952"}],"wp:term":[{"taxonomy":"category","embeddable":true,"href":"https:\/\/www.24baires.com\/index.php?rest_route=%2Fwp%2Fv2%2Fcategories&post=6952"},{"taxonomy":"post_tag","embeddable":true,"href":"https:\/\/www.24baires.com\/index.php?rest_route=%2Fwp%2Fv2%2Ftags&post=6952"}],"curies":[{"name":"wp","href":"https:\/\/api.w.org\/{rel}","templated":true}]}}