{"id":6946,"date":"2012-11-27T09:30:45","date_gmt":"2012-11-27T12:30:45","guid":{"rendered":"http:\/\/www.24baires.com\/?p=6946"},"modified":"2012-11-27T07:18:50","modified_gmt":"2012-11-27T10:18:50","slug":"la-ruta-3-estara-cerrada-al-transito-por-50-dias-a-la-altura-de-canuelas","status":"publish","type":"post","link":"https:\/\/www.24baires.com\/?p=6946","title":{"rendered":"La ruta 3 estar\u00e1 cerrada al tr\u00e1nsito por 50 d\u00edas a la altura de Ca\u00f1uelas"},"content":{"rendered":"<p>Por un plazo de 50 d\u00edas permanecer\u00e1 cerrado el tr\u00e1nsito en el paso nivel ubicado en el kil\u00f3metro 64 de la Ruta Nacional 3, a la altura de la localidad bonaerense de Ca\u00f1uelas.<!--more--><\/p>\n<p>As\u00ed lo inform\u00f3 la Direcci\u00f3n Nacional de Vialidad, que recomend\u00f3 a los conductores circular por la Ruta Provincial 6 como enlace entre las rutas nacionales 3 y 205 como as\u00ed tambi\u00e9n de la Autopista Ezeiza-Ca\u00f1uelas.<\/p>\n<p>La DNV record\u00f3 a los conductores prestar atenci\u00f3n a la se\u00f1alizaci\u00f3n color naranja, el uso obligatorio del cintur\u00f3n de seguridad, de las luces bajas encendidas, tener el seguro obligatorio y la VTV al d\u00eda.<\/p>\n","protected":false},"excerpt":{"rendered":"<p>Por un plazo de 50 d\u00edas permanecer\u00e1 cerrado el tr\u00e1nsito en el paso nivel ubicado en el kil\u00f3metro 64 de la Ruta Nacional 3, a la altura de la localidad bonaerense de Ca\u00f1uelas.<\/p>\n","protected":false},"author":4,"featured_media":0,"comment_status":"open","ping_status":"open","sticky":false,"template":"","format":"standard","meta":{"_jetpack_newsletter_access":"","_jetpack_dont_email_post_to_subs":false,"_jetpack_newsletter_tier_id":0,"_jetpack_memberships_contains_paywalled_content":false,"_jetpack_memberships_contains_paid_content":false,"footnotes":""},"categories":[38],"tags":[],"class_list":["post-6946","post","type-post","status-publish","format-standard","hentry","category-locales"],"jetpack_featured_media_url":"","jetpack_shortlink":"https:\/\/wp.me\/p2JWE0-1O2","jetpack-related-posts":[{"id":92980,"url":"https:\/\/www.24baires.com\/?p=92980","url_meta":{"origin":6946,"position":0},"title":"Olavarr\u00eda: todo listo para el recital anual del Indio Solari","author":"AF","date":"11\/03\/2017","format":false,"excerpt":"Carlos \u201cEl Indio\u201d Solari ofrecer\u00e1 este s\u00e1bado, a las 21.30, su show anual en el Predio Rural La Colmena. Ser\u00e1 en medio de rumores sobre la posibilidad de que se trate de su \u00faltimo concierto, debido a problemas de salud. Carlos \u201cEl Indio\u201d Solari ofrecer\u00e1 este s\u00e1bado, a las 21.30,\u2026","rel":"","context":"En \u00abSociedad\u00bb","block_context":{"text":"Sociedad","link":"https:\/\/www.24baires.com\/?cat=1"},"img":{"alt_text":"","src":"https:\/\/i0.wp.com\/www.24baires.com\/wp-content\/uploads\/2016\/03\/indio.jpg?resize=350%2C200","width":350,"height":200,"srcset":"https:\/\/i0.wp.com\/www.24baires.com\/wp-content\/uploads\/2016\/03\/indio.jpg?resize=350%2C200 1x, https:\/\/i0.wp.com\/www.24baires.com\/wp-content\/uploads\/2016\/03\/indio.jpg?resize=525%2C300 1.5x"},"classes":[]},{"id":118920,"url":"https:\/\/www.24baires.com\/?p=118920","url_meta":{"origin":6946,"position":1},"title":"\u00abEstoy esperando que la justicia llame a los ladrones de guante blanco\u00bb","author":"AF","date":"31\/05\/2022","format":false,"excerpt":"El Presidente encabeza el acto del inicio de la obra Variante Ca\u00f1uelas, que forma parte del proyecto de transformaci\u00f3n en autopista de la ruta nacional 3, entre las ciudades bonaerenses de Ca\u00f1uelas y Azul. El presidente Alberto Fern\u00e1ndez apunt\u00f3 este martescontra los \"ladrones de guante blanco que est\u00e1n dando c\u00e1tedra\u2026","rel":"","context":"En \u00abPol\u00edtica\u00bb","block_context":{"text":"Pol\u00edtica","link":"https:\/\/www.24baires.com\/?cat=51"},"img":{"alt_text":"","src":"https:\/\/i0.wp.com\/www.24baires.com\/wp-content\/uploads\/2022\/05\/62966144cbe61_900.jpg?resize=350%2C200","width":350,"height":200,"srcset":"https:\/\/i0.wp.com\/www.24baires.com\/wp-content\/uploads\/2022\/05\/62966144cbe61_900.jpg?resize=350%2C200 1x, https:\/\/i0.wp.com\/www.24baires.com\/wp-content\/uploads\/2022\/05\/62966144cbe61_900.jpg?resize=525%2C300 1.5x, https:\/\/i0.wp.com\/www.24baires.com\/wp-content\/uploads\/2022\/05\/62966144cbe61_900.jpg?resize=700%2C400 2x"},"classes":[]},{"id":41698,"url":"https:\/\/www.24baires.com\/?p=41698","url_meta":{"origin":6946,"position":2},"title":"Desbarataron una importante banda de piratas del asfalto en Ca\u00f1uelas","author":"Grupo Sierra","date":"07\/03\/2014","format":false,"excerpt":"La Polic\u00eda de la provincia de Buenos Aires logr\u00f3 terminar un grupo de piratas del asfalto que operaba en las rutas aleda\u00f1as la localidad de Ca\u00f1uelas y recuper\u00f3 mercader\u00eda sustra\u00edda en diversos il\u00edcitos como tambi\u00e9n un cami\u00f3n robado a la empresa Molino Ca\u00f1uelas. A ra\u00edz de una serie de delitos,\u2026","rel":"","context":"En \u00abPoliciales\u00bb","block_context":{"text":"Policiales","link":"https:\/\/www.24baires.com\/?cat=49"},"img":{"alt_text":"policia1","src":"https:\/\/i0.wp.com\/www.24baires.com\/wp-content\/uploads\/2013\/09\/policia1-300x187.jpg?resize=350%2C200","width":350,"height":200},"classes":[]},{"id":37249,"url":"https:\/\/www.24baires.com\/?p=37249","url_meta":{"origin":6946,"position":3},"title":"30 municipios se suman a los controles viales","author":"Grupo Sierra","date":"21\/12\/2013","format":false,"excerpt":"Las verificaciones se intensificar\u00e1n en las rutas a la Costa y en los accesos a la Provincia. Habr\u00e1 restricci\u00f3n de camiones y radares fijos y m\u00f3viles. Verifican el estado de los veh\u00edculos y que se cumpla con la obligatoriedad de conducir con luces encendidas, cintur\u00f3n de seguridad colocado, portando su\u2026","rel":"","context":"En \u00abProvincia\u00bb","block_context":{"text":"Provincia","link":"https:\/\/www.24baires.com\/?cat=40"},"img":{"alt_text":"control ruta","src":"https:\/\/i0.wp.com\/www.24baires.com\/wp-content\/uploads\/2013\/01\/control-ruta.jpg?resize=350%2C200","width":350,"height":200},"classes":[]},{"id":42175,"url":"https:\/\/www.24baires.com\/?p=42175","url_meta":{"origin":6946,"position":4},"title":"Anuncian en Ca\u00f1uelas mejoras en las obras de la Autov\u00eda 6","author":"Grupo Sierra","date":"15\/03\/2014","format":false,"excerpt":"\"Por pedido del Gobernador Scioli y del Ministro Alejandro Arl\u00eda monitoreamos permanentemente estas obras que se convierten hoy en el cuarto anillo de circunvalaci\u00f3n al gran Buenos Aires\" se\u00f1al\u00f3 la administradora general de la Direcci\u00f3n de Vialidad, Patricia Tombesi. Con el objetivo de informar los avances de la obra \"Rehabilitaci\u00f3n\u2026","rel":"","context":"En \u00abLocales\u00bb","block_context":{"text":"Locales","link":"https:\/\/www.24baires.com\/?cat=38"},"img":{"alt_text":"ruta 6","src":"https:\/\/i0.wp.com\/www.24baires.com\/wp-content\/uploads\/2013\/04\/ruta-6.jpg?resize=350%2C200","width":350,"height":200,"srcset":"https:\/\/i0.wp.com\/www.24baires.com\/wp-content\/uploads\/2013\/04\/ruta-6.jpg?resize=350%2C200 1x, https:\/\/i0.wp.com\/www.24baires.com\/wp-content\/uploads\/2013\/04\/ruta-6.jpg?resize=525%2C300 1.5x"},"classes":[]},{"id":96820,"url":"https:\/\/www.24baires.com\/?p=96820","url_meta":{"origin":6946,"position":5},"title":"Restringen el tr\u00e1nsito en rutas por el fin de semana largo","author":"AF","date":"18\/08\/2017","format":false,"excerpt":"El Ministerio de Transporte, a trav\u00e9s de la Agencia Nacional de Seguridad Vial, inform\u00f3 este viernes que dispuso desde las 18 de la restricci\u00f3n a la circulaci\u00f3n de camiones de m\u00e1s de 3.500 kilos en las rutas nacionales y en los accesos a la Ciudad Aut\u00f3noma de Buenos Aires. La\u2026","rel":"","context":"En \u00abSociedad\u00bb","block_context":{"text":"Sociedad","link":"https:\/\/www.24baires.com\/?cat=1"},"img":{"alt_text":"","src":"https:\/\/i0.wp.com\/www.24baires.com\/wp-content\/uploads\/2013\/07\/ruta-a-mar-del-plata.jpg?resize=350%2C200","width":350,"height":200,"srcset":"https:\/\/i0.wp.com\/www.24baires.com\/wp-content\/uploads\/2013\/07\/ruta-a-mar-del-plata.jpg?resize=350%2C200 1x, https:\/\/i0.wp.com\/www.24baires.com\/wp-content\/uploads\/2013\/07\/ruta-a-mar-del-plata.jpg?resize=525%2C300 1.5x"},"classes":[]}],"jetpack_sharing_enabled":true,"jetpack_likes_enabled":true,"_links":{"self":[{"href":"https:\/\/www.24baires.com\/index.php?rest_route=\/wp\/v2\/posts\/6946","targetHints":{"allow":["GET"]}}],"collection":[{"href":"https:\/\/www.24baires.com\/index.php?rest_route=\/wp\/v2\/posts"}],"about":[{"href":"https:\/\/www.24baires.com\/index.php?rest_route=\/wp\/v2\/types\/post"}],"author":[{"embeddable":true,"href":"https:\/\/www.24baires.com\/index.php?rest_route=\/wp\/v2\/users\/4"}],"replies":[{"embeddable":true,"href":"https:\/\/www.24baires.com\/index.php?rest_route=%2Fwp%2Fv2%2Fcomments&post=6946"}],"version-history":[{"count":1,"href":"https:\/\/www.24baires.com\/index.php?rest_route=\/wp\/v2\/posts\/6946\/revisions"}],"predecessor-version":[{"id":6947,"href":"https:\/\/www.24baires.com\/index.php?rest_route=\/wp\/v2\/posts\/6946\/revisions\/6947"}],"wp:attachment":[{"href":"https:\/\/www.24baires.com\/index.php?rest_route=%2Fwp%2Fv2%2Fmedia&parent=6946"}],"wp:term":[{"taxonomy":"category","embeddable":true,"href":"https:\/\/www.24baires.com\/index.php?rest_route=%2Fwp%2Fv2%2Fcategories&post=6946"},{"taxonomy":"post_tag","embeddable":true,"href":"https:\/\/www.24baires.com\/index.php?rest_route=%2Fwp%2Fv2%2Ftags&post=6946"}],"curies":[{"name":"wp","href":"https:\/\/api.w.org\/{rel}","templated":true}]}}