{"id":69459,"date":"2015-07-23T18:30:00","date_gmt":"2015-07-23T21:30:00","guid":{"rendered":"http:\/\/www.24baires.com\/?p=69459"},"modified":"2015-07-23T18:03:49","modified_gmt":"2015-07-23T21:03:49","slug":"macri-marketing-para-tontos","status":"publish","type":"post","link":"https:\/\/www.24baires.com\/?p=69459","title":{"rendered":"Macri: marketing para tontos"},"content":{"rendered":"<p><img data-recalc-dims=\"1\" loading=\"lazy\" decoding=\"async\" class=\"aligncenter size-full wp-image-53417\" src=\"https:\/\/i0.wp.com\/www.24baires.com\/wp-content\/uploads\/2014\/09\/macri.jpg?resize=560%2C314\" alt=\"macri\" width=\"560\" height=\"314\" srcset=\"https:\/\/i0.wp.com\/www.24baires.com\/wp-content\/uploads\/2014\/09\/macri.jpg?w=560&amp;ssl=1 560w, https:\/\/i0.wp.com\/www.24baires.com\/wp-content\/uploads\/2014\/09\/macri.jpg?resize=300%2C168&amp;ssl=1 300w\" sizes=\"auto, (max-width: 560px) 100vw, 560px\" \/><\/p>\n<p>No es evoluci\u00f3n, no es comprensi\u00f3n, no es un avance ideol\u00f3gico, ni siquiera un cambio. Es, apenas, un manotazo de ahogado. Es estar en la balsa y ver como la tierra firme se aleja m\u00e1s y m\u00e1s, y empezar a remar con los brazos aunque sepas que el agua est\u00e1 llena de tiburones con hambre. Eso hace Macri con este supuesto giro discursivo: arriesga mucho para intentar captar un voto que no le pertenece y nunca le perteneci\u00f3. <!--more--><\/p>\n<p>Se juega a perder parte del caudal de electores que lo consideraban una opci\u00f3n por ser, justamente, una oposici\u00f3n a las pol\u00edticas kirchneristas. Pol\u00edticas que su fuerza, el PRO, no s\u00f3lo vot\u00f3 en contra, sino que oper\u00f3 con ah\u00ednco para obturar las aprobaciones de leyes que restituyeron al Estado Nacional a Aerolineas Argentinas e YPF.<br \/>\nPero pega un volantazo, como si se le hubiera cruzado un perro en la ruta. Macri ahora, -minutos despu\u00e9s de saber que al final Rodr\u00edguez Larreta no perder\u00eda con Lousteau en Capital-, decidi\u00f3 que esas estatizaciones que combati\u00f3 fueron positivas, estuvieron bien hechas. Y esta es una falsa epifan\u00eda, como dec\u00edamos arriba, no es un cambio de ideolog\u00eda. Macri sigue siendo neoliberal, sigue creyendo en las privatizaciones. Hace un tiempo dijo por televisi\u00f3n que si \u00e9l fuera presidente volver\u00eda a estatizarlas. Y ese es el verdadero candidato del PRO, el candidato de la derecha, de las corporaciones, aunque ahora todos aquellos que confiaron en \u00e9l para derrotar despu\u00e9s de doce a\u00f1os al kirchnerismo, ven que las encuestas no dan, que la eterna endeblez de Macri termina siendo la \u00fanica realidad. Y esa es la verdad que tanto \u00e9l como su entorno de asesores empez\u00f3 a aceptar.<br \/>\nLa trampa que le tienden al electorado raya lo c\u00ednico y hasta lo absurdo, por otro lado. Porque Macri no es ese cementerio de ideas fingidas que es Carri\u00f3, no es ese jugador que cambia de camisetas sin culpa, como ha hecho Lilita desde el 2001 hasta ac\u00e1. Mauricio, es Macri, ayer hoy y siempre.<br \/>\nAunque pida hacer ley la Asignaci\u00f3n Universal, y lo haga tarde, casi una semana despu\u00e9s que el Congreso votara exactamente eso, aunque ahora diga con ese \u00e9nfasis de cotill\u00f3n que intenta imprimirle a la futilidad de sus palabras, que algunas de las decisiones pol\u00edticas de la Presidenta, -que, junto a la estatizaci\u00f3n de las AFJP, han sido troncales en la reestructuraci\u00f3n del Estado que comenz\u00f3 N\u00e9stor Kirchner-, son correctas, entendemos con perfecci\u00f3n hist\u00f3rica la mentira, el esfuerzo que est\u00e1 haciendo para remontar el barrilete de su candidatura en la tempestad que le ha generado la f\u00f3rmula de Scioli y Zannini y su crecimiento y aceptaci\u00f3n entre los votantes.<br \/>\nAs\u00ed como Larreta ahora dice que \u201cEl f\u00fatbol tiene que ser gratis para la gente\u201d, despu\u00e9s de haber criticado el F\u00fatbol Para Todos, el resto del PRO, que casi pierde en el \u00fanico basti\u00f3n territorial que posee, est\u00e1 intentando aferrarse a las medidas m\u00e1s populares y con m\u00e1s aceptaci\u00f3n entre los argentinos.<br \/>\nComo pantomima caricaturesca, se ponen la careta de un progresismo inici\u00e1tico, sorpresivo, que no hace pi\u00e9, porque resulta que ya los conocemos, que ya batallamos estas pol\u00edticas contra ellos, justamente. Porque si por ellos depend\u00eda, aun existir\u00edan las AFJP, y nunca habr\u00edamos podido jubilar a millones de argentinos y argentinas. Porque si fuera por ellos YPF ser\u00eda de Repsol, y seguir\u00edan sin encontrarse los nuevos yacimientos que se han hallado gracias a que fue estatizada. Seguir\u00edan sin haberse generado cientos y cientos de puestos de trabajo. Porque si fuera por ellos Aerol\u00edneas Argentinas seguir\u00eda siendo de privados, que la vaciaron, como a YPF. Seguir\u00edan sin conectarse todos los puntos del pa\u00eds que se han enlazado en estos a\u00f1os y seguir\u00eda sin invertirse en nuevos aviones.<br \/>\nEntonces, gracias, pero no. Ya sabemos que estuvieron bien tomadas esas decisiones dif\u00edciles. Y lo sabemos porque hubo que dar batalla, porque hubo que votarlas en soledad en los recintos. Lo sabemos porque nosotros somos eso, esas ideas de gesti\u00f3n, esas pulseadas ganadas. Lo de Macri, adem\u00e1s de maquillaje de urgencia, es apenitas una operaci\u00f3n marketinera que pretende, adem\u00e1s de mentirnos, tomarnos por tontos.<\/p>\n","protected":false},"excerpt":{"rendered":"<p>No es evoluci\u00f3n, no es comprensi\u00f3n, no es un avance ideol\u00f3gico, ni siquiera un cambio. Es, apenas, un manotazo de ahogado. Es estar en la balsa y ver como la tierra firme se aleja m\u00e1s y m\u00e1s, y empezar a remar con los brazos aunque sepas que el agua est\u00e1 llena de tiburones con hambre. Eso hace Macri con este [&#8230;]<\/p>\n","protected":false},"author":11,"featured_media":0,"comment_status":"open","ping_status":"open","sticky":false,"template":"","format":"standard","meta":{"_jetpack_newsletter_access":"","_jetpack_dont_email_post_to_subs":false,"_jetpack_newsletter_tier_id":0,"_jetpack_memberships_contains_paywalled_content":false,"_jetpack_memberships_contains_paid_content":false,"footnotes":""},"categories":[64],"tags":[],"class_list":["post-69459","post","type-post","status-publish","format-standard","hentry","category-opinion"],"jetpack_featured_media_url":"","jetpack_shortlink":"https:\/\/wp.me\/p2JWE0-i4j","jetpack-related-posts":[{"id":106689,"url":"https:\/\/www.24baires.com\/?p=106689","url_meta":{"origin":69459,"position":0},"title":"Jorge Macri insiste en eliminar las PASO","author":"AF","date":"05\/02\/2019","format":false,"excerpt":"El intendente de Vicente L\u00f3pez, Jorge Macri, insisti\u00f3 en eliminar las Primarias, Abiertas, Simult\u00e1neas y Obligatorias (PASO) para \"ahorrar plata\" y pidi\u00f3 el compromiso de los partidos pol\u00edticos para avanzar en ese sentido de cara a los pr\u00f3ximos comicios. \"Me parece con los mismos argumentos que decidimos mantener unificadas las\u2026","rel":"","context":"En \u00abSociedad\u00bb","block_context":{"text":"Sociedad","link":"https:\/\/www.24baires.com\/?cat=1"},"img":{"alt_text":"","src":"https:\/\/i0.wp.com\/www.24baires.com\/wp-content\/uploads\/2013\/08\/urna3.jpg?resize=350%2C200","width":350,"height":200,"srcset":"https:\/\/i0.wp.com\/www.24baires.com\/wp-content\/uploads\/2013\/08\/urna3.jpg?resize=350%2C200 1x, https:\/\/i0.wp.com\/www.24baires.com\/wp-content\/uploads\/2013\/08\/urna3.jpg?resize=525%2C300 1.5x"},"classes":[]},{"id":111469,"url":"https:\/\/www.24baires.com\/?p=111469","url_meta":{"origin":69459,"position":1},"title":"\u00abMuero de ganas de debatir con Macri, pero no se va a animar\u00bb","author":"AF","date":"05\/08\/2019","format":false,"excerpt":"El precandidato del Frente de Todos desafi\u00f3 al Presidente a un debate, aunque descart\u00f3 que el primer mandatario vaya a participar. \"No tiene un logro para mostrar\", consider\u00f3. El precandidato presidencial del Frente de Todos, Alberto Fern\u00e1ndez, desafi\u00f3 a Mauricio Macri a participar de un debate, aunque asegur\u00f3 que el\u2026","rel":"","context":"En \u00abPol\u00edtica\u00bb","block_context":{"text":"Pol\u00edtica","link":"https:\/\/www.24baires.com\/?cat=51"},"img":{"alt_text":"","src":"https:\/\/i0.wp.com\/www.24baires.com\/wp-content\/uploads\/2019\/06\/alberto-fernandez.jpg?resize=350%2C200","width":350,"height":200,"srcset":"https:\/\/i0.wp.com\/www.24baires.com\/wp-content\/uploads\/2019\/06\/alberto-fernandez.jpg?resize=350%2C200 1x, https:\/\/i0.wp.com\/www.24baires.com\/wp-content\/uploads\/2019\/06\/alberto-fernandez.jpg?resize=525%2C300 1.5x"},"classes":[]},{"id":112828,"url":"https:\/\/www.24baires.com\/?p=112828","url_meta":{"origin":69459,"position":2},"title":"Escrutinio definitivo: el Frente de Todos estir\u00f3 su ventaja sobre Juntos por el Cambio","author":"AF","date":"01\/11\/2019","format":false,"excerpt":"La dupla Fern\u00e1ndez-Fern\u00e1ndez obtuvo 74.097 votos m\u00e1s, mientras que la f\u00f3rmula Macri-Pichetto tuvo una ca\u00edda de 0,10 por ciento. los apoderados del FdT ampliaron su denuncia sobre irregularidades en el conteo realizado en siete consulados. Ya hay datos del escrutinio definitivo. Por ahora corresponden a las provincias de Santa Fe,\u2026","rel":"","context":"En \u00abELECCIONES 2019\u00bb","block_context":{"text":"ELECCIONES 2019","link":"https:\/\/www.24baires.com\/?cat=329"},"img":{"alt_text":"","src":"https:\/\/i0.wp.com\/www.24baires.com\/wp-content\/uploads\/2019\/11\/escrutinio-20foto-20na.jpg?resize=350%2C200","width":350,"height":200,"srcset":"https:\/\/i0.wp.com\/www.24baires.com\/wp-content\/uploads\/2019\/11\/escrutinio-20foto-20na.jpg?resize=350%2C200 1x, https:\/\/i0.wp.com\/www.24baires.com\/wp-content\/uploads\/2019\/11\/escrutinio-20foto-20na.jpg?resize=525%2C300 1.5x"},"classes":[]},{"id":111752,"url":"https:\/\/www.24baires.com\/?p=111752","url_meta":{"origin":69459,"position":3},"title":"Macri descart\u00f3 m\u00e1s cambios de gabinete","author":"AF","date":"22\/08\/2019","format":false,"excerpt":"El mandatario calific\u00f3 su dura derrota en las PASO a manos de Alberto Fern\u00e1ndez como \"un palazo\". Sin embargo, reivindic\u00f3 su gesti\u00f3n y asegur\u00f3 que no alterar\u00e1 el rumbo. El presidente y candidato a su reelecci\u00f3n Mauricio Macri particip\u00f3 este jueves del encuentro Democracia y Desarrollo y desde all\u00ed reconoci\u00f3\u2026","rel":"","context":"En \u00abPol\u00edtica\u00bb","block_context":{"text":"Pol\u00edtica","link":"https:\/\/www.24baires.com\/?cat=51"},"img":{"alt_text":"","src":"https:\/\/i0.wp.com\/www.24baires.com\/wp-content\/uploads\/2019\/08\/macri.jpg?resize=350%2C200","width":350,"height":200,"srcset":"https:\/\/i0.wp.com\/www.24baires.com\/wp-content\/uploads\/2019\/08\/macri.jpg?resize=350%2C200 1x, https:\/\/i0.wp.com\/www.24baires.com\/wp-content\/uploads\/2019\/08\/macri.jpg?resize=525%2C300 1.5x"},"classes":[]},{"id":118848,"url":"https:\/\/www.24baires.com\/?p=118848","url_meta":{"origin":69459,"position":4},"title":"\u00abMi gran enemigo es Macri\u00bb","author":"AF","date":"11\/05\/2022","format":false,"excerpt":"En su gira por Europa, el Presidente volvi\u00f3 a diferenciarse del exmandatario y asegur\u00f3 tener \"un solo objetivo que logar y es que nunca m\u00e1s el neoliberalismo gobierne a la Argentina\". El presidente Alberto Fern\u00e1ndez sostuvo este mi\u00e9rcoles que su \"gran adversario\" y su \"gran enemigo\" es el exmandatario Mauricio\u2026","rel":"","context":"En \u00abPol\u00edtica\u00bb","block_context":{"text":"Pol\u00edtica","link":"https:\/\/www.24baires.com\/?cat=51"},"img":{"alt_text":"","src":"https:\/\/i0.wp.com\/www.24baires.com\/wp-content\/uploads\/2022\/05\/625df0cf83750_900.jpg?resize=350%2C200","width":350,"height":200,"srcset":"https:\/\/i0.wp.com\/www.24baires.com\/wp-content\/uploads\/2022\/05\/625df0cf83750_900.jpg?resize=350%2C200 1x, https:\/\/i0.wp.com\/www.24baires.com\/wp-content\/uploads\/2022\/05\/625df0cf83750_900.jpg?resize=525%2C300 1.5x, https:\/\/i0.wp.com\/www.24baires.com\/wp-content\/uploads\/2022\/05\/625df0cf83750_900.jpg?resize=700%2C400 2x"},"classes":[]},{"id":111315,"url":"https:\/\/www.24baires.com\/?p=111315","url_meta":{"origin":69459,"position":5},"title":"El extitular de la UIA asegura estar \u00abdefraudado\u00bb con Macri","author":"AF","date":"24\/07\/2019","format":false,"excerpt":"El empresario asegur\u00f3 que no apoyar\u00e1 la reelecci\u00f3n del Presidente por su pol\u00edtica industrial y porque \"defraud\u00f3 todo lo que hizo\". Agreg\u00f3 que no tiene \u201cganas de votar\u201d. El extitular de la Uni\u00f3n Industrial Argentina (UIA) H\u00e9ctor M\u00e9ndez asegur\u00f3 que el actual contexto de crisis econ\u00f3mica producto de la pol\u00edtica\u2026","rel":"","context":"En \u00abPol\u00edtica\u00bb","block_context":{"text":"Pol\u00edtica","link":"https:\/\/www.24baires.com\/?cat=51"},"img":{"alt_text":"","src":"https:\/\/i0.wp.com\/www.24baires.com\/wp-content\/uploads\/2019\/07\/m%C3%A9ndez-uia.jpg?resize=350%2C200","width":350,"height":200,"srcset":"https:\/\/i0.wp.com\/www.24baires.com\/wp-content\/uploads\/2019\/07\/m%C3%A9ndez-uia.jpg?resize=350%2C200 1x, https:\/\/i0.wp.com\/www.24baires.com\/wp-content\/uploads\/2019\/07\/m%C3%A9ndez-uia.jpg?resize=525%2C300 1.5x"},"classes":[]}],"jetpack_sharing_enabled":true,"jetpack_likes_enabled":true,"_links":{"self":[{"href":"https:\/\/www.24baires.com\/index.php?rest_route=\/wp\/v2\/posts\/69459","targetHints":{"allow":["GET"]}}],"collection":[{"href":"https:\/\/www.24baires.com\/index.php?rest_route=\/wp\/v2\/posts"}],"about":[{"href":"https:\/\/www.24baires.com\/index.php?rest_route=\/wp\/v2\/types\/post"}],"author":[{"embeddable":true,"href":"https:\/\/www.24baires.com\/index.php?rest_route=\/wp\/v2\/users\/11"}],"replies":[{"embeddable":true,"href":"https:\/\/www.24baires.com\/index.php?rest_route=%2Fwp%2Fv2%2Fcomments&post=69459"}],"version-history":[{"count":1,"href":"https:\/\/www.24baires.com\/index.php?rest_route=\/wp\/v2\/posts\/69459\/revisions"}],"predecessor-version":[{"id":69460,"href":"https:\/\/www.24baires.com\/index.php?rest_route=\/wp\/v2\/posts\/69459\/revisions\/69460"}],"wp:attachment":[{"href":"https:\/\/www.24baires.com\/index.php?rest_route=%2Fwp%2Fv2%2Fmedia&parent=69459"}],"wp:term":[{"taxonomy":"category","embeddable":true,"href":"https:\/\/www.24baires.com\/index.php?rest_route=%2Fwp%2Fv2%2Fcategories&post=69459"},{"taxonomy":"post_tag","embeddable":true,"href":"https:\/\/www.24baires.com\/index.php?rest_route=%2Fwp%2Fv2%2Ftags&post=69459"}],"curies":[{"name":"wp","href":"https:\/\/api.w.org\/{rel}","templated":true}]}}