{"id":6928,"date":"2012-11-26T21:42:16","date_gmt":"2012-11-27T00:42:16","guid":{"rendered":"http:\/\/www.24baires.com\/?p=6928"},"modified":"2012-11-26T21:42:16","modified_gmt":"2012-11-27T00:42:16","slug":"llegaron-a-la-locura-extrema-de-proponer-meter-presos-a-periodistas-por-sus-opiniones","status":"publish","type":"post","link":"https:\/\/www.24baires.com\/?p=6928","title":{"rendered":"\u00abLlegaron a la locura extrema de proponer meter presos a periodistas por sus opiniones\u00bb"},"content":{"rendered":"<p><img data-recalc-dims=\"1\" loading=\"lazy\" decoding=\"async\" class=\"aligncenter size-full wp-image-6929\" title=\"sabatella locura\" src=\"https:\/\/i0.wp.com\/www.24baires.com\/wp-content\/uploads\/2012\/11\/sabatella-locura.jpg?resize=560%2C335\" alt=\"\" width=\"560\" height=\"335\" srcset=\"https:\/\/i0.wp.com\/www.24baires.com\/wp-content\/uploads\/2012\/11\/sabatella-locura.jpg?w=560&amp;ssl=1 560w, https:\/\/i0.wp.com\/www.24baires.com\/wp-content\/uploads\/2012\/11\/sabatella-locura.jpg?resize=300%2C179&amp;ssl=1 300w\" sizes=\"auto, (max-width: 560px) 100vw, 560px\" \/><\/p>\n<p>El titular de la AFSCA asegur\u00f3 que los abogados del Grupo Clar\u00edn \u00abseguramente se dieron cuenta que hacer una denuncia contra periodistas era una locura y por eso ahora niegan haberlo hecho\u00bb.<!--more--><\/p>\n<p>Mart\u00edn Sabbatella se refiri\u00f3 a un comunicado de los abogados del multimedios en el que intentaron aclarar el hecho y sostuvo que \u00abahora dicen que no hicieron lo que en verdad hicieron, como muchas veces dicen que alguien dijo lo que nunca dijo, pero lo cierto es que la denuncia para meter presos a periodistas fue hecha y seguramente se dieron cuenta de que era una locura\u00bb.<\/p>\n<p>\u00abCon este hecho absolutamente repudiable, una vez m\u00e1s queda al descubierto cu\u00e1les son sus verdaderas ideas. Lamentablemente, aunque intenten construir un relato de preocupaci\u00f3n por la libertad de expresi\u00f3n, no cabe duda de que lo que realmente buscan es intimidar a las voces que no les gustan, dejando en evidencia su pensamiento autoritario e intolerante\u00bb, agreg\u00f3 Sabbatella.<\/p>\n<p>En un comunicado, el responsable de la AFSCA sostuvo que \u00aben su estrategia para evitar cumplir con la ley, indudablemente no tienen l\u00edmites. Con ese objetivo, llegan a la locura extrema de proponer meter presos a periodistas por sus opiniones y a funcionarios por hacer cumplir la ley\u00bb, concluy\u00f3.<br \/>\n\u00abQue Clar\u00edn quiera meter presos a periodistas por sus opiniones es un ataque brutal a la libertad de expresi\u00f3n y a la libertad de prensa. Es un hecho de una gravedad tremenda\u201d, concluy\u00f3.<\/p>\n","protected":false},"excerpt":{"rendered":"<p>El titular de la AFSCA asegur\u00f3 que los abogados del Grupo Clar\u00edn \u00abseguramente se dieron cuenta que hacer una denuncia contra periodistas era una locura y por eso ahora niegan haberlo hecho\u00bb.<\/p>\n","protected":false},"author":11,"featured_media":0,"comment_status":"open","ping_status":"open","sticky":false,"template":"","format":"standard","meta":{"_jetpack_newsletter_access":"","_jetpack_dont_email_post_to_subs":false,"_jetpack_newsletter_tier_id":0,"_jetpack_memberships_contains_paywalled_content":false,"_jetpack_memberships_contains_paid_content":false,"footnotes":""},"categories":[54],"tags":[],"class_list":["post-6928","post","type-post","status-publish","format-standard","hentry","category-medios"],"jetpack_featured_media_url":"","jetpack_shortlink":"https:\/\/wp.me\/p2JWE0-1NK","jetpack-related-posts":[{"id":71067,"url":"https:\/\/www.24baires.com\/?p=71067","url_meta":{"origin":6928,"position":0},"title":"\u00ab\u00c9l quer\u00eda quedarse con el departamento y la tenencia de sus hijos, eso es una locura\u00bb","author":"AF","date":"24\/08\/2015","format":false,"excerpt":"La abogada Mariana Gallegos, ex representante de Fernando Farr\u00e9 en el tr\u00e1mite del divorcio, le cont\u00f3 a Radio Am\u00e9rica los reclamos del ejecutivo que asesin\u00f3 a su esposa y habl\u00f3 de la denuncia por violencia. Mariana Gallegos, abogada en el divorcio de Fernando Farr\u00e9, el ex ejecutivo de empresas de\u2026","rel":"","context":"En \u00abJUDICIALES\u00bb","block_context":{"text":"JUDICIALES","link":"https:\/\/www.24baires.com\/?cat=68"},"img":{"alt_text":"farre","src":"https:\/\/i0.wp.com\/www.24baires.com\/wp-content\/uploads\/2015\/08\/farre.jpg?resize=350%2C200","width":350,"height":200,"srcset":"https:\/\/i0.wp.com\/www.24baires.com\/wp-content\/uploads\/2015\/08\/farre.jpg?resize=350%2C200 1x, https:\/\/i0.wp.com\/www.24baires.com\/wp-content\/uploads\/2015\/08\/farre.jpg?resize=525%2C300 1.5x"},"classes":[]},{"id":100170,"url":"https:\/\/www.24baires.com\/?p=100170","url_meta":{"origin":6928,"position":1},"title":"\u00abQue me den una celda al lado de Franco\u00bb, dijo Hugo Moyano","author":"GB","date":"25\/01\/2018","format":false,"excerpt":"As\u00ed respondi\u00f3 el l\u00edder camionero ante la posibilidad de ir a prisi\u00f3n. Carg\u00f3 contra Graciela Oca\u00f1a y dijo que una eventual \"reconstrucci\u00f3n\" del peronismo \"no puede excluir\" a la ex presidenta Cristina Kirchner. Sin pelos en la lengua, el titular del gremio de Camioneros, Hugo Moyano, se destap\u00f3 y habl\u00f3\u2026","rel":"","context":"En \u00abPol\u00edtica\u00bb","block_context":{"text":"Pol\u00edtica","link":"https:\/\/www.24baires.com\/?cat=51"},"img":{"alt_text":"","src":"https:\/\/i0.wp.com\/www.24baires.com\/wp-content\/uploads\/2018\/01\/macri-moyano.jpg?resize=350%2C200","width":350,"height":200,"srcset":"https:\/\/i0.wp.com\/www.24baires.com\/wp-content\/uploads\/2018\/01\/macri-moyano.jpg?resize=350%2C200 1x, https:\/\/i0.wp.com\/www.24baires.com\/wp-content\/uploads\/2018\/01\/macri-moyano.jpg?resize=525%2C300 1.5x"},"classes":[]},{"id":117612,"url":"https:\/\/www.24baires.com\/?p=117612","url_meta":{"origin":6928,"position":2},"title":"Gin\u00e9s denunciar\u00e1 a Bullrich por acusar al Gobierno de pedir sobornos por las vacunas","author":"AF","date":"24\/05\/2021","format":false,"excerpt":"La presidenta del PRO dijo que Alberto Fern\u00e1ndez y el ex ministro de Salud intentaron obtener un \"retorno\" econ\u00f3mico ilegal por la vacuna de Pfizer. Gin\u00e9s Gonz\u00e1lez Garc\u00eda denunciar\u00e1 a Patricia Bullrich por acusar al Gobierno de pedir sobornos por las vacunas. \"Una barbaridad de este tipo no la voy\u2026","rel":"","context":"En \u00abPol\u00edtica\u00bb","block_context":{"text":"Pol\u00edtica","link":"https:\/\/www.24baires.com\/?cat=51"},"img":{"alt_text":"","src":"https:\/\/i0.wp.com\/www.24baires.com\/wp-content\/uploads\/2020\/04\/gines-gonzalez.jpg?resize=350%2C200","width":350,"height":200,"srcset":"https:\/\/i0.wp.com\/www.24baires.com\/wp-content\/uploads\/2020\/04\/gines-gonzalez.jpg?resize=350%2C200 1x, https:\/\/i0.wp.com\/www.24baires.com\/wp-content\/uploads\/2020\/04\/gines-gonzalez.jpg?resize=525%2C300 1.5x"},"classes":[]},{"id":18479,"url":"https:\/\/www.24baires.com\/?p=18479","url_meta":{"origin":6928,"position":3},"title":"\u201cLa Bonaerense est\u00e1 descontrolada porque Casal no ejerce los controles que debe ejercer\u201d","author":"AF","date":"15\/03\/2013","format":false,"excerpt":"El diputado nacional del FpV, Leonardo Grosso, apunt\u00f3 al ministro de Seguridad de Buenos Aires. Adem\u00e1s, y se refiri\u00f3 a los principales casos de gatillo f\u00e1cil que tuvieron lugar este a\u00f1o. \u201cCasal propone una pol\u00edtica de demagogia punitiva. M\u00e1s penas, m\u00e1s c\u00e1rceles y m\u00e1s polic\u00edas, lo que en definitiva genera\u2026","rel":"","context":"En \u00abSociedad\u00bb","block_context":{"text":"Sociedad","link":"https:\/\/www.24baires.com\/?cat=1"},"img":{"alt_text":"","src":"","width":0,"height":0},"classes":[]},{"id":105923,"url":"https:\/\/www.24baires.com\/?p=105923","url_meta":{"origin":6928,"position":4},"title":"Darth\u00e9s neg\u00f3 todo, se victimiz\u00f3 y acus\u00f3 a Fardin de \u00abinsinu\u00e1rsele\u00bb","author":"AF","date":"13\/12\/2018","format":false,"excerpt":"Hasta Mauro Viale se sinti\u00f3 inc\u00f3modo con las respuestas de Juan Darthes. El actor apel\u00f3 a las t\u00edpicas respuestas de un hombre que ejerce violencia con su pareja o ex pareja: se victimiz\u00f3, primero, al apelar a la frase \u201cYo estoy muerto\u201d. Y para defenderse, acus\u00f3 a su denunciante de\u2026","rel":"","context":"En \u00abSociedad\u00bb","block_context":{"text":"Sociedad","link":"https:\/\/www.24baires.com\/?cat=1"},"img":{"alt_text":"","src":"https:\/\/i0.wp.com\/www.24baires.com\/wp-content\/uploads\/2018\/12\/darth%C3%A9s.jpg?resize=350%2C200","width":350,"height":200,"srcset":"https:\/\/i0.wp.com\/www.24baires.com\/wp-content\/uploads\/2018\/12\/darth%C3%A9s.jpg?resize=350%2C200 1x, https:\/\/i0.wp.com\/www.24baires.com\/wp-content\/uploads\/2018\/12\/darth%C3%A9s.jpg?resize=525%2C300 1.5x"},"classes":[]},{"id":32380,"url":"https:\/\/www.24baires.com\/?p=32380","url_meta":{"origin":6928,"position":5},"title":"Pedir\u00e1n la incorporaci\u00f3n de 14 testimonios a la condena de Grassi","author":"AF","date":"24\/09\/2013","format":false,"excerpt":"Con el cura Julio C\u00e9sar Grassi detenido, la querella prepara su nuevo paso en la justicia: la presentaci\u00f3n de un pedido ante la Corte Suprema de la Naci\u00f3n, para que se sumen a la condena los catorce testimonios que quedaron afuera de la condena. Rumores sobre un posible traslado. Dice\u2026","rel":"","context":"En \u00abSociedad\u00bb","block_context":{"text":"Sociedad","link":"https:\/\/www.24baires.com\/?cat=1"},"img":{"alt_text":"grassi","src":"https:\/\/i0.wp.com\/www.24baires.com\/wp-content\/uploads\/2013\/09\/grassi.jpg?resize=350%2C200","width":350,"height":200,"srcset":"https:\/\/i0.wp.com\/www.24baires.com\/wp-content\/uploads\/2013\/09\/grassi.jpg?resize=350%2C200 1x, https:\/\/i0.wp.com\/www.24baires.com\/wp-content\/uploads\/2013\/09\/grassi.jpg?resize=525%2C300 1.5x"},"classes":[]}],"jetpack_sharing_enabled":true,"jetpack_likes_enabled":true,"_links":{"self":[{"href":"https:\/\/www.24baires.com\/index.php?rest_route=\/wp\/v2\/posts\/6928","targetHints":{"allow":["GET"]}}],"collection":[{"href":"https:\/\/www.24baires.com\/index.php?rest_route=\/wp\/v2\/posts"}],"about":[{"href":"https:\/\/www.24baires.com\/index.php?rest_route=\/wp\/v2\/types\/post"}],"author":[{"embeddable":true,"href":"https:\/\/www.24baires.com\/index.php?rest_route=\/wp\/v2\/users\/11"}],"replies":[{"embeddable":true,"href":"https:\/\/www.24baires.com\/index.php?rest_route=%2Fwp%2Fv2%2Fcomments&post=6928"}],"version-history":[{"count":2,"href":"https:\/\/www.24baires.com\/index.php?rest_route=\/wp\/v2\/posts\/6928\/revisions"}],"predecessor-version":[{"id":6931,"href":"https:\/\/www.24baires.com\/index.php?rest_route=\/wp\/v2\/posts\/6928\/revisions\/6931"}],"wp:attachment":[{"href":"https:\/\/www.24baires.com\/index.php?rest_route=%2Fwp%2Fv2%2Fmedia&parent=6928"}],"wp:term":[{"taxonomy":"category","embeddable":true,"href":"https:\/\/www.24baires.com\/index.php?rest_route=%2Fwp%2Fv2%2Fcategories&post=6928"},{"taxonomy":"post_tag","embeddable":true,"href":"https:\/\/www.24baires.com\/index.php?rest_route=%2Fwp%2Fv2%2Ftags&post=6928"}],"curies":[{"name":"wp","href":"https:\/\/api.w.org\/{rel}","templated":true}]}}