{"id":692,"date":"2012-09-30T11:42:01","date_gmt":"2012-09-30T14:42:01","guid":{"rendered":"http:\/\/www.24baires.com\/?p=692"},"modified":"2012-09-30T11:46:13","modified_gmt":"2012-09-30T14:46:13","slug":"sin-proveedores-para-los-comedores-escolares-tambien-en-el-sur-de-la-provincia","status":"publish","type":"post","link":"https:\/\/www.24baires.com\/?p=692","title":{"rendered":"Sin proveedores para los comedores escolares tambi\u00e9n en el sur de la Provincia."},"content":{"rendered":"<p>Ocurre que el \u00fanico comerciante que manten\u00eda relaci\u00f3n con el Consejo Escolar de Cnel. Dorrego, comunic\u00f3 su decisi\u00f3n de abandonar la prestaci\u00f3n debido a la importante deuda que el gobierno provincial registra y a la incertidumbre de fechas de cobro.<!--more--><\/p>\n<p>De todos modos, para garantizar la continuidad de esta prestaci\u00f3n y la copa de leche, desde el lunes la mercader\u00eda ser\u00e1 provista por un mayorista de Bah\u00eda Blanca, situaci\u00f3n que tambi\u00e9n se ha dado en otros distritos de la zona sur de la Provincia.<\/p>\n<p>Las deudas con proveedores locales rondan los 340 mil pesos y se estima que, ante la falta de precisiones sobre los pagos, el nuevo esquema de compras se mantendr\u00e1 hasta fin de a\u00f1o.<\/p>\n<p>Se destac\u00f3 la predisposici\u00f3n evidenciada por los proveedores locales para seguir brindado el servicio pese a que los pagos no llegaban aunque \u201cla paciencia tiene un l\u00edmite\u201d<\/p>\n","protected":false},"excerpt":{"rendered":"<p>Ocurre que el \u00fanico comerciante que manten\u00eda relaci\u00f3n con el Consejo Escolar de Cnel. Dorrego, comunic\u00f3 su decisi\u00f3n de abandonar la prestaci\u00f3n debido a la importante deuda que el gobierno provincial registra y a la incertidumbre de fechas de cobro.<\/p>\n","protected":false},"author":11,"featured_media":0,"comment_status":"open","ping_status":"open","sticky":false,"template":"","format":"standard","meta":{"_jetpack_newsletter_access":"","_jetpack_dont_email_post_to_subs":false,"_jetpack_newsletter_tier_id":0,"_jetpack_memberships_contains_paywalled_content":false,"_jetpack_memberships_contains_paid_content":false,"footnotes":""},"categories":[40],"tags":[],"class_list":["post-692","post","type-post","status-publish","format-standard","hentry","category-provincia"],"jetpack_featured_media_url":"","jetpack_shortlink":"https:\/\/wp.me\/p2JWE0-ba","jetpack-related-posts":[{"id":104182,"url":"https:\/\/www.24baires.com\/?p=104182","url_meta":{"origin":692,"position":0},"title":"Mar del Plata: paran transportistas de personas con discapacidad","author":"GB","date":"30\/08\/2018","format":false,"excerpt":"Es por la irregularidad de pagos que afrontan desde hace ocho meses y las deudas de los diversos organismos. La medida alcanza a la provincia de Buenos Aires y a otras ocho de todo el pa\u00eds Los transportistas de personas con discapacidad parar\u00e1n este jueves y realizar\u00e1n una protesta frente\u2026","rel":"","context":"En \u00abSociedad\u00bb","block_context":{"text":"Sociedad","link":"https:\/\/www.24baires.com\/?cat=1"},"img":{"alt_text":"","src":"https:\/\/i0.wp.com\/www.24baires.com\/wp-content\/uploads\/2018\/08\/transportistas.jpg?resize=350%2C200","width":350,"height":200,"srcset":"https:\/\/i0.wp.com\/www.24baires.com\/wp-content\/uploads\/2018\/08\/transportistas.jpg?resize=350%2C200 1x, https:\/\/i0.wp.com\/www.24baires.com\/wp-content\/uploads\/2018\/08\/transportistas.jpg?resize=525%2C300 1.5x"},"classes":[]},{"id":113545,"url":"https:\/\/www.24baires.com\/?p=113545","url_meta":{"origin":692,"position":1},"title":"Las Flores: el intendente decidi\u00f3 no cobrar su sueldo por la crisis del municipio","author":"GB","date":"23\/12\/2019","format":false,"excerpt":"Se trata del Jefe Comunal de Las Flores, Alberto Gelen\u00e9, quien renunci\u00f3 a su salario por \u201cla situaci\u00f3n dram\u00e1tica\u201d que atraviesa el distrito. El Intendente de Las Flores, Alberto Gelen\u00e9, del Frente de Todos, quien volvi\u00f3 al sill\u00f3n municipal luego de haber dirigido el partido entre 2003 y 2015, realiz\u00f3\u2026","rel":"","context":"En \u00abMunicipios\u00bb","block_context":{"text":"Municipios","link":"https:\/\/www.24baires.com\/?cat=44"},"img":{"alt_text":"","src":"https:\/\/i0.wp.com\/www.24baires.com\/wp-content\/uploads\/2019\/12\/intendente-las-flores.jpg?resize=350%2C200","width":350,"height":200,"srcset":"https:\/\/i0.wp.com\/www.24baires.com\/wp-content\/uploads\/2019\/12\/intendente-las-flores.jpg?resize=350%2C200 1x, https:\/\/i0.wp.com\/www.24baires.com\/wp-content\/uploads\/2019\/12\/intendente-las-flores.jpg?resize=525%2C300 1.5x"},"classes":[]},{"id":49591,"url":"https:\/\/www.24baires.com\/?p=49591","url_meta":{"origin":692,"position":2},"title":"Por una deuda de PAMI, se podr\u00eda suspender la venta de medicamentos a jubilados","author":"Grupo Sierra","date":"09\/07\/2014","format":false,"excerpt":"La Confederaci\u00f3n Farmac\u00e9utica Argentina denunci\u00f3 que la entidad le adeuda m\u00e1s de 800 millones de pesos y que los pagos tienen atrasos de cuatro meses, por lo cual advirti\u00f3 que podr\u00eda suspender la venta de remedios con descuento a los jubilados. \u201cEl atraso en el pago de las prestaciones de\u2026","rel":"","context":"En \u00abSociedad\u00bb","block_context":{"text":"Sociedad","link":"https:\/\/www.24baires.com\/?cat=1"},"img":{"alt_text":"jubilados2","src":"https:\/\/i0.wp.com\/www.24baires.com\/wp-content\/uploads\/2014\/05\/jubilados2.jpg?resize=350%2C200","width":350,"height":200,"srcset":"https:\/\/i0.wp.com\/www.24baires.com\/wp-content\/uploads\/2014\/05\/jubilados2.jpg?resize=350%2C200 1x, https:\/\/i0.wp.com\/www.24baires.com\/wp-content\/uploads\/2014\/05\/jubilados2.jpg?resize=525%2C300 1.5x"},"classes":[]},{"id":113241,"url":"https:\/\/www.24baires.com\/?p=113241","url_meta":{"origin":692,"position":3},"title":"Por deudas de Vidal, hay 100 mil puestos de trabajo en riesgo en la construcci\u00f3n bonaerense","author":"AF","date":"03\/12\/2019","format":false,"excerpt":"Los constructores bonaerenses se\u00f1alaron que est\u00e1n una crisis pero se mostraron optimistas de cara a la gesti\u00f3n de Kicillof. \"Estamos para dinamizar el trabajo y la econom\u00eda\", aseguraron. A d\u00edas del cambio de gesti\u00f3n, desde la C\u00e1mara Argentina de la Construcci\u00f3n - Delegaci\u00f3n provincia de Buenos Aires (CACBA) alertaron que\u2026","rel":"","context":"En \u00abProvincia\u00bb","block_context":{"text":"Provincia","link":"https:\/\/www.24baires.com\/?cat=40"},"img":{"alt_text":"","src":"https:\/\/i0.wp.com\/www.24baires.com\/wp-content\/uploads\/2019\/12\/vidal-construcci%C3%B3n.jpg?resize=350%2C200","width":350,"height":200,"srcset":"https:\/\/i0.wp.com\/www.24baires.com\/wp-content\/uploads\/2019\/12\/vidal-construcci%C3%B3n.jpg?resize=350%2C200 1x, https:\/\/i0.wp.com\/www.24baires.com\/wp-content\/uploads\/2019\/12\/vidal-construcci%C3%B3n.jpg?resize=525%2C300 1.5x"},"classes":[]},{"id":113540,"url":"https:\/\/www.24baires.com\/?p=113540","url_meta":{"origin":692,"position":4},"title":"Kicillof promulg\u00f3 la emergencia econ\u00f3mica en la Provincia","author":"GB","date":"23\/12\/2019","format":false,"excerpt":"La ley provincial de emergencia econ\u00f3mica, social, productiva y energ\u00e9tica, as\u00ed como la ratificaci\u00f3n en materia de seguridad p\u00fablica, pol\u00edtica y salud penitenciaria; infraestructura, h\u00e1bitat, vivienda y servicios p\u00fablicos, administrativa y tecnol\u00f3gica comenz\u00f3 a regir hoy en el territorio bonaerense. Mediante el decreto 41, el gobernador de la provincia de\u2026","rel":"","context":"En \u00abProvincia\u00bb","block_context":{"text":"Provincia","link":"https:\/\/www.24baires.com\/?cat=40"},"img":{"alt_text":"","src":"https:\/\/i0.wp.com\/www.24baires.com\/wp-content\/uploads\/2019\/11\/kicillof.jpg?resize=350%2C200","width":350,"height":200,"srcset":"https:\/\/i0.wp.com\/www.24baires.com\/wp-content\/uploads\/2019\/11\/kicillof.jpg?resize=350%2C200 1x, https:\/\/i0.wp.com\/www.24baires.com\/wp-content\/uploads\/2019\/11\/kicillof.jpg?resize=525%2C300 1.5x"},"classes":[]},{"id":113530,"url":"https:\/\/www.24baires.com\/?p=113530","url_meta":{"origin":692,"position":5},"title":"Las Flores: el Intendente dejar\u00e1 de cobrar su sueldo por la \u00abdram\u00e1tica situaci\u00f3n\u00bb econ\u00f3mica","author":"AF","date":"20\/12\/2019","format":false,"excerpt":"Ante la \"dram\u00e1tica situaci\u00f3n\" que dej\u00f3 su antecesor, Gelen\u00e9 no cobrar\u00e1 su sueldo \"para engrosar los recursos municipales\". A trav\u00e9s de una conferencia de prensa, el intendente de Las Flores, Alberto Gelen\u00e9 puso el foco en los n\u00fameros cr\u00edticos que dej\u00f3 su antecesor, el ex jefe comunal Ram\u00f3n Canosa y\u2026","rel":"","context":"En \u00abLocales\u00bb","block_context":{"text":"Locales","link":"https:\/\/www.24baires.com\/?cat=38"},"img":{"alt_text":"","src":"https:\/\/i0.wp.com\/www.24baires.com\/wp-content\/uploads\/2019\/12\/galene.jpg?resize=350%2C200","width":350,"height":200,"srcset":"https:\/\/i0.wp.com\/www.24baires.com\/wp-content\/uploads\/2019\/12\/galene.jpg?resize=350%2C200 1x, https:\/\/i0.wp.com\/www.24baires.com\/wp-content\/uploads\/2019\/12\/galene.jpg?resize=525%2C300 1.5x"},"classes":[]}],"jetpack_sharing_enabled":true,"jetpack_likes_enabled":true,"_links":{"self":[{"href":"https:\/\/www.24baires.com\/index.php?rest_route=\/wp\/v2\/posts\/692","targetHints":{"allow":["GET"]}}],"collection":[{"href":"https:\/\/www.24baires.com\/index.php?rest_route=\/wp\/v2\/posts"}],"about":[{"href":"https:\/\/www.24baires.com\/index.php?rest_route=\/wp\/v2\/types\/post"}],"author":[{"embeddable":true,"href":"https:\/\/www.24baires.com\/index.php?rest_route=\/wp\/v2\/users\/11"}],"replies":[{"embeddable":true,"href":"https:\/\/www.24baires.com\/index.php?rest_route=%2Fwp%2Fv2%2Fcomments&post=692"}],"version-history":[{"count":0,"href":"https:\/\/www.24baires.com\/index.php?rest_route=\/wp\/v2\/posts\/692\/revisions"}],"wp:attachment":[{"href":"https:\/\/www.24baires.com\/index.php?rest_route=%2Fwp%2Fv2%2Fmedia&parent=692"}],"wp:term":[{"taxonomy":"category","embeddable":true,"href":"https:\/\/www.24baires.com\/index.php?rest_route=%2Fwp%2Fv2%2Fcategories&post=692"},{"taxonomy":"post_tag","embeddable":true,"href":"https:\/\/www.24baires.com\/index.php?rest_route=%2Fwp%2Fv2%2Ftags&post=692"}],"curies":[{"name":"wp","href":"https:\/\/api.w.org\/{rel}","templated":true}]}}