{"id":6918,"date":"2012-11-26T19:32:11","date_gmt":"2012-11-26T22:32:11","guid":{"rendered":"http:\/\/www.24baires.com\/?p=6918"},"modified":"2012-11-26T19:32:11","modified_gmt":"2012-11-26T22:32:11","slug":"marchan-en-saladillo-por-el-caso-de-una-chica-brutalmente-golpeada-y-abusada","status":"publish","type":"post","link":"https:\/\/www.24baires.com\/?p=6918","title":{"rendered":"Marchan en Saladillo por el caso de una chica brutalmente golpeada y abusada"},"content":{"rendered":"<p>Una chica de 14 a\u00f1os fue violada y brutalmente golpeada en Saladillo y actualmente se encuentra internada en estado cr\u00edtico en el Hospital Posadas de esa localidad. Familiares y amigos convocan a una marcha para esta noche frente al Municipio.\u00a0<!--more--><\/p>\n<p>La peque\u00f1a habr\u00eda sido abusada por lo menos por dos personas y por la golpiza que recibi\u00f3 en la cara, a la altura del maxilar, fue trasladada al nosocomio aunque permanece en grave estado.<\/p>\n<p>Vale mencionar que la adolescente fue encontrada el s\u00e1bado a la tarde atada y semidesnuda cerca del Parque Rep\u00fablica Italia, en estado de shock, por lo que no pudo brindar detalles de lo sucedido.<\/p>\n<p>Familiares y amigos de la menor salvajemente golpeada el Sabado a la madrugada convocan a una marcha para pedir justicia por la joven que actualmente permanece en terapia intensiva del Hospital Posadas.\u00a0La marcha se realizar\u00e1 frente a la municipalidad este lunes 26 a las 20.00 hs.<\/p>\n<p>&nbsp;<\/p>\n<p>&nbsp;<\/p>\n<p>&nbsp;<\/p>\n<p>&nbsp;<\/p>\n<p>&nbsp;<\/p>\n<p>&nbsp;<\/p>\n<p>&nbsp;<\/p>\n<p>&nbsp;<\/p>\n<p>&nbsp;<\/p>\n","protected":false},"excerpt":{"rendered":"<p>Una chica de 14 a\u00f1os fue violada y brutalmente golpeada en Saladillo y actualmente se encuentra internada en estado cr\u00edtico en el Hospital Posadas de esa localidad. Familiares y amigos convocan a una marcha para esta noche frente al Municipio.\u00a0<\/p>\n","protected":false},"author":11,"featured_media":0,"comment_status":"open","ping_status":"open","sticky":false,"template":"","format":"standard","meta":{"_jetpack_newsletter_access":"","_jetpack_dont_email_post_to_subs":false,"_jetpack_newsletter_tier_id":0,"_jetpack_memberships_contains_paywalled_content":false,"_jetpack_memberships_contains_paid_content":false,"footnotes":""},"categories":[49],"tags":[],"class_list":["post-6918","post","type-post","status-publish","format-standard","hentry","category-policiales"],"jetpack_featured_media_url":"","jetpack_shortlink":"https:\/\/wp.me\/p2JWE0-1NA","jetpack-related-posts":[{"id":7059,"url":"https:\/\/www.24baires.com\/?p=7059","url_meta":{"origin":6918,"position":0},"title":"Liberan a tres de los cuatro detenidos por el brutal ataque a la joven de Saladillo","author":"AF","date":"28\/11\/2012","format":false,"excerpt":"Tres de los cuatro j\u00f3venes demorados en la noche del martes como sospechosos de haber participado en el ataque a la chica de 14 a\u00f1os cometido el s\u00e1bado en la localidad bonaerense de Saladillo fueron liberados esta madrugada. El fiscal del caso interrogar\u00e1 este mi\u00e9rcoles al mediod\u00eda al \u00fanico apresado.\u2026","rel":"","context":"En \u00abPoliciales\u00bb","block_context":{"text":"Policiales","link":"https:\/\/www.24baires.com\/?cat=49"},"img":{"alt_text":"","src":"","width":0,"height":0},"classes":[]},{"id":8387,"url":"https:\/\/www.24baires.com\/?p=8387","url_meta":{"origin":6918,"position":1},"title":"Mejora la menor golpeada y abusada en Saladillo","author":"Grupo Sierra","date":"08\/12\/2012","format":false,"excerpt":"La madre dela joven cont\u00f3 que \"cl\u00ednicamente est\u00e1 en condiciones de pasar a una terapia intermedia, pero lo m\u00e1s preocupante es la parte neurol\u00f3gica y psicol\u00f3gica porque todav\u00eda no habla, no abre los ojos, no se ha comunicado, no tiene una reacci\u00f3n normal\". Por el hecho, hay cinco j\u00f3venes detenidos,\u2026","rel":"","context":"En \u00abPoliciales\u00bb","block_context":{"text":"Policiales","link":"https:\/\/www.24baires.com\/?cat=49"},"img":{"alt_text":"","src":"","width":0,"height":0},"classes":[]},{"id":101343,"url":"https:\/\/www.24baires.com\/?p=101343","url_meta":{"origin":6918,"position":2},"title":"Gendarmes hieren a un chico por la espalda por saltarse un control vehicular","author":"GB","date":"29\/03\/2018","format":false,"excerpt":"Un joven de 19 a\u00f1os que circulaba en una moto result\u00f3 herido de un balazo por la espalda disparado por gendarmes que lo persiguieron varias cuadras porque evit\u00f3 un control vehicular en Lomas de Zamora. El hecho sucedi\u00f3 en cercan\u00edas de un polideportivo ubicado la Plaza Montiel, en el cruce\u2026","rel":"","context":"En \u00abPoliciales\u00bb","block_context":{"text":"Policiales","link":"https:\/\/www.24baires.com\/?cat=49"},"img":{"alt_text":"","src":"https:\/\/i0.wp.com\/www.24baires.com\/wp-content\/uploads\/2018\/03\/gendarme.jpg?resize=350%2C200","width":350,"height":200,"srcset":"https:\/\/i0.wp.com\/www.24baires.com\/wp-content\/uploads\/2018\/03\/gendarme.jpg?resize=350%2C200 1x, https:\/\/i0.wp.com\/www.24baires.com\/wp-content\/uploads\/2018\/03\/gendarme.jpg?resize=525%2C300 1.5x"},"classes":[]},{"id":7170,"url":"https:\/\/www.24baires.com\/?p=7170","url_meta":{"origin":6918,"position":3},"title":"Contin\u00faa en terapia intensiva Agustina, la joven brutalmente golpeada en Saladillo","author":"AF","date":"29\/11\/2012","format":false,"excerpt":"El director del Hospital de Ni\u00f1os dijo que \u201csu evoluci\u00f3n parece ser buena\u201d y que es tratada por un cuadro de infecci\u00f3n generalizada. A\u00fan permanece internada en la terapia intensiva del Hospital de Ni\u00f1os de La Plata con pron\u00f3stico reservado aunque los especialistas son optimistas sobre su evoluci\u00f3n. El director\u2026","rel":"","context":"En \u00abPoliciales\u00bb","block_context":{"text":"Policiales","link":"https:\/\/www.24baires.com\/?cat=49"},"img":{"alt_text":"","src":"","width":0,"height":0},"classes":[]},{"id":47142,"url":"https:\/\/www.24baires.com\/?p=47142","url_meta":{"origin":6918,"position":4},"title":"Vecinos de Saladillo marcharon en pedido de justicia por el crimen de Marisol","author":"GB","date":"01\/06\/2014","format":false,"excerpt":"En la tarde de ayer una gran cantidad de vecinos particip\u00f3 de la marcha que convocada por familiares y amigos de Marisol Oyhanart. \u201cBasta de impunidad\u201d fue el lema de esta manifestaci\u00f3n en donde de manera respetuosa, con aplausos y pidiendo \u201cjusticia\u201d, se reiter\u00f3 el pedido a las autoridades policiales\u2026","rel":"","context":"En \u00abLocales\u00bb","block_context":{"text":"Locales","link":"https:\/\/www.24baires.com\/?cat=38"},"img":{"alt_text":"marisol2","src":"https:\/\/i0.wp.com\/www.24baires.com\/wp-content\/uploads\/2014\/04\/marisol2.jpg?resize=350%2C200","width":350,"height":200,"srcset":"https:\/\/i0.wp.com\/www.24baires.com\/wp-content\/uploads\/2014\/04\/marisol2.jpg?resize=350%2C200 1x, https:\/\/i0.wp.com\/www.24baires.com\/wp-content\/uploads\/2014\/04\/marisol2.jpg?resize=525%2C300 1.5x"},"classes":[]},{"id":44080,"url":"https:\/\/www.24baires.com\/?p=44080","url_meta":{"origin":6918,"position":5},"title":"Inhumaron los restos de Marisol y Saladillo marcha reclamando justicia","author":"AF","date":"17\/04\/2014","format":false,"excerpt":"dilloLos restos de la mujer encontrada estrangulada en unos pastizales fueron inhumados esta ma\u00f1ana en el cementerio local. Esta tarde habr\u00e1 una concentraci\u00f3n en la plaza local: los vecinos pedir\u00e1n Justicia por Marisol, para que el asesinato no quede impune. Los restos de Marisol Oyhanart, la mujer encontrada estrangulada en\u2026","rel":"","context":"En \u00abLocales\u00bb","block_context":{"text":"Locales","link":"https:\/\/www.24baires.com\/?cat=38"},"img":{"alt_text":"marisol2","src":"https:\/\/i0.wp.com\/www.24baires.com\/wp-content\/uploads\/2014\/04\/marisol2.jpg?resize=350%2C200","width":350,"height":200,"srcset":"https:\/\/i0.wp.com\/www.24baires.com\/wp-content\/uploads\/2014\/04\/marisol2.jpg?resize=350%2C200 1x, https:\/\/i0.wp.com\/www.24baires.com\/wp-content\/uploads\/2014\/04\/marisol2.jpg?resize=525%2C300 1.5x"},"classes":[]}],"jetpack_sharing_enabled":true,"jetpack_likes_enabled":true,"_links":{"self":[{"href":"https:\/\/www.24baires.com\/index.php?rest_route=\/wp\/v2\/posts\/6918","targetHints":{"allow":["GET"]}}],"collection":[{"href":"https:\/\/www.24baires.com\/index.php?rest_route=\/wp\/v2\/posts"}],"about":[{"href":"https:\/\/www.24baires.com\/index.php?rest_route=\/wp\/v2\/types\/post"}],"author":[{"embeddable":true,"href":"https:\/\/www.24baires.com\/index.php?rest_route=\/wp\/v2\/users\/11"}],"replies":[{"embeddable":true,"href":"https:\/\/www.24baires.com\/index.php?rest_route=%2Fwp%2Fv2%2Fcomments&post=6918"}],"version-history":[{"count":3,"href":"https:\/\/www.24baires.com\/index.php?rest_route=\/wp\/v2\/posts\/6918\/revisions"}],"predecessor-version":[{"id":6921,"href":"https:\/\/www.24baires.com\/index.php?rest_route=\/wp\/v2\/posts\/6918\/revisions\/6921"}],"wp:attachment":[{"href":"https:\/\/www.24baires.com\/index.php?rest_route=%2Fwp%2Fv2%2Fmedia&parent=6918"}],"wp:term":[{"taxonomy":"category","embeddable":true,"href":"https:\/\/www.24baires.com\/index.php?rest_route=%2Fwp%2Fv2%2Fcategories&post=6918"},{"taxonomy":"post_tag","embeddable":true,"href":"https:\/\/www.24baires.com\/index.php?rest_route=%2Fwp%2Fv2%2Ftags&post=6918"}],"curies":[{"name":"wp","href":"https:\/\/api.w.org\/{rel}","templated":true}]}}