{"id":69156,"date":"2015-07-16T16:35:19","date_gmt":"2015-07-16T19:35:19","guid":{"rendered":"http:\/\/www.24baires.com\/?p=69156"},"modified":"2015-07-16T16:35:19","modified_gmt":"2015-07-16T19:35:19","slug":"la-corpo-judicial-ataca-de-nuevo","status":"publish","type":"post","link":"https:\/\/www.24baires.com\/?p=69156","title":{"rendered":"La corpo judicial ataca de nuevo"},"content":{"rendered":"<p><img data-recalc-dims=\"1\" loading=\"lazy\" decoding=\"async\" class=\"aligncenter size-full wp-image-69157\" src=\"https:\/\/i0.wp.com\/www.24baires.com\/wp-content\/uploads\/2015\/07\/bonad%C3%ADo.jpg?resize=560%2C311\" alt=\"bonad\u00edo\" width=\"560\" height=\"311\" srcset=\"https:\/\/i0.wp.com\/www.24baires.com\/wp-content\/uploads\/2015\/07\/bonad%C3%ADo.jpg?w=560&amp;ssl=1 560w, https:\/\/i0.wp.com\/www.24baires.com\/wp-content\/uploads\/2015\/07\/bonad%C3%ADo.jpg?resize=300%2C167&amp;ssl=1 300w\" sizes=\"auto, (max-width: 560px) 100vw, 560px\" \/>Hoy la Sala I de la C\u00e1mara Federal apart\u00f3 al Juez Bonad\u00edo de la causa Hotesur. La informaci\u00f3n breve, en una l\u00ednea, puede disparar alg\u00fan alerta sobre la independencia de los miembros del Poder Judicial y sus acciones. De seguro haya quienes ya se est\u00e9n transitando el gastado camino de horror al leer esa oraci\u00f3n del principio y hayan, incluso, empezado a garabatear carteles en donde dir\u00e1n ser Bonad\u00edo, y remarcar\u00e1n ese nuevo \u201cYo soy&#8230;\u201d con los crayones afilados del indignado permanente. Pero hay que leer un poquito m\u00e1s, hay que informarse un poquito m\u00e1s, por esa simple raz\u00f3n de que el diario no haga lo que quiera con nosotros.<!--more--><br \/>\nBonad\u00edo utiliz\u00f3 la polic\u00eda porte\u00f1a, la Metropolitana (esa que cre\u00f3 Mauricio Macri), para recavar documentaci\u00f3n en R\u00edo Gallegos sobre la causa Hotesur. Para tal efecto hizo viajar a 42 efectivos cuyo traslado, estad\u00eda y vi\u00e1ticos fueron pagados con el dinero de los habitantes de la Ciudad Aut\u00f3noma de Buenos Aires. Alg\u00fan porte\u00f1o que lea esto \u00faltimo y est\u00e9 preparando el cartelito del Je Suis, quiz\u00e1 empiece a mirar con desconfianza el cray\u00f3n de siempre. Un tanto irregular, \u00bfno? No s\u00f3lo por el gasto aprobado por el actual Jefe de Gobierno, sino porque son efectivos que dejaron de realizar los trabajos para los que fueron nombrados originalmente, que son la prevenci\u00f3n del delito en CABA.<br \/>\nEl Jefe pol\u00edtico de la Metropolitana es Macri, y esto es una mera operaci\u00f3n contra el Gobierno Nacional, a pocos d\u00edas de las PASO. Sin ning\u00fan inter\u00e9s en discutir los detalles de la causa Hotesur en s\u00ed, -en la que se investigan presuntas irregularidades administrativas y posible lavado de dinero del Hotel Alto Calafate, perteneciente a la familia de la Presidenta-, es insoslayable la connivencia entre el PRO y el accionar de Bonad\u00edo con su disparatado gasto de 10 millones de pesos del erario porte\u00f1o para llegarse hasta Santa Cruz. Eso se llama operaci\u00f3n pol\u00edtica, y casi ni hace falta ponerlo en la coordenada electoral en la que estamos inevitablemente.<br \/>\nAhora quiz\u00e1 est\u00e9n enrollando el cartelito y no se sientan tan Bonad\u00edo, pero pueden solidarizarse con V\u00edctor Hugo Morales, a qui\u00e9n hoy abogados de Clar\u00edn le allanaron la casa por una causa del a\u00f1o 2000. Hay que indignarse por ese atropello a la libertad de expresi\u00f3n, por esta nueva afrenta de la Corporaci\u00f3n Judicial, quien elige cajonear la Causa Papel Prensa, por ejemplo, pero decide estar al pie del ca\u00f1\u00f3n del multimedios y actuar de acuerdo a las necesidades de \u00e9ste.<br \/>\nLa causa contra V\u00edctor Hugo es por transmitir una imagen parcial de un televisor que daba un partido de f\u00fatbol, cuando Clar\u00edn tambi\u00e9n ten\u00eda la transmisi\u00f3n de los partidos. Y ese hecho merece un accionar ejemplar de la justicia, y Papel Prensa y la sangre derramada, no. No es iron\u00eda, es corrupci\u00f3n. Es mafia.<br \/>\nExpliquen qu\u00e9 pruebas de los goles transmitidos de refil\u00f3n puede haber en la casa de V\u00edctor Hugo, 15 a\u00f1os despu\u00e9s. El allanamiento, que es una medida v\u00e1lida judicial, es para buscar pruebas, pero si no hay pruebas para recabar, es un acto de pura intimidaci\u00f3n. Es un intento de amedrentar a un periodista que, sabemos, no comulga con el ideario de Magnetto. Y eso es otra operaci\u00f3n pol\u00edtica en donde el Partido Judicial activa y extiende su largo brazo. Y aprieta.<br \/>\nPodemos entender los ataques, aun sin compartirnos podemos hacer el esfuerzo y entender que estamos presenciando los manotazos de ahogados de las corporaciones que se est\u00e1n dando cuenta que vuelven a perder en Octubre, pero lo que no podemos aceptar es que le insulten la inteligencia a las personas, es todo muy obvio, muy brutal. Es desesperaci\u00f3n y, tambi\u00e9n, todav\u00eda, impunidad.<\/p>\n","protected":false},"excerpt":{"rendered":"<p>Hoy la Sala I de la C\u00e1mara Federal apart\u00f3 al Juez Bonad\u00edo de la causa Hotesur. La informaci\u00f3n breve, en una l\u00ednea, puede disparar alg\u00fan alerta sobre la independencia de los miembros del Poder Judicial y sus acciones. De seguro haya quienes ya se est\u00e9n transitando el gastado camino de horror al leer esa oraci\u00f3n del principio y hayan, incluso, [&#8230;]<\/p>\n","protected":false},"author":4,"featured_media":0,"comment_status":"open","ping_status":"open","sticky":false,"template":"","format":"standard","meta":{"_jetpack_newsletter_access":"","_jetpack_dont_email_post_to_subs":false,"_jetpack_newsletter_tier_id":0,"_jetpack_memberships_contains_paywalled_content":false,"_jetpack_memberships_contains_paid_content":false,"footnotes":""},"categories":[64],"tags":[],"class_list":["post-69156","post","type-post","status-publish","format-standard","hentry","category-opinion"],"jetpack_featured_media_url":"","jetpack_shortlink":"https:\/\/wp.me\/p2JWE0-hZq","jetpack-related-posts":[{"id":69163,"url":"https:\/\/www.24baires.com\/?p=69163","url_meta":{"origin":69156,"position":0},"title":"Hotesur: La C\u00e1mara Federal porte\u00f1a apart\u00f3 por mal desempe\u00f1o al juez Bonadio","author":"Grupo Sierra","date":"16\/07\/2015","format":false,"excerpt":"La sala I de la C\u00e1mara Federal porte\u00f1a apart\u00f3 esta tarde al juez federal Claudio Bonadio de la causa Hotesur, al resolver un planteo de nulidad hecho por la defensa de una de las imputadas, Romina Mercado. La sala I de la C\u00e1mara Federal porte\u00f1a apart\u00f3 esta tarde al juez\u2026","rel":"","context":"En \u00abJUDICIALES\u00bb","block_context":{"text":"JUDICIALES","link":"https:\/\/www.24baires.com\/?cat=68"},"img":{"alt_text":"","src":"","width":0,"height":0},"classes":[]},{"id":107649,"url":"https:\/\/www.24baires.com\/?p=107649","url_meta":{"origin":69156,"position":1},"title":"Cristina no podr\u00e1 viajar a Cuba para acompa\u00f1ar a su hija","author":"AF","date":"12\/04\/2019","format":false,"excerpt":"La ex presidente pidi\u00f3 permiso al juez Bonadio y a tres tribunales para poder salir del pa\u00eds mientras es investigada por diversas causas. El fiscal federal Diego Luciani, que interviene en el caso por el supuesto direccionamiento de la obra p\u00fablica vial de Santa Cruz, se opuso este viernes a\u2026","rel":"","context":"En \u00abJUDICIALES\u00bb","block_context":{"text":"JUDICIALES","link":"https:\/\/www.24baires.com\/?cat=68"},"img":{"alt_text":"","src":"https:\/\/i0.wp.com\/www.24baires.com\/wp-content\/uploads\/2016\/07\/florencia.jpg?resize=350%2C200","width":350,"height":200,"srcset":"https:\/\/i0.wp.com\/www.24baires.com\/wp-content\/uploads\/2016\/07\/florencia.jpg?resize=350%2C200 1x, https:\/\/i0.wp.com\/www.24baires.com\/wp-content\/uploads\/2016\/07\/florencia.jpg?resize=525%2C300 1.5x"},"classes":[]},{"id":70016,"url":"https:\/\/www.24baires.com\/?p=70016","url_meta":{"origin":69156,"position":2},"title":"Wado De Pedro sobre Hotesur: \u201cLas declaraciones de Bonadio son tendenciosas\u201d","author":"AF","date":"04\/08\/2015","format":false,"excerpt":"El secretario General de la Presidencia calific\u00f3 como \u201cmalintencionadas y maliciosas las declaraciones period\u00edsticas formuladas hoy por el juez y advirti\u00f3 sobre \u201cel irregular allanamiento en R\u00edo Gallegos en la causa Hotesur\u201d. \u201cLas continuas presencias y manifestaciones medi\u00e1ticas\u201d del magistrado \u201cdemuestran que m\u00e1s que administrar justicia, como corresponde a todos\u2026","rel":"","context":"En \u00abJUDICIALES\u00bb","block_context":{"text":"JUDICIALES","link":"https:\/\/www.24baires.com\/?cat=68"},"img":{"alt_text":"WADO DE PEDRO","src":"https:\/\/i0.wp.com\/www.24baires.com\/wp-content\/uploads\/2015\/04\/WADO-DE-PEDRO.jpg?resize=350%2C200","width":350,"height":200,"srcset":"https:\/\/i0.wp.com\/www.24baires.com\/wp-content\/uploads\/2015\/04\/WADO-DE-PEDRO.jpg?resize=350%2C200 1x, https:\/\/i0.wp.com\/www.24baires.com\/wp-content\/uploads\/2015\/04\/WADO-DE-PEDRO.jpg?resize=525%2C300 1.5x"},"classes":[]},{"id":57564,"url":"https:\/\/www.24baires.com\/?p=57564","url_meta":{"origin":69156,"position":3},"title":"Jul\u00edan \u00c1lvarez: \u201cBonadio usa causas para extorsionar y hacer pol\u00edtica\u201d","author":"AF","date":"23\/11\/2014","format":false,"excerpt":"El secretario de Justicia, Juli\u00e1n \u00c1lvarez, dijo que el juez, que esta semana dispuso allanamientos a la IGJ y a las oficinas de la empresar Hotesur, \"est\u00e1 armando un escudo frente a los nueve expedientes de destituci\u00f3n\u201d que enfrenta. El secretario de Justicia de la Naci\u00f3n, Juli\u00e1n \u00c1lvarez, en declaraciones\u2026","rel":"","context":"En \u00abJUDICIALES\u00bb","block_context":{"text":"JUDICIALES","link":"https:\/\/www.24baires.com\/?cat=68"},"img":{"alt_text":"Julian Alvarez","src":"https:\/\/i0.wp.com\/www.24baires.com\/wp-content\/uploads\/2014\/02\/Julian-Alvarez.jpg?resize=350%2C200","width":350,"height":200,"srcset":"https:\/\/i0.wp.com\/www.24baires.com\/wp-content\/uploads\/2014\/02\/Julian-Alvarez.jpg?resize=350%2C200 1x, https:\/\/i0.wp.com\/www.24baires.com\/wp-content\/uploads\/2014\/02\/Julian-Alvarez.jpg?resize=525%2C300 1.5x"},"classes":[]},{"id":113554,"url":"https:\/\/www.24baires.com\/?p=113554","url_meta":{"origin":69156,"position":4},"title":"Revocaron la prisi\u00f3n preventiva contra Cristina","author":"AF","date":"23\/12\/2019","format":false,"excerpt":"El tribunal a cargo de la causa dio marcha atr\u00e1s contra la medida que afectaba a la ex presidenta. El Tribunal Federal N\u00b08 decidi\u00f3 revocar la prisi\u00f3n preventiva contra Cristina Kirchner en la causa por el memorandum de entendimiento con Ir\u00e1n. El dictamen hab\u00eda sido promulgado por el juez Claudio\u2026","rel":"","context":"En \u00abJUDICIALES\u00bb","block_context":{"text":"JUDICIALES","link":"https:\/\/www.24baires.com\/?cat=68"},"img":{"alt_text":"","src":"https:\/\/i0.wp.com\/www.24baires.com\/wp-content\/uploads\/2019\/12\/cristina-plaza.jpg?resize=350%2C200","width":350,"height":200,"srcset":"https:\/\/i0.wp.com\/www.24baires.com\/wp-content\/uploads\/2019\/12\/cristina-plaza.jpg?resize=350%2C200 1x, https:\/\/i0.wp.com\/www.24baires.com\/wp-content\/uploads\/2019\/12\/cristina-plaza.jpg?resize=525%2C300 1.5x"},"classes":[]},{"id":61723,"url":"https:\/\/www.24baires.com\/?p=61723","url_meta":{"origin":69156,"position":5},"title":"Cuestionan las filtraciones de un sector del Poder Judicial al Grupo Clar\u00edn","author":"GB","date":"13\/02\/2015","format":false,"excerpt":"En medio de las filtraciones que magistrados enfrentados con el gobierno nacional brindan al Grupo Clar\u00edn, el periodista Jorge Lanata insisti\u00f3 que en poco tiempo m\u00e1s el juez Claudio Bonad\u00edo citar\u00e1 a declarar a M\u00e1ximo Kirchner en el marco de la causa Hotesur. Esta tarde, minutos despu\u00e9s que se conociera\u2026","rel":"","context":"En \u00abPol\u00edtica\u00bb","block_context":{"text":"Pol\u00edtica","link":"https:\/\/www.24baires.com\/?cat=51"},"img":{"alt_text":"","src":"","width":0,"height":0},"classes":[]}],"jetpack_sharing_enabled":true,"jetpack_likes_enabled":true,"_links":{"self":[{"href":"https:\/\/www.24baires.com\/index.php?rest_route=\/wp\/v2\/posts\/69156","targetHints":{"allow":["GET"]}}],"collection":[{"href":"https:\/\/www.24baires.com\/index.php?rest_route=\/wp\/v2\/posts"}],"about":[{"href":"https:\/\/www.24baires.com\/index.php?rest_route=\/wp\/v2\/types\/post"}],"author":[{"embeddable":true,"href":"https:\/\/www.24baires.com\/index.php?rest_route=\/wp\/v2\/users\/4"}],"replies":[{"embeddable":true,"href":"https:\/\/www.24baires.com\/index.php?rest_route=%2Fwp%2Fv2%2Fcomments&post=69156"}],"version-history":[{"count":1,"href":"https:\/\/www.24baires.com\/index.php?rest_route=\/wp\/v2\/posts\/69156\/revisions"}],"predecessor-version":[{"id":69158,"href":"https:\/\/www.24baires.com\/index.php?rest_route=\/wp\/v2\/posts\/69156\/revisions\/69158"}],"wp:attachment":[{"href":"https:\/\/www.24baires.com\/index.php?rest_route=%2Fwp%2Fv2%2Fmedia&parent=69156"}],"wp:term":[{"taxonomy":"category","embeddable":true,"href":"https:\/\/www.24baires.com\/index.php?rest_route=%2Fwp%2Fv2%2Fcategories&post=69156"},{"taxonomy":"post_tag","embeddable":true,"href":"https:\/\/www.24baires.com\/index.php?rest_route=%2Fwp%2Fv2%2Ftags&post=69156"}],"curies":[{"name":"wp","href":"https:\/\/api.w.org\/{rel}","templated":true}]}}