{"id":6910,"date":"2012-11-26T19:12:30","date_gmt":"2012-11-26T22:12:30","guid":{"rendered":"http:\/\/www.24baires.com\/?p=6910"},"modified":"2012-11-26T19:12:30","modified_gmt":"2012-11-26T22:12:30","slug":"la-oposicion-en-azul-anuncia-que-llevara-a-la-justicia-una-controvertida-licitacion-de-inza","status":"publish","type":"post","link":"https:\/\/www.24baires.com\/?p=6910","title":{"rendered":"La oposici\u00f3n en Azul anuncia que llevar\u00e1 a la Justicia una controvertida licitaci\u00f3n de Inza"},"content":{"rendered":"<p><img data-recalc-dims=\"1\" loading=\"lazy\" decoding=\"async\" class=\"alignleft size-medium wp-image-5767\" title=\"Inza\" src=\"https:\/\/i0.wp.com\/www.24baires.com\/wp-content\/uploads\/2012\/11\/Inza1.jpg?resize=300%2C206\" alt=\"\" width=\"300\" height=\"206\" srcset=\"https:\/\/i0.wp.com\/www.24baires.com\/wp-content\/uploads\/2012\/11\/Inza1.jpg?resize=300%2C206&amp;ssl=1 300w, https:\/\/i0.wp.com\/www.24baires.com\/wp-content\/uploads\/2012\/11\/Inza1.jpg?w=560&amp;ssl=1 560w\" sizes=\"auto, (max-width: 300px) 100vw, 300px\" \/> <a href=\"http:\/\/www.24baires.com\/municipios\/6127-interpelaron-al-intendente-de-azul-por-irregularidades-en-su-gestion\/\" target=\"_blank\">El pasado d\u00eda martes se llev\u00f3 a cabo la Sesi\u00f3n Especial del Concejo Deliberante<\/a> mediante la cual se efectu\u00f3 la interpelaci\u00f3n al Intendente Municipal, Jos\u00e9 Inza, pedida por los Bloque de la UCR, el FAP y Uni\u00f3n Pro, por la Licitaci\u00f3n P\u00fablica a trav\u00e9s de la cual se intent\u00f3 privatizar el Cobro de Deudas de Tributos Municipales \u00abcon graves irregularidades detectadas en todo su proceso licitatorio\u00bb escribieron desde la oposici\u00f3n en un comunicado.\u00a0<!--more--><\/p>\n<p>M\u00e1s adelante el comunicado opositor asegura \u00abEl Intendente Municipal respondi\u00f3 con evasivas y vacilaciones la gran mayor\u00eda de las preguntas formuladas por los concejales de los tres bloques opositores y una vez finalizada la Interpelaci\u00f3n, lejos de disiparse las dudas sobre las graves irregularidades planteadas, las mismas persisten y otras se han confirmado, como por ejemplo la no invalidaci\u00f3n de la Oferta presentada por una de las Empresas Oferentes por no cumplir con el Patrimonio Neto exigido por el Pliego Licitatorio de Bases y Condiciones\u00bb.<\/p>\n<p>\u00abEn otro orden, llamativamente no se invit\u00f3 a otras empresas existentes del rubro a que hicieran su oferta y ni siquiera se dej\u00f3 constancia en el Expediente los motivos por los cuales las mismas no fueron invitadas a participar de la Licitaci\u00f3n\u00bb dijeron en forma tajante.<\/p>\n<p>Por \u00faltimo expresaron \u00abLa clarificaci\u00f3n de todas estas situaciones es absolutamente necesaria ante la comunidad y servir\u00e1n para ir en la b\u00fasqueda de la verdad material de los hechos, no alcanzada por la Interpelaci\u00f3n llevada a cabo d\u00edas pasados.Como Concejales, en uso de nuestras leg\u00edtimas facultades, debemos velar por la Transparencia y Legalidad de los Actos P\u00fablicos y la defensa del Patrimonio Municipal. Raz\u00f3n por la cual, en los pr\u00f3ximos d\u00edas, los Bloques de Concejales del FAP y la UCR recurrir\u00e1n al Se\u00f1or Fiscal en el Fuero Penal a los efectos que sea la propia Justicia, en uso de sus atribuciones y funciones, la que, de corresponder, determine las responsabilidades penales competentes\u00bb.<\/p>\n<p>&nbsp;<\/p>\n<p>&nbsp;<\/p>\n<p>&nbsp;<\/p>\n","protected":false},"excerpt":{"rendered":"<p>El pasado d\u00eda martes se llev\u00f3 a cabo la Sesi\u00f3n Especial del Concejo Deliberante mediante la cual se efectu\u00f3 la interpelaci\u00f3n al Intendente Municipal, Jos\u00e9 Inza, pedida por los Bloque de la UCR, el FAP y Uni\u00f3n Pro, por la Licitaci\u00f3n P\u00fablica a trav\u00e9s de la cual se intent\u00f3 privatizar el Cobro de Deudas de Tributos Municipales \u00abcon graves irregularidades [&#8230;]<\/p>\n","protected":false},"author":11,"featured_media":0,"comment_status":"open","ping_status":"open","sticky":false,"template":"","format":"standard","meta":{"_jetpack_newsletter_access":"","_jetpack_dont_email_post_to_subs":false,"_jetpack_newsletter_tier_id":0,"_jetpack_memberships_contains_paywalled_content":false,"_jetpack_memberships_contains_paid_content":false,"footnotes":""},"categories":[44],"tags":[],"class_list":["post-6910","post","type-post","status-publish","format-standard","hentry","category-municipios"],"jetpack_featured_media_url":"","jetpack_shortlink":"https:\/\/wp.me\/p2JWE0-1Ns","jetpack-related-posts":[{"id":6127,"url":"https:\/\/www.24baires.com\/?p=6127","url_meta":{"origin":6910,"position":0},"title":"Interpelaron al Intendente de Azul por irregularidades en su gesti\u00f3n","author":"AF","date":"20\/11\/2012","format":false,"excerpt":"AZUL -\u00a0El intendente municipal, Jos\u00e9 Inza present\u00f3 un informe en el Concejo Deliberante de esa localidad sobre el proceso de licitaci\u00f3n por el cobro de deuda de tasas municipales, y respondi\u00f3 as\u00ed las preguntas que efectuaron los integrantes de la oposici\u00f3n. En ese sentido, destac\u00f3 que su presencia en el\u2026","rel":"","context":"En \u00abMunicipios\u00bb","block_context":{"text":"Municipios","link":"https:\/\/www.24baires.com\/?cat=44"},"img":{"alt_text":"","src":"https:\/\/i0.wp.com\/www.24baires.com\/wp-content\/uploads\/2012\/11\/Inza-Azul.jpg?resize=350%2C200","width":350,"height":200,"srcset":"https:\/\/i0.wp.com\/www.24baires.com\/wp-content\/uploads\/2012\/11\/Inza-Azul.jpg?resize=350%2C200 1x, https:\/\/i0.wp.com\/www.24baires.com\/wp-content\/uploads\/2012\/11\/Inza-Azul.jpg?resize=525%2C300 1.5x"},"classes":[]},{"id":4889,"url":"https:\/\/www.24baires.com\/?p=4889","url_meta":{"origin":6910,"position":1},"title":"El intendente de Azul denunci\u00f3 una &#8216;intenci\u00f3n destituyente&#8217;","author":"AF","date":"10\/11\/2012","format":false,"excerpt":"La oposici\u00f3n local interpelar\u00e1 la semana que viene al intendente Jos\u00e9 Inza por supuestas irregularidades en una licitaci\u00f3n para el cobro de deudas municipales. El jefe comunal denunci\u00f3 una maniobra pol\u00edtica contra su gesti\u00f3n y no descart\u00f3 un eventual intento destituyente. \u201cEs bastante sencillo lograr ese cometido con la legislaci\u00f3n\u2026","rel":"","context":"En \u00abMunicipios\u00bb","block_context":{"text":"Municipios","link":"https:\/\/www.24baires.com\/?cat=44"},"img":{"alt_text":"","src":"https:\/\/i0.wp.com\/www.24baires.com\/wp-content\/uploads\/2012\/11\/Inza-300x206.jpg?resize=350%2C200","width":350,"height":200},"classes":[]},{"id":31583,"url":"https:\/\/www.24baires.com\/?p=31583","url_meta":{"origin":6910,"position":2},"title":"Azul: aprobaron la creaci\u00f3n de una comisi\u00f3n para investigar al intendente Jos\u00e9 Inza","author":"AF","date":"10\/09\/2013","format":false,"excerpt":"El Concejo Deliberante de Azul aprob\u00f3 la creaci\u00f3n de una comisi\u00f3n investigadora para analizar una serie de presuntas irregularidades cometidas por el intendente local, Jos\u00e9 Inza. Tras casi dos horas de debate, el deliberativo local aprob\u00f3 en la noche del lunes por 13 votos a 1 la propuesta de la\u2026","rel":"","context":"En \u00abLocales\u00bb","block_context":{"text":"Locales","link":"https:\/\/www.24baires.com\/?cat=38"},"img":{"alt_text":"Inza","src":"https:\/\/i0.wp.com\/www.24baires.com\/wp-content\/uploads\/2012\/11\/Inza1.jpg?resize=350%2C200","width":350,"height":200,"srcset":"https:\/\/i0.wp.com\/www.24baires.com\/wp-content\/uploads\/2012\/11\/Inza1.jpg?resize=350%2C200 1x, https:\/\/i0.wp.com\/www.24baires.com\/wp-content\/uploads\/2012\/11\/Inza1.jpg?resize=525%2C300 1.5x"},"classes":[]},{"id":31027,"url":"https:\/\/www.24baires.com\/?p=31027","url_meta":{"origin":6910,"position":3},"title":"Inza, intendente de Azul: \u201cQuieren separarme de mi cargo antes de los comicios legislativos\u201d","author":"AF","date":"30\/08\/2013","format":false,"excerpt":"Seg\u00fan afirm\u00f3 el Jefe Comunal, el presidente del HCD, Alejandro Lozano, se ali\u00f3 con los bloques opositores del FAP y UCR para llevar adelante un quiebre de la l\u00ednea institucional y separarlo de su cargo. \u201cEl Gobierno Nacional ya ha denunciado varios intentos de desestabilizaci\u00f3n que apuntan a debilitar al\u2026","rel":"","context":"En \u00abLocales\u00bb","block_context":{"text":"Locales","link":"https:\/\/www.24baires.com\/?cat=38"},"img":{"alt_text":"Inza","src":"https:\/\/i0.wp.com\/www.24baires.com\/wp-content\/uploads\/2012\/11\/Inza1.jpg?resize=350%2C200","width":350,"height":200,"srcset":"https:\/\/i0.wp.com\/www.24baires.com\/wp-content\/uploads\/2012\/11\/Inza1.jpg?resize=350%2C200 1x, https:\/\/i0.wp.com\/www.24baires.com\/wp-content\/uploads\/2012\/11\/Inza1.jpg?resize=525%2C300 1.5x"},"classes":[]},{"id":30965,"url":"https:\/\/www.24baires.com\/?p=30965","url_meta":{"origin":6910,"position":4},"title":"Crear\u00e1n una comisi\u00f3n para investigar sobresueldos en Azul","author":"AF","date":"29\/08\/2013","format":false,"excerpt":"As\u00ed lo propusieron desde el Concejo Deliberante, luego de la interpelaci\u00f3n a funcionarios locales, a la que fue convocado tambi\u00e9n el intendente local, Jos\u00e9 Inza. Adem\u00e1s del excesivo pago de horas extras a personal municipal, los ediles advierten irregularidades en el registro de actos administrativos, pago de sobresueldos a algunos\u2026","rel":"","context":"En \u00abLocales\u00bb","block_context":{"text":"Locales","link":"https:\/\/www.24baires.com\/?cat=38"},"img":{"alt_text":"","src":"","width":0,"height":0},"classes":[]},{"id":30781,"url":"https:\/\/www.24baires.com\/?p=30781","url_meta":{"origin":6910,"position":5},"title":"Interpelan hoy por \u00abirregularidades\u00bb a Jos\u00e9 Inza, intendente de Azul","author":"AF","date":"26\/08\/2013","format":false,"excerpt":"Hoy a partir de las 20 horas, el Concejo Deliberante de Azul volver\u00e1 a interpelar al intendente local, Jos\u00e9 Inza, por las presuntas irregularidades en diferentes decretos y actos administrativos. El cuerpo legislativo decidi\u00f3 por mayor\u00eda convocar al jefe comunal para consultarlo sobre por las presuntas irregularidades que desde la\u2026","rel":"","context":"En \u00abLocales\u00bb","block_context":{"text":"Locales","link":"https:\/\/www.24baires.com\/?cat=38"},"img":{"alt_text":"Inza","src":"https:\/\/i0.wp.com\/www.24baires.com\/wp-content\/uploads\/2012\/11\/Inza1.jpg?resize=350%2C200","width":350,"height":200,"srcset":"https:\/\/i0.wp.com\/www.24baires.com\/wp-content\/uploads\/2012\/11\/Inza1.jpg?resize=350%2C200 1x, https:\/\/i0.wp.com\/www.24baires.com\/wp-content\/uploads\/2012\/11\/Inza1.jpg?resize=525%2C300 1.5x"},"classes":[]}],"jetpack_sharing_enabled":true,"jetpack_likes_enabled":true,"_links":{"self":[{"href":"https:\/\/www.24baires.com\/index.php?rest_route=\/wp\/v2\/posts\/6910","targetHints":{"allow":["GET"]}}],"collection":[{"href":"https:\/\/www.24baires.com\/index.php?rest_route=\/wp\/v2\/posts"}],"about":[{"href":"https:\/\/www.24baires.com\/index.php?rest_route=\/wp\/v2\/types\/post"}],"author":[{"embeddable":true,"href":"https:\/\/www.24baires.com\/index.php?rest_route=\/wp\/v2\/users\/11"}],"replies":[{"embeddable":true,"href":"https:\/\/www.24baires.com\/index.php?rest_route=%2Fwp%2Fv2%2Fcomments&post=6910"}],"version-history":[{"count":4,"href":"https:\/\/www.24baires.com\/index.php?rest_route=\/wp\/v2\/posts\/6910\/revisions"}],"predecessor-version":[{"id":6917,"href":"https:\/\/www.24baires.com\/index.php?rest_route=\/wp\/v2\/posts\/6910\/revisions\/6917"}],"wp:attachment":[{"href":"https:\/\/www.24baires.com\/index.php?rest_route=%2Fwp%2Fv2%2Fmedia&parent=6910"}],"wp:term":[{"taxonomy":"category","embeddable":true,"href":"https:\/\/www.24baires.com\/index.php?rest_route=%2Fwp%2Fv2%2Fcategories&post=6910"},{"taxonomy":"post_tag","embeddable":true,"href":"https:\/\/www.24baires.com\/index.php?rest_route=%2Fwp%2Fv2%2Ftags&post=6910"}],"curies":[{"name":"wp","href":"https:\/\/api.w.org\/{rel}","templated":true}]}}