{"id":6893,"date":"2012-11-26T18:39:30","date_gmt":"2012-11-26T21:39:30","guid":{"rendered":"http:\/\/www.24baires.com\/?p=6893"},"modified":"2012-11-27T12:02:08","modified_gmt":"2012-11-27T15:02:08","slug":"los-periodistas-estan-denunciados-no-fueron-citados-como-testigos-dijeron-desde-el-cels","status":"publish","type":"post","link":"https:\/\/www.24baires.com\/?p=6893","title":{"rendered":"\u00abLos periodistas est\u00e1n denunciados, no fueron citados como testigos\u00bb dijeron desde el CELS"},"content":{"rendered":"<p><img data-recalc-dims=\"1\" loading=\"lazy\" decoding=\"async\" class=\"aligncenter size-full wp-image-6906\" title=\"conferencia cels\" src=\"https:\/\/i0.wp.com\/www.24baires.com\/wp-content\/uploads\/2012\/11\/conferencia-cels.jpg?resize=557%2C264\" alt=\"\" width=\"557\" height=\"264\" srcset=\"https:\/\/i0.wp.com\/www.24baires.com\/wp-content\/uploads\/2012\/11\/conferencia-cels.jpg?w=557&amp;ssl=1 557w, https:\/\/i0.wp.com\/www.24baires.com\/wp-content\/uploads\/2012\/11\/conferencia-cels.jpg?resize=300%2C142&amp;ssl=1 300w\" sizes=\"auto, (max-width: 557px) 100vw, 557px\" \/><\/p>\n<p>El titular del CELS, Horacio Verbistsky, asegur\u00f3 que \u00abexiste una contradicci\u00f3n flagrante entre la denuncia\u00bb formulada por Clar\u00edn contra periodistas y \u00abla aclaraci\u00f3n del abogado\u00bb del multimedio, a quien acus\u00f3 de mentir porque \u00abfueron denunciados e igualados con funcionarios\u00bb.<!--more--><\/p>\n<p>As\u00ed lo expres\u00f3 esta tarde, al presentarse formalmente en la sede del organismo la defensa que ejercer\u00e1 el CELS de los periodistas acusados por el Grupo por \u00abincitaci\u00f3n a la violencia\u00bb.<\/p>\n<p>La aclaraci\u00f3n fue realizada mediante una conferencia en el edificio que tiene el Centro en la ciudad de Buenos Aires. All\u00ed, Verbitsky ratific\u00f3 este lunes que se har\u00e1n cargo de la defensa de Javier Vicente, Roberto Caballero, Orlando Barone, Sandra Russo, Edgardo Mocca y Nora Veiras.<\/p>\n<p>Dami\u00e1n Loretti, secretario de la Comisi\u00f3n Directiva del CELS, analiz\u00f3 la contradicci\u00f3n entre lo que dice el documento y lo que ahora aclara el Grupo. \u00abEn la denuncia se mencionan como propagadores de dichos que incitan a la violencia\u00bb, confirm\u00f3.\u00a0\u00abLos nombres de los periodistas aparecen en los mismos p\u00e1rrafos, condiciones y caracter\u00edsticas\u00bb de los denunciados, precis\u00f3 Loretti, quien de todas formas expres\u00f3: \u00abNo encontramos de qu\u00e9 modo pueden ser citados como testigos\u00bb. \u00abLa aclaraci\u00f3n no se corresponde\u00bb, concluy\u00f3, entonces, antes de opinar que \u00abtener a periodistas declarando como testigos tambi\u00e9n es intimidatorio\u00bb.<\/p>\n<p>Verbitsky sostuvo: \u00abAl asumir la defensa penal continuamos con una tradici\u00f3n que el CELS viene siguiendo permanentemente. Defendimos a Eduardo Kimel y a Jorge Fontevecchia\u00bb, mientras que previamente el director de Comunicaci\u00f3n de la entidad, Diego de Charras, ley\u00f3 parte de las cartas de solidaridad con los periodistas.<\/p>\n","protected":false},"excerpt":{"rendered":"<p>El titular del CELS, Horacio Verbistsky, asegur\u00f3 que \u00abexiste una contradicci\u00f3n flagrante entre la denuncia\u00bb formulada por Clar\u00edn contra periodistas y \u00abla aclaraci\u00f3n del abogado\u00bb del multimedio, a quien acus\u00f3 de mentir porque \u00abfueron denunciados e igualados con funcionarios\u00bb.<\/p>\n","protected":false},"author":11,"featured_media":0,"comment_status":"open","ping_status":"open","sticky":false,"template":"","format":"standard","meta":{"_jetpack_newsletter_access":"","_jetpack_dont_email_post_to_subs":false,"_jetpack_newsletter_tier_id":0,"_jetpack_memberships_contains_paywalled_content":false,"_jetpack_memberships_contains_paid_content":false,"footnotes":""},"categories":[1],"tags":[],"class_list":["post-6893","post","type-post","status-publish","format-standard","hentry","category-sociedad"],"jetpack_featured_media_url":"","jetpack_shortlink":"https:\/\/wp.me\/p2JWE0-1Nb","jetpack-related-posts":[{"id":116948,"url":"https:\/\/www.24baires.com\/?p=116948","url_meta":{"origin":6893,"position":0},"title":"En Argentina, 1.532 mujeres afrontan causas penales por aborto","author":"AF","date":"28\/12\/2020","format":false,"excerpt":"As\u00ed lo indica un informe del CELS que recopila datos desde 2012 y que fue elevado al Senado, que este martes debatir\u00e1 la interrupci\u00f3n legal del embarazo. En la previa del debate por la Interrupci\u00f3n Voluntaria del Embarazo, el Centro de Estudios Legales y Sociales (CELS) public\u00f3 un informe seg\u00fan\u2026","rel":"","context":"En \u00abSociedad\u00bb","block_context":{"text":"Sociedad","link":"https:\/\/www.24baires.com\/?cat=1"},"img":{"alt_text":"","src":"https:\/\/i0.wp.com\/www.24baires.com\/wp-content\/uploads\/2019\/02\/pa%C3%B1uelo-aborto.jpg?resize=350%2C200","width":350,"height":200,"srcset":"https:\/\/i0.wp.com\/www.24baires.com\/wp-content\/uploads\/2019\/02\/pa%C3%B1uelo-aborto.jpg?resize=350%2C200 1x, https:\/\/i0.wp.com\/www.24baires.com\/wp-content\/uploads\/2019\/02\/pa%C3%B1uelo-aborto.jpg?resize=525%2C300 1.5x"},"classes":[]},{"id":6810,"url":"https:\/\/www.24baires.com\/?p=6810","url_meta":{"origin":6893,"position":1},"title":"El CELS se har\u00e1 cargo de la defensa de los periodistas denunciados por Clar\u00edn","author":"AF","date":"26\/11\/2012","format":false,"excerpt":"El Centro de Estudios Legales y Sociales (CELS) anunciar\u00e1 este lunes que asumir\u00e1 la defensa de Roberto Caballero, Sandra Russo, Nora Veiras, Javier Vicente, Edgardo Mocca y Orlando Barone, quienes fueron denunciados penalmente por el grupo. La decisi\u00f3n fue difundida por medio de un comunicado de prensa firmado por su\u2026","rel":"","context":"En \u00abMedios\u00bb","block_context":{"text":"Medios","link":"https:\/\/www.24baires.com\/?cat=54"},"img":{"alt_text":"","src":"https:\/\/i0.wp.com\/www.24baires.com\/wp-content\/uploads\/2012\/11\/Verbitsky.jpg?resize=350%2C200","width":350,"height":200,"srcset":"https:\/\/i0.wp.com\/www.24baires.com\/wp-content\/uploads\/2012\/11\/Verbitsky.jpg?resize=350%2C200 1x, https:\/\/i0.wp.com\/www.24baires.com\/wp-content\/uploads\/2012\/11\/Verbitsky.jpg?resize=525%2C300 1.5x"},"classes":[]},{"id":88121,"url":"https:\/\/www.24baires.com\/?p=88121","url_meta":{"origin":6893,"position":2},"title":"Milani sobre Verbitsky: \u00abTiene que explicar su paso por la dictadura militar\u00bb","author":"AF","date":"29\/09\/2016","format":false,"excerpt":"El ex jefe del Ej\u00e9rcito volvi\u00f3 a negar su participaci\u00f3n en la desaparici\u00f3n del soldado Alberto Ledo y cuestion\u00f3 al periodista y titular del CELS. C\u00e9sar Milani, ex jefe del Ej\u00e9rcito, enfrenta acusaciones tanto por delitos ligados a la represi\u00f3n ilegal como por enriquecimiento il\u00edcito. Esta ma\u00f1ana se defendi\u00f3 de\u2026","rel":"","context":"En \u00abPol\u00edtica\u00bb","block_context":{"text":"Pol\u00edtica","link":"https:\/\/www.24baires.com\/?cat=51"},"img":{"alt_text":"Verbitsky","src":"https:\/\/i0.wp.com\/www.24baires.com\/wp-content\/uploads\/2012\/11\/Verbitsky.jpg?resize=350%2C200","width":350,"height":200,"srcset":"https:\/\/i0.wp.com\/www.24baires.com\/wp-content\/uploads\/2012\/11\/Verbitsky.jpg?resize=350%2C200 1x, https:\/\/i0.wp.com\/www.24baires.com\/wp-content\/uploads\/2012\/11\/Verbitsky.jpg?resize=525%2C300 1.5x"},"classes":[]},{"id":37807,"url":"https:\/\/www.24baires.com\/?p=37807","url_meta":{"origin":6893,"position":3},"title":"El CELS quiere formar parte de la causa contra el ex juez Hooft","author":"GB","date":"02\/01\/2014","format":false,"excerpt":"El Centro de Estudios Legales y Sociales present\u00f3 ante el Juzgado Federal 3 de Mar del Plata un petitorio para ser aceptado como \"amicus curiae\", en la causa que investiga por delitos de lesa humanidad al juez suspendido Pedro Federico Hooft. En el escrito, el CELS realiz\u00f3 una rese\u00f1a del\u2026","rel":"","context":"En \u00abMemoria\u00bb","block_context":{"text":"Memoria","link":"https:\/\/www.24baires.com\/?cat=50"},"img":{"alt_text":"","src":"","width":0,"height":0},"classes":[]},{"id":6787,"url":"https:\/\/www.24baires.com\/?p=6787","url_meta":{"origin":6893,"position":4},"title":"Repudio generalizado al grupo de Magnetto por pedir c\u00e1rcel para periodistas","author":"Grupo Sierra","date":"25\/11\/2012","format":false,"excerpt":"Organizaciones de DD.HH, de trabajadores de prensa, funcionarios y legisladores expresaron su repudio a la denuncia del grupo a periodistas y dirigentes que se manifiestan a favor de la aplicaci\u00f3n de la norma. La acci\u00f3n penal fue interpuesta por los abogados del Grupo Clar\u00edn el jueves pasado, a trav\u00e9s de\u2026","rel":"","context":"En \u00abPol\u00edtica\u00bb","block_context":{"text":"Pol\u00edtica","link":"https:\/\/www.24baires.com\/?cat=51"},"img":{"alt_text":"","src":"https:\/\/i0.wp.com\/www.24baires.com\/wp-content\/uploads\/2012\/11\/repudio-clarin.jpg?resize=350%2C200","width":350,"height":200,"srcset":"https:\/\/i0.wp.com\/www.24baires.com\/wp-content\/uploads\/2012\/11\/repudio-clarin.jpg?resize=350%2C200 1x, https:\/\/i0.wp.com\/www.24baires.com\/wp-content\/uploads\/2012\/11\/repudio-clarin.jpg?resize=525%2C300 1.5x"},"classes":[]},{"id":92948,"url":"https:\/\/www.24baires.com\/?p=92948","url_meta":{"origin":6893,"position":5},"title":"\u00abNi Una Menos\u00bb en el CELS: \u00abLas detenciones fueron arbitrarias e injustas\u00bb","author":"GB","date":"09\/03\/2017","format":false,"excerpt":"El colectivo que organiz\u00f3 el paro y la manifestaci\u00f3n por el D\u00eda Internacional de la Mujer, realiz\u00f3 una conferencia de prensa en el CELS (Centro de Estudios Legales y Sociales), donde las v\u00edctimas de la \"razzia policial\" contaron el calvario que vivieron y por el cual fueron detenidas 20 mujeres.\u2026","rel":"","context":"En \u00abSociedad\u00bb","block_context":{"text":"Sociedad","link":"https:\/\/www.24baires.com\/?cat=1"},"img":{"alt_text":"","src":"https:\/\/i0.wp.com\/www.24baires.com\/wp-content\/uploads\/2017\/03\/dia-de-la-mujer.jpg?resize=350%2C200","width":350,"height":200,"srcset":"https:\/\/i0.wp.com\/www.24baires.com\/wp-content\/uploads\/2017\/03\/dia-de-la-mujer.jpg?resize=350%2C200 1x, https:\/\/i0.wp.com\/www.24baires.com\/wp-content\/uploads\/2017\/03\/dia-de-la-mujer.jpg?resize=525%2C300 1.5x"},"classes":[]}],"jetpack_sharing_enabled":true,"jetpack_likes_enabled":true,"_links":{"self":[{"href":"https:\/\/www.24baires.com\/index.php?rest_route=\/wp\/v2\/posts\/6893","targetHints":{"allow":["GET"]}}],"collection":[{"href":"https:\/\/www.24baires.com\/index.php?rest_route=\/wp\/v2\/posts"}],"about":[{"href":"https:\/\/www.24baires.com\/index.php?rest_route=\/wp\/v2\/types\/post"}],"author":[{"embeddable":true,"href":"https:\/\/www.24baires.com\/index.php?rest_route=\/wp\/v2\/users\/11"}],"replies":[{"embeddable":true,"href":"https:\/\/www.24baires.com\/index.php?rest_route=%2Fwp%2Fv2%2Fcomments&post=6893"}],"version-history":[{"count":3,"href":"https:\/\/www.24baires.com\/index.php?rest_route=\/wp\/v2\/posts\/6893\/revisions"}],"predecessor-version":[{"id":6973,"href":"https:\/\/www.24baires.com\/index.php?rest_route=\/wp\/v2\/posts\/6893\/revisions\/6973"}],"wp:attachment":[{"href":"https:\/\/www.24baires.com\/index.php?rest_route=%2Fwp%2Fv2%2Fmedia&parent=6893"}],"wp:term":[{"taxonomy":"category","embeddable":true,"href":"https:\/\/www.24baires.com\/index.php?rest_route=%2Fwp%2Fv2%2Fcategories&post=6893"},{"taxonomy":"post_tag","embeddable":true,"href":"https:\/\/www.24baires.com\/index.php?rest_route=%2Fwp%2Fv2%2Ftags&post=6893"}],"curies":[{"name":"wp","href":"https:\/\/api.w.org\/{rel}","templated":true}]}}