{"id":6880,"date":"2012-11-26T15:51:16","date_gmt":"2012-11-26T18:51:16","guid":{"rendered":"http:\/\/www.24baires.com\/?p=6880"},"modified":"2012-11-26T15:51:16","modified_gmt":"2012-11-26T18:51:16","slug":"cantero-descarta-campana-contra-el-rojo","status":"publish","type":"post","link":"https:\/\/www.24baires.com\/?p=6880","title":{"rendered":"Cantero descarta campa\u00f1a contra el &#8216;Rojo&#8217;"},"content":{"rendered":"<p><img data-recalc-dims=\"1\" loading=\"lazy\" decoding=\"async\" class=\"aligncenter size-full wp-image-5700\" title=\"cantero\" src=\"https:\/\/i0.wp.com\/www.24baires.com\/wp-content\/uploads\/2012\/11\/cantero.jpg?resize=560%2C335\" alt=\"\" width=\"560\" height=\"335\" srcset=\"https:\/\/i0.wp.com\/www.24baires.com\/wp-content\/uploads\/2012\/11\/cantero.jpg?w=560&amp;ssl=1 560w, https:\/\/i0.wp.com\/www.24baires.com\/wp-content\/uploads\/2012\/11\/cantero.jpg?resize=300%2C179&amp;ssl=1 300w\" sizes=\"auto, (max-width: 560px) 100vw, 560px\" \/><\/p>\n<p>El presidente de Independiente descart\u00f3 una campa\u00f1a en perjuicio del equipo de Am\u00e9rico Gallego, que se ubica en zona de descenso, y asegur\u00f3 que su relaci\u00f3n con el presidente de AFA, Julio Grondona, es \u00abinmejorable\u00bb. El plantel se entren\u00f3 esta ma\u00f1ana en el predio de Villa Dom\u00ednico con vistas al partido que debe completar el mi\u00e9rcoles ante Belgrano de C\u00f3rdoba.<!--more--><\/p>\n<p>El presidente de Independiente, Javier Cantero, anticip\u00f3 hoy que \u00ablos pr\u00f3ximos seis meses ser\u00e1n los m\u00e1s importantes en la historia\u00bb del club, ante el riesgo concreto de perder por primera vez la categor\u00eda en la m\u00e1xima divisi\u00f3n del f\u00fatbol argentino.<\/p>\n<p>En di\u00e1logo con radio \u00abLa Red\u00bb, el dirigente descart\u00f3 una campa\u00f1a en perjuicio del equipo de Am\u00e9rico Gallego, que se ubica en zona de descenso, y asegur\u00f3 que su relaci\u00f3n con el presidente de AFA, Julio Grondona, es \u00abinmejorable\u00bb.<\/p>\n<p>\u00abNo s\u00e9 por qu\u00e9 dicen que nos quieren tumbar\u00bb, afirm\u00f3 el titular del club de Avellaneda en un intento de despejar dudas sobre un eventual boicot. Enrolado en una f\u00e9rrea lucha contra la barra brava del club, que lo diferencia de la mayor\u00eda de la dirigencia futbol\u00edstica argentina, Cantero tambi\u00e9n afirm\u00f3 que mantiene una \u00abbuena relaci\u00f3n\u00bb con sus pares, a excepci\u00f3n del titular de Boca, Daniel Angelici.<\/p>\n<p>Las discrepancias entre ambos se produjeron en mayo pasado, cuando el titular de Independiente cuestion\u00f3 al de Boca por no acompa\u00f1arlo en su intenci\u00f3n de enfrentar y erradicar a la vioencia en el f\u00fatbol argentino.<\/p>\n<p>Posteriormente, Cantero, al igual que el DT, Am\u00e9rico Gallego, se quej\u00f3 por el arbitraje de N\u00e9stor Pitana en el pasado cl\u00e1sico con River Plate (2-2), que omiti\u00f3 \u00abdos penales claros\u00bb.<\/p>\n<p>En su opini\u00f3n, el refer\u00ed dej\u00f3 pasar una infracci\u00f3n al delantero Ernesto Far\u00edas por parte del defensor de River Gabriel Mercado en el punto penal, y tambi\u00e9n desestim\u00f3 la acci\u00f3n donde Leandro Gonz\u00e1lez P\u00edrez toc\u00f3 el bal\u00f3n con la mano en el \u00e1rea, a los 35 minutos del segundo tiempo, luego de un centro de Fabi\u00e1n Vargas. \u00abFar\u00edas me dijo que se le hab\u00edan tirado encima. Habl\u00e9 con Pitana despu\u00e9s del partido, pero me guardo lo que le dije\u00bb, apunt\u00f3.<\/p>\n<p>Luego, anticip\u00f3 que para el partido con San Lorenzo reclamar\u00e1 \u00abun arbitro de experiencia\u00bb y confi\u00f3 en que lo va \u00aba lograr\u00bb, pese al escepticismo que mostr\u00f3 Gallego para imponer condiciones ante el club de Boedo.<\/p>\n<p>En el orden futbol\u00edstico, el plantel de Independiente se entren\u00f3 esta ma\u00f1ana en el predio de Villa Dom\u00ednico con vistas al partido que debe completar el mi\u00e9rcoles ante Belgrano de C\u00f3rdoba, correspondiente a la 15ta. fecha del torneo Inicial y que fue suspendido en desventaja por 1-0 al comenzar el segundo tiempo por una agresi\u00f3n con bombas de estruendo al arquero Juan Carlos Olave.<\/p>\n<p>Una vez finalizada la pr\u00e1ctica, donde los jugadores solo realizaron ejercicios f\u00edsicos, Gallego dio la lista de concentrados.<\/p>\n<p>La misma se compone con Hilario Navarro, Diego Rodr\u00edguez, Cristian Tula, Samuel C\u00e1ceres, Leonel Galeano, Juli\u00e1n Vel\u00e1zquez, Fabi\u00e1n Vargas, Roberto Batti\u00f3n, Hern\u00e1n Fredes, Fabi\u00e1n Monserrat, Osmar Ferreyra, Paulo Rosales, Cristian Ort\u00edz, Jonathan Santana, Far\u00edas, Mart\u00edn Ben\u00edtez, Patricio Vidal y Diego Chur\u00edn.<\/p>\n<p>En tanto, el volante Federico Mancuello, quien sufri\u00f3 una molestia muscular ante River, ma\u00f1ana se someter\u00e1 a estudios m\u00e9dicos para conocer el grado de su lesi\u00f3n.<\/p>\n<p>Por su parte, el defensor Claudio Morel Rodriguez y el delantero Luciano Leguizam\u00f3n, recuperados de sendas lesiones, podr\u00edan volver para el choque ante San Lorenzo, por la 18va. jornada.<\/p>\n<p>Independiente se ubica en zona de descenso y re\u00fane 15 unidades con un partido menos, el de la 12da. fecha ante Tigre.<\/p>\n<p>&nbsp;<\/p>\n<p>&nbsp;<\/p>\n<p>&nbsp;<\/p>\n<p>&nbsp;<\/p>\n<p>&nbsp;<\/p>\n<p>&nbsp;<\/p>\n<p>&nbsp;<\/p>\n<p>&nbsp;<\/p>\n<p>&nbsp;<\/p>\n","protected":false},"excerpt":{"rendered":"<p>El presidente de Independiente descart\u00f3 una campa\u00f1a en perjuicio del equipo de Am\u00e9rico Gallego, que se ubica en zona de descenso, y asegur\u00f3 que su relaci\u00f3n con el presidente de AFA, Julio Grondona, es \u00abinmejorable\u00bb. El plantel se entren\u00f3 esta ma\u00f1ana en el predio de Villa Dom\u00ednico con vistas al partido que debe completar el mi\u00e9rcoles ante Belgrano de C\u00f3rdoba.<\/p>\n","protected":false},"author":11,"featured_media":0,"comment_status":"open","ping_status":"open","sticky":false,"template":"","format":"standard","meta":{"_jetpack_newsletter_access":"","_jetpack_dont_email_post_to_subs":false,"_jetpack_newsletter_tier_id":0,"_jetpack_memberships_contains_paywalled_content":false,"_jetpack_memberships_contains_paid_content":false,"footnotes":""},"categories":[12],"tags":[],"class_list":["post-6880","post","type-post","status-publish","format-standard","hentry","category-deportes"],"jetpack_featured_media_url":"","jetpack_shortlink":"https:\/\/wp.me\/p2JWE0-1MY","jetpack-related-posts":[{"id":5496,"url":"https:\/\/www.24baires.com\/?p=5496","url_meta":{"origin":6880,"position":0},"title":"Por graves incidentes Independiente &#8211; Belgrano se suspendi\u00f3","author":"Grupo Sierra","date":"15\/11\/2012","format":false,"excerpt":"Integrantes de la barra de Independiente arrojaron bombas de estruendo, una de las cuales afect\u00f3 al arquero de Belgrano Juan Carlos Olave, y Laverni suspendi\u00f3 el partido que se jugaba en Avellaneda. El \u00e1rbitro Sa\u00fal Laverni decidi\u00f3 la inmediata suspensi\u00f3n del partido, correspondiente a la 15ta. fecha del torneo Inicial\u2026","rel":"","context":"En \u00abDeportes\u00bb","block_context":{"text":"Deportes","link":"https:\/\/www.24baires.com\/?cat=12"},"img":{"alt_text":"","src":"https:\/\/i0.wp.com\/www.24baires.com\/wp-content\/uploads\/2012\/11\/nde3pendiente_Fanchi_1_28740.jpg?resize=350%2C200","width":350,"height":200,"srcset":"https:\/\/i0.wp.com\/www.24baires.com\/wp-content\/uploads\/2012\/11\/nde3pendiente_Fanchi_1_28740.jpg?resize=350%2C200 1x, https:\/\/i0.wp.com\/www.24baires.com\/wp-content\/uploads\/2012\/11\/nde3pendiente_Fanchi_1_28740.jpg?resize=525%2C300 1.5x"},"classes":[]},{"id":21122,"url":"https:\/\/www.24baires.com\/?p=21122","url_meta":{"origin":6880,"position":1},"title":"Brindisi agarr\u00f3 viaje en Independiente","author":"Grupo Sierra","date":"15\/04\/2013","format":false,"excerpt":"Miguel \u00c1ngel Brindisi ser\u00e1 el t\u00e9cnico que reemplace a Am\u00e9rico Gallego y dirigir\u00e1 a Independiente en lo que resta del torneo Final, con el prop\u00f3sito de intentar sacar al equipo de Avellaneda de la zona de descenso en la que est\u00e1 involucrado. A pesar de que oficialmente la dirigencia de\u2026","rel":"","context":"En \u00abDeportes\u00bb","block_context":{"text":"Deportes","link":"https:\/\/www.24baires.com\/?cat=12"},"img":{"alt_text":"brindisi","src":"https:\/\/i0.wp.com\/www.24baires.com\/wp-content\/uploads\/2013\/04\/brindisi.jpg?resize=350%2C200","width":350,"height":200,"srcset":"https:\/\/i0.wp.com\/www.24baires.com\/wp-content\/uploads\/2013\/04\/brindisi.jpg?resize=350%2C200 1x, https:\/\/i0.wp.com\/www.24baires.com\/wp-content\/uploads\/2013\/04\/brindisi.jpg?resize=525%2C300 1.5x"},"classes":[]},{"id":20920,"url":"https:\/\/www.24baires.com\/?p=20920","url_meta":{"origin":6880,"position":2},"title":"Se fue Gallego y se agudiza la crisis en Independiente","author":"Grupo Sierra","date":"13\/04\/2013","format":false,"excerpt":"El Tolo dimiti\u00f3 la direcci\u00f3n t\u00e9cnica del Rojo, despu\u00e9s de una conversaci\u00f3n con el presidente del club, Javier Cantero, que el viernes lo hab\u00eda ratificado tras el empate con Uni\u00f3n de Santa Fe en Avellaneda. Am\u00e9rico Rub\u00e9n Gallego, que esta ma\u00f1ana dirigi\u00f3 la pr\u00e1ctica en el estadio \"Libertadores de Am\u00e9rica\",\u2026","rel":"","context":"En \u00abDeportes\u00bb","block_context":{"text":"Deportes","link":"https:\/\/www.24baires.com\/?cat=12"},"img":{"alt_text":"gallego tolo","src":"https:\/\/i0.wp.com\/www.24baires.com\/wp-content\/uploads\/2012\/12\/gallego-tolo.jpg?resize=350%2C200","width":350,"height":200,"srcset":"https:\/\/i0.wp.com\/www.24baires.com\/wp-content\/uploads\/2012\/12\/gallego-tolo.jpg?resize=350%2C200 1x, https:\/\/i0.wp.com\/www.24baires.com\/wp-content\/uploads\/2012\/12\/gallego-tolo.jpg?resize=525%2C300 1.5x"},"classes":[]},{"id":50834,"url":"https:\/\/www.24baires.com\/?p=50834","url_meta":{"origin":6880,"position":3},"title":"Luis Segura ser\u00e1 el presidente de la AFA hasta la Asamblea de octubre","author":"GB","date":"30\/07\/2014","format":false,"excerpt":"Lo confirm\u00f3 Ernesto Cherquis Bialo, director de Medios y Comunicaci\u00f3n de la AFA. Asegur\u00f3 que se decidir\u00e1 qui\u00e9n presidir\u00e1 la entidad hasta 2015, cuando venc\u00eda el mandato de Grondona. \"Luis Segura ser\u00e1 el presidente de la AFA hasta la Asamblea del 2014, que ser\u00e1 en octubre, en ese momento el\u2026","rel":"","context":"En \u00abGeneral\u00bb","block_context":{"text":"General","link":"https:\/\/www.24baires.com\/?cat=67"},"img":{"alt_text":"segura","src":"https:\/\/i0.wp.com\/www.24baires.com\/wp-content\/uploads\/2014\/07\/segura-300x200.jpg?resize=350%2C200","width":350,"height":200},"classes":[]},{"id":57691,"url":"https:\/\/www.24baires.com\/?p=57691","url_meta":{"origin":6880,"position":4},"title":"Aprobaron el torneo de 30 equipos con dos descensos","author":"Grupo Sierra","date":"25\/11\/2014","format":false,"excerpt":"El Comit\u00e9 Ejecutivo de la Asociaci\u00f3n del F\u00fatbol Argentino (AFA) aprob\u00f3 el campeonato de Primera Divisi\u00f3n 2015, que contar\u00e1 con la participaci\u00f3n de 30 equipos, a celebrase entre febrero y diciembre, que tendr\u00e1 un campe\u00f3n y dos descensos. El nuevo formato del torneo 2015 propuesto el pasado 4 de junio\u2026","rel":"","context":"En \u00abDeportes\u00bb","block_context":{"text":"Deportes","link":"https:\/\/www.24baires.com\/?cat=12"},"img":{"alt_text":"futbol-de-ascenso-1972510","src":"https:\/\/i0.wp.com\/www.24baires.com\/wp-content\/uploads\/2014\/11\/futbol-de-ascenso-1972510.jpg?resize=350%2C200","width":350,"height":200,"srcset":"https:\/\/i0.wp.com\/www.24baires.com\/wp-content\/uploads\/2014\/11\/futbol-de-ascenso-1972510.jpg?resize=350%2C200 1x, https:\/\/i0.wp.com\/www.24baires.com\/wp-content\/uploads\/2014\/11\/futbol-de-ascenso-1972510.jpg?resize=525%2C300 1.5x"},"classes":[]},{"id":11786,"url":"https:\/\/www.24baires.com\/?p=11786","url_meta":{"origin":6880,"position":5},"title":"\u201cPara llegar a Independiente hay que tener huevos\u201d","author":"Grupo Sierra","date":"10\/01\/2013","format":false,"excerpt":"El presidente del club de Avellaneda, Javier Cantero, lo asegur\u00f3 por la situaci\u00f3n del equipo con los promedios del descenso. \u201cHay que tener cojones como (Daniel) Montenegro\u201d, agreg\u00f3. El presidente de Independiente, Javier Cantero, alert\u00f3 hoy que los jugadores que puedan llegar como refuerzos al plantel de Am\u00e9rico Gallego deben\u2026","rel":"","context":"En \u00abDeportes\u00bb","block_context":{"text":"Deportes","link":"https:\/\/www.24baires.com\/?cat=12"},"img":{"alt_text":"cantero aplaude","src":"https:\/\/i0.wp.com\/www.24baires.com\/wp-content\/uploads\/2012\/12\/cantero-aplaude.jpg?resize=350%2C200","width":350,"height":200,"srcset":"https:\/\/i0.wp.com\/www.24baires.com\/wp-content\/uploads\/2012\/12\/cantero-aplaude.jpg?resize=350%2C200 1x, https:\/\/i0.wp.com\/www.24baires.com\/wp-content\/uploads\/2012\/12\/cantero-aplaude.jpg?resize=525%2C300 1.5x"},"classes":[]}],"jetpack_sharing_enabled":true,"jetpack_likes_enabled":true,"_links":{"self":[{"href":"https:\/\/www.24baires.com\/index.php?rest_route=\/wp\/v2\/posts\/6880","targetHints":{"allow":["GET"]}}],"collection":[{"href":"https:\/\/www.24baires.com\/index.php?rest_route=\/wp\/v2\/posts"}],"about":[{"href":"https:\/\/www.24baires.com\/index.php?rest_route=\/wp\/v2\/types\/post"}],"author":[{"embeddable":true,"href":"https:\/\/www.24baires.com\/index.php?rest_route=\/wp\/v2\/users\/11"}],"replies":[{"embeddable":true,"href":"https:\/\/www.24baires.com\/index.php?rest_route=%2Fwp%2Fv2%2Fcomments&post=6880"}],"version-history":[{"count":2,"href":"https:\/\/www.24baires.com\/index.php?rest_route=\/wp\/v2\/posts\/6880\/revisions"}],"predecessor-version":[{"id":6882,"href":"https:\/\/www.24baires.com\/index.php?rest_route=\/wp\/v2\/posts\/6880\/revisions\/6882"}],"wp:attachment":[{"href":"https:\/\/www.24baires.com\/index.php?rest_route=%2Fwp%2Fv2%2Fmedia&parent=6880"}],"wp:term":[{"taxonomy":"category","embeddable":true,"href":"https:\/\/www.24baires.com\/index.php?rest_route=%2Fwp%2Fv2%2Fcategories&post=6880"},{"taxonomy":"post_tag","embeddable":true,"href":"https:\/\/www.24baires.com\/index.php?rest_route=%2Fwp%2Fv2%2Ftags&post=6880"}],"curies":[{"name":"wp","href":"https:\/\/api.w.org\/{rel}","templated":true}]}}