{"id":6874,"date":"2012-11-26T15:44:25","date_gmt":"2012-11-26T18:44:25","guid":{"rendered":"http:\/\/www.24baires.com\/?p=6874"},"modified":"2012-11-26T15:45:33","modified_gmt":"2012-11-26T18:45:33","slug":"parque-roca-es-la-sede-de-la-davis-contra-alemania","status":"publish","type":"post","link":"https:\/\/www.24baires.com\/?p=6874","title":{"rendered":"Parque Roca es la sede de la Davis contra Alemania"},"content":{"rendered":"<p><img data-recalc-dims=\"1\" loading=\"lazy\" decoding=\"async\" class=\"aligncenter size-full wp-image-6875\" title=\"tenis parque roca\" src=\"https:\/\/i0.wp.com\/www.24baires.com\/wp-content\/uploads\/2012\/11\/tenis-parque-roca.jpg?resize=560%2C335\" alt=\"\" width=\"560\" height=\"335\" srcset=\"https:\/\/i0.wp.com\/www.24baires.com\/wp-content\/uploads\/2012\/11\/tenis-parque-roca.jpg?w=560&amp;ssl=1 560w, https:\/\/i0.wp.com\/www.24baires.com\/wp-content\/uploads\/2012\/11\/tenis-parque-roca.jpg?resize=300%2C179&amp;ssl=1 300w\" sizes=\"auto, (max-width: 560px) 100vw, 560px\" \/><\/p>\n<p>La <strong>Asociaci\u00f3n Argentina de Tenis<\/strong> confirm\u00f3 al estadio Mary Ter\u00e1n de Weiss, en Parque Roca, como sede para la primera ronda del Grupo Mundial de la Copa Davis 2013 que disputar\u00e1 del 1 al 3 de febrero contra Alemania.<!--more--><br \/>\nLa AAT envi\u00f3 el formulario oficial que la ITF circula a los pa\u00edses sedes de futuras series de Copa Davis.<br \/>\nLa Argentina ha disputado 10 series en Parque Roca con 9 victorias desde que se inaugur\u00f3 el estadio en febrero del 2006 para enfrentar a Suecia.<br \/>\nLa superficie elegida para recibir a Alemania es el polvo de ladrillo.<br \/>\nArgentina y Alemania se enfrentaron en 8 oportunidades, con 6 victorias para nuestro pa\u00eds (la \u00faltima en Bamberg, este a\u00f1o, por 4 a 1 tambi\u00e9n por la primera ronda del Grupo Mundial) y 2 para los visitantes.<\/p>\n<p>&nbsp;<\/p>\n<p>&nbsp;<\/p>\n<p>&nbsp;<\/p>\n<p>&nbsp;<\/p>\n<p>&nbsp;<\/p>\n<p>&nbsp;<\/p>\n<p>&nbsp;<\/p>\n<p>&nbsp;<\/p>\n<p>&nbsp;<\/p>\n","protected":false},"excerpt":{"rendered":"<p>La Asociaci\u00f3n Argentina de Tenis confirm\u00f3 al estadio Mary Ter\u00e1n de Weiss, en Parque Roca, como sede para la primera ronda del Grupo Mundial de la Copa Davis 2013 que disputar\u00e1 del 1 al 3 de febrero contra Alemania.<\/p>\n","protected":false},"author":11,"featured_media":0,"comment_status":"open","ping_status":"open","sticky":false,"template":"","format":"standard","meta":{"_jetpack_newsletter_access":"","_jetpack_dont_email_post_to_subs":false,"_jetpack_newsletter_tier_id":0,"_jetpack_memberships_contains_paywalled_content":false,"_jetpack_memberships_contains_paid_content":false,"footnotes":""},"categories":[12],"tags":[],"class_list":["post-6874","post","type-post","status-publish","format-standard","hentry","category-deportes"],"jetpack_featured_media_url":"","jetpack_shortlink":"https:\/\/wp.me\/p2JWE0-1MS","jetpack-related-posts":[{"id":11033,"url":"https:\/\/www.24baires.com\/?p=11033","url_meta":{"origin":6874,"position":0},"title":"Otra baja para la Davis","author":"Grupo Sierra","date":"02\/01\/2013","format":false,"excerpt":"Schwank fue operado y se confirm\u00f3 su ausencia ante Alemania.El tenista tiene para dos meses y medio de inactividad tras haber sido intervenido por una sinovitis cr\u00f3nica en su mu\u00f1eca derecha. Al igual que Del Potro, son bajas para Argentina. Eduardo Schwank, al igual que Juan Mart\u00edn del Potro, se\u2026","rel":"","context":"En \u00abDeportes\u00bb","block_context":{"text":"Deportes","link":"https:\/\/www.24baires.com\/?cat=12"},"img":{"alt_text":"Schwank tenis","src":"https:\/\/i0.wp.com\/www.24baires.com\/wp-content\/uploads\/2013\/01\/Schwank-tenis.jpg?resize=350%2C200","width":350,"height":200,"srcset":"https:\/\/i0.wp.com\/www.24baires.com\/wp-content\/uploads\/2013\/01\/Schwank-tenis.jpg?resize=350%2C200 1x, https:\/\/i0.wp.com\/www.24baires.com\/wp-content\/uploads\/2013\/01\/Schwank-tenis.jpg?resize=525%2C300 1.5x"},"classes":[]},{"id":10651,"url":"https:\/\/www.24baires.com\/?p=10651","url_meta":{"origin":6874,"position":1},"title":"Jaite inflexible con Del Potro: \u00abLas reglas son para todos\u00bb","author":"Grupo Sierra","date":"28\/12\/2012","format":false,"excerpt":"El capit\u00e1n del equipo argentino confirm\u00f3 la exclusi\u00f3n del tandilense para la serie con Alemania en febrero. Neg\u00f3 que haya posibilidades de dar marcha atr\u00e1s en la decisi\u00f3n. \u00a0 Mart\u00edn Jaite, capit\u00e1n del equipo argentino de Copa Davis, ratific\u00f3 la exclusi\u00f3n de Juan Mart\u00edn del Potro para la primera ronda\u2026","rel":"","context":"En \u00abDeportes\u00bb","block_context":{"text":"Deportes","link":"https:\/\/www.24baires.com\/?cat=12"},"img":{"alt_text":"jaite inflexible","src":"https:\/\/i0.wp.com\/www.24baires.com\/wp-content\/uploads\/2012\/12\/jaite-inflexible.jpg?resize=350%2C200","width":350,"height":200},"classes":[]},{"id":14351,"url":"https:\/\/www.24baires.com\/?p=14351","url_meta":{"origin":6874,"position":2},"title":"Argentina 2-0 sobre Alemania en la Davis","author":"Grupo Sierra","date":"01\/02\/2013","format":false,"excerpt":"Juan M\u00f3naco se impuso por 6-7 (4-7), 6-3, 6-3 y 6-4 al alem\u00e1n Florian Mayer y Argentina tom\u00f3 una ventaja de 2-0, por la primera ronda de la serie de Copa Davis. Argentina tom\u00f3 hoy una ventaja casi decisiva de 2-0 sobre Alemania en la serie al mejor de cinco\u2026","rel":"","context":"En \u00abDeportes\u00bb","block_context":{"text":"Deportes","link":"https:\/\/www.24baires.com\/?cat=12"},"img":{"alt_text":"monaco davis","src":"https:\/\/i0.wp.com\/www.24baires.com\/wp-content\/uploads\/2013\/02\/monaco-davis.jpg?resize=350%2C200","width":350,"height":200},"classes":[]},{"id":10515,"url":"https:\/\/www.24baires.com\/?p=10515","url_meta":{"origin":6874,"position":3},"title":"Del Potro dice que se enter\u00f3 \u00abpor los medios\u00bb que qued\u00f3 fuera de la Davis","author":"Grupo Sierra","date":"26\/12\/2012","format":false,"excerpt":"El tandilense se refiri\u00f3 as\u00ed a la decisi\u00f3n del capit\u00e1n del equipo argentino de Copa Davis, Mart\u00edn Jaite, quien lo margin\u00f3 para disputar la serie ante Alemania. \"Quiero hablar con \u00e9l lo antes posible\", dijo. Del Potro asisti\u00f3 hoy al lanzamiento de la exhibici\u00f3n que jugar\u00e1 con el estadounidense Andy\u2026","rel":"","context":"En \u00abDeportes\u00bb","block_context":{"text":"Deportes","link":"https:\/\/www.24baires.com\/?cat=12"},"img":{"alt_text":"del potro","src":"https:\/\/i0.wp.com\/www.24baires.com\/wp-content\/uploads\/2012\/12\/del-potro.jpg?resize=350%2C200","width":350,"height":200,"srcset":"https:\/\/i0.wp.com\/www.24baires.com\/wp-content\/uploads\/2012\/12\/del-potro.jpg?resize=350%2C200 1x, https:\/\/i0.wp.com\/www.24baires.com\/wp-content\/uploads\/2012\/12\/del-potro.jpg?resize=525%2C300 1.5x"},"classes":[]},{"id":35522,"url":"https:\/\/www.24baires.com\/?p=35522","url_meta":{"origin":6874,"position":4},"title":"Confirmaron que la serie de Copa Davis frente a Italia se jugar\u00e1 en Mar del Plata","author":"GB","date":"21\/11\/2013","format":false,"excerpt":"La Asociaci\u00f3n Argentina de Tenis confirm\u00f3 a Mar del Plata como sede para la serie de primera ronda de la zona campeonato ante Italia, que se jugar\u00e1 entre el 31 de enero y el 2 de febrero. La serie se jugar\u00e1 en el Patin\u00f3dromo de Mar del Plata, en superficie\u2026","rel":"","context":"En \u00abSociedad\u00bb","block_context":{"text":"Sociedad","link":"https:\/\/www.24baires.com\/?cat=1"},"img":{"alt_text":"","src":"","width":0,"height":0},"classes":[]},{"id":61384,"url":"https:\/\/www.24baires.com\/?p=61384","url_meta":{"origin":6874,"position":5},"title":"La \u00abCopa Davis\u00bb de mujeres se juega en Pilar","author":"GB","date":"07\/02\/2015","format":false,"excerpt":"Serena y Venus Williams est\u00e1n en el pa\u00eds para competir en la Fed Cup 2015. Los partidos de la \"Copa Davis femenina\" se jugar\u00e1n este fin de semana en Pilar. El Intendente interino, Federico de Ach\u00e1val, recibi\u00f3 a ambos equipos y los homenaje\u00f3 en la municipalidad. Este viernes se realiz\u00f3\u2026","rel":"","context":"En \u00abMunicipios\u00bb","block_context":{"text":"Municipios","link":"https:\/\/www.24baires.com\/?cat=44"},"img":{"alt_text":"copa daivis mujeres","src":"https:\/\/i0.wp.com\/www.24baires.com\/wp-content\/uploads\/2015\/02\/copa-daivis-mujeres.jpg?resize=350%2C200","width":350,"height":200,"srcset":"https:\/\/i0.wp.com\/www.24baires.com\/wp-content\/uploads\/2015\/02\/copa-daivis-mujeres.jpg?resize=350%2C200 1x, https:\/\/i0.wp.com\/www.24baires.com\/wp-content\/uploads\/2015\/02\/copa-daivis-mujeres.jpg?resize=525%2C300 1.5x"},"classes":[]}],"jetpack_sharing_enabled":true,"jetpack_likes_enabled":true,"_links":{"self":[{"href":"https:\/\/www.24baires.com\/index.php?rest_route=\/wp\/v2\/posts\/6874","targetHints":{"allow":["GET"]}}],"collection":[{"href":"https:\/\/www.24baires.com\/index.php?rest_route=\/wp\/v2\/posts"}],"about":[{"href":"https:\/\/www.24baires.com\/index.php?rest_route=\/wp\/v2\/types\/post"}],"author":[{"embeddable":true,"href":"https:\/\/www.24baires.com\/index.php?rest_route=\/wp\/v2\/users\/11"}],"replies":[{"embeddable":true,"href":"https:\/\/www.24baires.com\/index.php?rest_route=%2Fwp%2Fv2%2Fcomments&post=6874"}],"version-history":[{"count":4,"href":"https:\/\/www.24baires.com\/index.php?rest_route=\/wp\/v2\/posts\/6874\/revisions"}],"predecessor-version":[{"id":6879,"href":"https:\/\/www.24baires.com\/index.php?rest_route=\/wp\/v2\/posts\/6874\/revisions\/6879"}],"wp:attachment":[{"href":"https:\/\/www.24baires.com\/index.php?rest_route=%2Fwp%2Fv2%2Fmedia&parent=6874"}],"wp:term":[{"taxonomy":"category","embeddable":true,"href":"https:\/\/www.24baires.com\/index.php?rest_route=%2Fwp%2Fv2%2Fcategories&post=6874"},{"taxonomy":"post_tag","embeddable":true,"href":"https:\/\/www.24baires.com\/index.php?rest_route=%2Fwp%2Fv2%2Ftags&post=6874"}],"curies":[{"name":"wp","href":"https:\/\/api.w.org\/{rel}","templated":true}]}}