{"id":6868,"date":"2012-11-26T12:19:34","date_gmt":"2012-11-26T15:19:34","guid":{"rendered":"http:\/\/www.24baires.com\/?p=6868"},"modified":"2012-11-26T14:43:57","modified_gmt":"2012-11-26T17:43:57","slug":"encontraron-con-vida-a-los-turistas-desaparecidos-en-el-mar-pinamarense","status":"publish","type":"post","link":"https:\/\/www.24baires.com\/?p=6868","title":{"rendered":"Encontraron con vida a los turistas desaparecidos en el mar pinamarense"},"content":{"rendered":"<p><strong><br \/>\nPINAMAR &#8211;<\/strong> Son de Ramos Mej\u00eda y estuvieron toda la noche a la deriva. Los buscaron con un avi\u00f3n de rescate, un helic\u00f3ptero y dos guardacostas de Prefectura.<!--more--><\/p>\n<p>Tres comerciantes oriundos de Ramos Mej\u00eda que desaparecieron en el mar a la altura de Pinamar fueron encontrados sanos y salvos esta tarde por personal de Prefectura Naval despu\u00e9s de casi 20 horas de intensa b\u00fasqueda.<\/p>\n<p>\u00abEstaban flotando a la deriva en el mar a unas 13 millas y media al sudeste de Pinamar\u00bb, confirm\u00f3 el Prefecto Walter Guido.<\/p>\n<p>Tambi\u00e9n agreg\u00f3 que los tres turistas perdidos que pasaron la noche en el mar se encuentran en buen estado de salud y que apenas lleguen a la costa ser\u00e1n derivados a un centro m\u00e9dico para realizar chequeos de rutina.<\/p>\n<p>Brigadas de rescatistas de la Prefectura Naval Argentina (PNA) participaron desde el aire, por mar y por tierra en la b\u00fasqueda es estos tres hombres de entre 40 y 50 a\u00f1os que ayer desaparecieron en el agua frente a las costas de la localidad balnearia de Pinamar.<\/p>\n","protected":false},"excerpt":{"rendered":"<p>PINAMAR &#8211; Son de Ramos Mej\u00eda y estuvieron toda la noche a la deriva. Los buscaron con un avi\u00f3n de rescate, un helic\u00f3ptero y dos guardacostas de Prefectura.<\/p>\n","protected":false},"author":4,"featured_media":0,"comment_status":"open","ping_status":"open","sticky":false,"template":"","format":"standard","meta":{"_jetpack_newsletter_access":"","_jetpack_dont_email_post_to_subs":false,"_jetpack_newsletter_tier_id":0,"_jetpack_memberships_contains_paywalled_content":false,"_jetpack_memberships_contains_paid_content":false,"footnotes":""},"categories":[49],"tags":[],"class_list":["post-6868","post","type-post","status-publish","format-standard","hentry","category-policiales"],"jetpack_featured_media_url":"","jetpack_shortlink":"https:\/\/wp.me\/p2JWE0-1MM","jetpack-related-posts":[{"id":37949,"url":"https:\/\/www.24baires.com\/?p=37949","url_meta":{"origin":6868,"position":0},"title":"Rescataron a los tripulantes de un barco pesquero hundido","author":"GB","date":"05\/01\/2014","format":false,"excerpt":"MAR DEL PLATA-\u00a0El buque GALME I naufrag\u00f3 a unos 55 kil\u00f3metros del puerto, con seis personas a bordo. Una de ellas debi\u00f3 ser internada. El rescate lo inici\u00f3 otro pesquero que se encontraba cerca del lugar y luego se sum\u00f3 personal especializado de Prefectura Naval Argentina. Un buque pesquero se\u2026","rel":"","context":"En \u00abSociedad\u00bb","block_context":{"text":"Sociedad","link":"https:\/\/www.24baires.com\/?cat=1"},"img":{"alt_text":"rescate","src":"https:\/\/i0.wp.com\/www.24baires.com\/wp-content\/uploads\/2014\/01\/rescate.jpg?resize=350%2C200","width":350,"height":200,"srcset":"https:\/\/i0.wp.com\/www.24baires.com\/wp-content\/uploads\/2014\/01\/rescate.jpg?resize=350%2C200 1x, https:\/\/i0.wp.com\/www.24baires.com\/wp-content\/uploads\/2014\/01\/rescate.jpg?resize=525%2C300 1.5x"},"classes":[]},{"id":59676,"url":"https:\/\/www.24baires.com\/?p=59676","url_meta":{"origin":6868,"position":1},"title":"Rescatan a dos turistas en Mar del Sud que naufragaron en un gom\u00f3n","author":"Grupo Sierra","date":"06\/01\/2015","format":false,"excerpt":"GRAL. ALVARADO.- Dos turistas que navegaban en un gom\u00f3n y naufragaron en aguas de Mar del Sud, 17 kil\u00f3metros al sur de Miramar, en el partido bonaerense de General Alvarado, fueron rescatados hoy a salvo por personal de Prefectura Naval, que debi\u00f3 utilizar helic\u00f3pteros para izarlos y llevarlos a Mar\u2026","rel":"","context":"En \u00abLocales\u00bb","block_context":{"text":"Locales","link":"https:\/\/www.24baires.com\/?cat=38"},"img":{"alt_text":"rescate prefectura","src":"https:\/\/i0.wp.com\/www.24baires.com\/wp-content\/uploads\/2015\/01\/rescate-prefectura.jpg?resize=350%2C200","width":350,"height":200,"srcset":"https:\/\/i0.wp.com\/www.24baires.com\/wp-content\/uploads\/2015\/01\/rescate-prefectura.jpg?resize=350%2C200 1x, https:\/\/i0.wp.com\/www.24baires.com\/wp-content\/uploads\/2015\/01\/rescate-prefectura.jpg?resize=525%2C300 1.5x"},"classes":[]},{"id":100509,"url":"https:\/\/www.24baires.com\/?p=100509","url_meta":{"origin":6868,"position":2},"title":"Rescatan a un hombre que estuvo dos d\u00edas desaparecido en el mar","author":"GB","date":"14\/02\/2018","format":false,"excerpt":"Un hombre que se encontraba extraviado desde hac\u00eda dos d\u00edas en el mar, tras ingresar en un kayak en San Clemente, en el distrito de La Costa, fue rescatado hoy por un barco de Prefectura. Se trata del juje\u00f1o Marcos Tabarcachi, un joven de 28 a\u00f1os, que hace 48 horas\u2026","rel":"","context":"En \u00abMunicipios\u00bb","block_context":{"text":"Municipios","link":"https:\/\/www.24baires.com\/?cat=44"},"img":{"alt_text":"","src":"https:\/\/i0.wp.com\/www.24baires.com\/wp-content\/uploads\/2016\/01\/guardavidas.jpg?resize=350%2C200","width":350,"height":200,"srcset":"https:\/\/i0.wp.com\/www.24baires.com\/wp-content\/uploads\/2016\/01\/guardavidas.jpg?resize=350%2C200 1x, https:\/\/i0.wp.com\/www.24baires.com\/wp-content\/uploads\/2016\/01\/guardavidas.jpg?resize=525%2C300 1.5x"},"classes":[]},{"id":36906,"url":"https:\/\/www.24baires.com\/?p=36906","url_meta":{"origin":6868,"position":3},"title":"Encontraron sin vida a tripulante de moto de agua desaparecido en Pinamar","author":"Grupo Sierra","date":"15\/12\/2013","format":false,"excerpt":"Uno de los dos tripulantes de una moto de agua que eran buscados desde el viernes en Pinamar fue encontrado sin vida por un avi\u00f3n de la Prefectura, mientras que el restante fue rescatado inform\u00f3 hoy el Ministerio de Seguridad. El hecho ocurri\u00f3 el viernes en la zona conocida como\u2026","rel":"","context":"En \u00abPoliciales\u00bb","block_context":{"text":"Policiales","link":"https:\/\/www.24baires.com\/?cat=49"},"img":{"alt_text":"","src":"","width":0,"height":0},"classes":[]},{"id":95945,"url":"https:\/\/www.24baires.com\/?p=95945","url_meta":{"origin":6868,"position":4},"title":"Mar del Plata: gendarmer\u00eda se sum\u00f3 a la b\u00fasqueda de los desaparecidos del Repunte","author":"GB","date":"17\/07\/2017","format":false,"excerpt":"Tras las cr\u00edticas de los familiares, Prefectura afirma que la b\u00fasqueda \"se hace en lugares rec\u00f3nditos\". Hoy se cumple un mes del hundimiento El prefecto mayor Humberto Haunau confirm\u00f3 que por disposici\u00f3n del juez federal N\u00b02 de Rawson, Gustavo Lleral, se incorporaron efectivos de Gendarmer\u00eda Nacional Argentina a la b\u00fasqueda\u2026","rel":"","context":"En \u00abPol\u00edtica\u00bb","block_context":{"text":"Pol\u00edtica","link":"https:\/\/www.24baires.com\/?cat=51"},"img":{"alt_text":"","src":"https:\/\/i0.wp.com\/www.24baires.com\/wp-content\/uploads\/2017\/07\/barco-mdp.jpg?resize=350%2C200","width":350,"height":200,"srcset":"https:\/\/i0.wp.com\/www.24baires.com\/wp-content\/uploads\/2017\/07\/barco-mdp.jpg?resize=350%2C200 1x, https:\/\/i0.wp.com\/www.24baires.com\/wp-content\/uploads\/2017\/07\/barco-mdp.jpg?resize=525%2C300 1.5x"},"classes":[]},{"id":102661,"url":"https:\/\/www.24baires.com\/?p=102661","url_meta":{"origin":6868,"position":5},"title":"M\u00e1s de 30 barcos, dos helic\u00f3pteros y un avi\u00f3n buscan al Rigel","author":"AF","date":"11\/06\/2018","format":false,"excerpt":"Prefectura Naval sigue en la b\u00fasqueda del barco que desapareci\u00f3 el viernes pasado. Las condiciones meteorol\u00f3gicas son adversas, con un fuerte viento del sector sudoeste. La b\u00fasqueda de los ocho tripulantes del buque pesquero Rigel, desaparecido desde el viernes pasado cuando navegaba a 220 kil\u00f3metros de la costa chubutense, contin\u00faa\u2026","rel":"","context":"En \u00abSociedad\u00bb","block_context":{"text":"Sociedad","link":"https:\/\/www.24baires.com\/?cat=1"},"img":{"alt_text":"","src":"https:\/\/i0.wp.com\/www.24baires.com\/wp-content\/uploads\/2018\/06\/rigel.jpg?resize=350%2C200","width":350,"height":200,"srcset":"https:\/\/i0.wp.com\/www.24baires.com\/wp-content\/uploads\/2018\/06\/rigel.jpg?resize=350%2C200 1x, https:\/\/i0.wp.com\/www.24baires.com\/wp-content\/uploads\/2018\/06\/rigel.jpg?resize=525%2C300 1.5x"},"classes":[]}],"jetpack_sharing_enabled":true,"jetpack_likes_enabled":true,"_links":{"self":[{"href":"https:\/\/www.24baires.com\/index.php?rest_route=\/wp\/v2\/posts\/6868","targetHints":{"allow":["GET"]}}],"collection":[{"href":"https:\/\/www.24baires.com\/index.php?rest_route=\/wp\/v2\/posts"}],"about":[{"href":"https:\/\/www.24baires.com\/index.php?rest_route=\/wp\/v2\/types\/post"}],"author":[{"embeddable":true,"href":"https:\/\/www.24baires.com\/index.php?rest_route=\/wp\/v2\/users\/4"}],"replies":[{"embeddable":true,"href":"https:\/\/www.24baires.com\/index.php?rest_route=%2Fwp%2Fv2%2Fcomments&post=6868"}],"version-history":[{"count":1,"href":"https:\/\/www.24baires.com\/index.php?rest_route=\/wp\/v2\/posts\/6868\/revisions"}],"predecessor-version":[{"id":6870,"href":"https:\/\/www.24baires.com\/index.php?rest_route=\/wp\/v2\/posts\/6868\/revisions\/6870"}],"wp:attachment":[{"href":"https:\/\/www.24baires.com\/index.php?rest_route=%2Fwp%2Fv2%2Fmedia&parent=6868"}],"wp:term":[{"taxonomy":"category","embeddable":true,"href":"https:\/\/www.24baires.com\/index.php?rest_route=%2Fwp%2Fv2%2Fcategories&post=6868"},{"taxonomy":"post_tag","embeddable":true,"href":"https:\/\/www.24baires.com\/index.php?rest_route=%2Fwp%2Fv2%2Ftags&post=6868"}],"curies":[{"name":"wp","href":"https:\/\/api.w.org\/{rel}","templated":true}]}}