{"id":6865,"date":"2012-11-26T10:33:35","date_gmt":"2012-11-26T13:33:35","guid":{"rendered":"http:\/\/www.24baires.com\/?p=6865"},"modified":"2012-11-26T14:36:04","modified_gmt":"2012-11-26T17:36:04","slug":"lanzaron-un-libro-sobre-la-arquitectura-italiana-en-la-plata","status":"publish","type":"post","link":"https:\/\/www.24baires.com\/?p=6865","title":{"rendered":"Lanzaron un libro sobre la arquitectura italiana en La Plata"},"content":{"rendered":"<p>El vicepresidente de ICOMOS, Guillermo Garc\u00eda, efectu\u00f3 la presentaci\u00f3n de la obra \u201cAportes de la inmigraci\u00f3n italiana a la arquitectura de La Plata\u201d editado por la Universidad Cat\u00f3lica Argentina.<!--more--><br \/>\nEl arquitecto Guillermo Garc\u00eda dijo que a fines del siglo XIX fue necesaria la incorporaci\u00f3n de mano de obra por lo cual se genera la inmigraci\u00f3n desde los pa\u00edses europeos, sobre todo de Italia.<\/p>\n<p>Si bien \u201cno hab\u00eda tantos arquitectos o ingenieros italianos, s\u00ed constructores, frentistas, alba\u00f1iles\u201d, mencion\u00f3.<\/p>\n<p>\u201cHubo tres oleadas significativas de inmigraci\u00f3n, con la fundaci\u00f3n de La Plata, en los a\u00f1os anteriores a la Primera Guerra Mundial y la tercera, despu\u00e9s de la Segunda Guerra. \u201cHicimos un an\u00e1lisis de diversas familias italianas\u201d dedicadas a la construcci\u00f3n y dise\u00f1o de numerosos edificios y viviendas en la ciudad. En este sentido, nombr\u00f3 a la familia Anacleto \u201cque hoy posee una empresa dedicada a materiales de la construcci\u00f3n; a la familia Paulano que prueban la suerte como alba\u00f1iles y trabajan en la Unidad Penitenciaria N\u00ba 1 de Lisandro Olmos\u201d.<\/p>\n<p>Otras obras realizadas por italianos fueron, por ejemplo, la Casa de Gobierno, la legislatura, la Iglesia de San Ponciano, el Hospital Alejandro Korn de Melchor Romero y la Catedral.<\/p>\n<p>En cuanto al estilo, el especialista puntualiz\u00f3 la denominada \u201ccasa chorizo\u201d y el revoque \u201cs\u00edmil piedra\u201d para las paredes externas de las viviendas.<\/p>\n","protected":false},"excerpt":{"rendered":"<p>El vicepresidente de ICOMOS, Guillermo Garc\u00eda, efectu\u00f3 la presentaci\u00f3n de la obra \u201cAportes de la inmigraci\u00f3n italiana a la arquitectura de La Plata\u201d editado por la Universidad Cat\u00f3lica Argentina.<\/p>\n","protected":false},"author":4,"featured_media":0,"comment_status":"open","ping_status":"open","sticky":false,"template":"","format":"standard","meta":{"_jetpack_newsletter_access":"","_jetpack_dont_email_post_to_subs":false,"_jetpack_newsletter_tier_id":0,"_jetpack_memberships_contains_paywalled_content":false,"_jetpack_memberships_contains_paid_content":false,"footnotes":""},"categories":[38],"tags":[],"class_list":["post-6865","post","type-post","status-publish","format-standard","hentry","category-locales"],"jetpack_featured_media_url":"","jetpack_shortlink":"https:\/\/wp.me\/p2JWE0-1MJ","jetpack-related-posts":[{"id":47564,"url":"https:\/\/www.24baires.com\/?p=47564","url_meta":{"origin":6865,"position":0},"title":"La Plata: la Casa Curutchet podr\u00eda ser declarada Patrimonio de la Humanidad","author":"GB","date":"07\/06\/2014","format":false,"excerpt":"Los arquitectos Rub\u00e9n Vera y Gladys P\u00e9rez Ferrando explicaron la importancia que este hecho tendr\u00eda para la ciudad y el pa\u00eds. El inmueble es considerado la obra m\u00e1s importante de Le Corbusier en Am\u00e9rica Latina. Los arquitectos Rub\u00e9n Vera de ICOMOS y Gladys P\u00e9rez Ferrando, coordinadora ejecutiva del Comit\u00e9 de\u2026","rel":"","context":"En \u00abSociedad\u00bb","block_context":{"text":"Sociedad","link":"https:\/\/www.24baires.com\/?cat=1"},"img":{"alt_text":"casa curutchet","src":"https:\/\/i0.wp.com\/www.24baires.com\/wp-content\/uploads\/2014\/02\/casa-curutchet.jpg?resize=350%2C200","width":350,"height":200},"classes":[]},{"id":7496,"url":"https:\/\/www.24baires.com\/?p=7496","url_meta":{"origin":6865,"position":1},"title":"Llega a Olmos \u00abEl Tomatazo\u00bb","author":"AF","date":"01\/12\/2012","format":false,"excerpt":"El organizador, Sergio Stazi, cont\u00f3 que ser\u00e1 la tercera edici\u00f3n y se realizar\u00e1 el pr\u00f3ximo fin de semana en el Club Deportivo Tarija, ubicado en 203 y 70 de Lisandro Olmos, partido de La Plata. Sergio Stazi, el organizador de este encuentro, cont\u00f3 que \u201ctradicionalmente desde la fundaci\u00f3n esta zona\u2026","rel":"","context":"En \u00abSociedad\u00bb","block_context":{"text":"Sociedad","link":"https:\/\/www.24baires.com\/?cat=1"},"img":{"alt_text":"","src":"","width":0,"height":0},"classes":[]},{"id":58968,"url":"https:\/\/www.24baires.com\/?p=58968","url_meta":{"origin":6865,"position":2},"title":"Importante inversi\u00f3n para preservar la Catedral de La Plata","author":"AF","date":"21\/12\/2014","format":false,"excerpt":"\"Ante los reiterados hechos vand\u00e1licos que vinieron atentando contra esta hermos\u00edsima catedral, es voluntad del gobernador Scioli poner punto final a esta situaci\u00f3n. Por eso hoy estamos inaugurando esta obra de puesta en valor de un edificio de gran impronta cultural y religiosa, a trav\u00e9s de un cerco perimetral y\u2026","rel":"","context":"En \u00abLocales\u00bb","block_context":{"text":"Locales","link":"https:\/\/www.24baires.com\/?cat=38"},"img":{"alt_text":"catedral-de-la-plata","src":"https:\/\/i0.wp.com\/www.24baires.com\/wp-content\/uploads\/2013\/01\/catedral-de-la-plata.jpg?resize=350%2C200","width":350,"height":200,"srcset":"https:\/\/i0.wp.com\/www.24baires.com\/wp-content\/uploads\/2013\/01\/catedral-de-la-plata.jpg?resize=350%2C200 1x, https:\/\/i0.wp.com\/www.24baires.com\/wp-content\/uploads\/2013\/01\/catedral-de-la-plata.jpg?resize=525%2C300 1.5x"},"classes":[]},{"id":37577,"url":"https:\/\/www.24baires.com\/?p=37577","url_meta":{"origin":6865,"position":3},"title":"De Vido apunt\u00f3 contra Caputo y Escasany como accionistas de Edesur","author":"Grupo Sierra","date":"28\/12\/2013","format":false,"excerpt":"El ministro de Planificaci\u00f3n, Julio De Vido, dijo que \"la empresa italiana que es la principal accionista de EDESUR no tiene actitud ni presencia para resolver el problema\". Y dispar\u00f3 contra los accionistas \"Me refiero al Grupo Caputo, Grupo Escasany, al grupo Miguens Bemberg, a Guillermo Reca y Guillermo Vazquez\"\u2026","rel":"","context":"En \u00abPol\u00edtica\u00bb","block_context":{"text":"Pol\u00edtica","link":"https:\/\/www.24baires.com\/?cat=51"},"img":{"alt_text":"de vido2","src":"https:\/\/i0.wp.com\/www.24baires.com\/wp-content\/uploads\/2013\/12\/de-vido2.jpg?resize=350%2C200","width":350,"height":200,"srcset":"https:\/\/i0.wp.com\/www.24baires.com\/wp-content\/uploads\/2013\/12\/de-vido2.jpg?resize=350%2C200 1x, https:\/\/i0.wp.com\/www.24baires.com\/wp-content\/uploads\/2013\/12\/de-vido2.jpg?resize=525%2C300 1.5x"},"classes":[]},{"id":5745,"url":"https:\/\/www.24baires.com\/?p=5745","url_meta":{"origin":6865,"position":4},"title":"Italia entreg\u00f3 archivos sobre desaparecidos en la \u00faltima dictadura c\u00edvico-militar","author":"Grupo Sierra","date":"16\/11\/2012","format":false,"excerpt":"Un centenar de archivos sobre desaparecidos argentinos de origen italiano durante la \u00faltima dictadura c\u00edvico-militar fueron entregados hoy por el embajador italiano en Argentina, Guido La Tella, al presidente del Archivo de la Memoria, Ram\u00f3n Torres Molina. M\u00e1s de cien archivos sobre desaparecidos argentinos de origen italiano durante la \u00faltima\u2026","rel":"","context":"En \u00abMemoria\u00bb","block_context":{"text":"Memoria","link":"https:\/\/www.24baires.com\/?cat=50"},"img":{"alt_text":"","src":"","width":0,"height":0},"classes":[]},{"id":19621,"url":"https:\/\/www.24baires.com\/?p=19621","url_meta":{"origin":6865,"position":5},"title":"\u00bfUn amistoso Argentina-Italia en honor al Papa?","author":"Grupo Sierra","date":"28\/03\/2013","format":false,"excerpt":"Las autoridades del f\u00fatbol de ambos pa\u00edses buscar\u00e1n acordar una fecha para disputar un partido entre ambas selecciones en Roma en honor al papa Francisco. En principio, eval\u00faan planificar el encuentro para el 14 de agosto y ambas partes se encuentran esperanzados en que asista el sumo pont\u00edfice. El seleccionado\u2026","rel":"","context":"En \u00abDeportes\u00bb","block_context":{"text":"Deportes","link":"https:\/\/www.24baires.com\/?cat=12"},"img":{"alt_text":"argentina venezuela","src":"https:\/\/i0.wp.com\/www.24baires.com\/wp-content\/uploads\/2013\/03\/argentina-venezuela.jpg?resize=350%2C200","width":350,"height":200,"srcset":"https:\/\/i0.wp.com\/www.24baires.com\/wp-content\/uploads\/2013\/03\/argentina-venezuela.jpg?resize=350%2C200 1x, https:\/\/i0.wp.com\/www.24baires.com\/wp-content\/uploads\/2013\/03\/argentina-venezuela.jpg?resize=525%2C300 1.5x"},"classes":[]}],"jetpack_sharing_enabled":true,"jetpack_likes_enabled":true,"_links":{"self":[{"href":"https:\/\/www.24baires.com\/index.php?rest_route=\/wp\/v2\/posts\/6865","targetHints":{"allow":["GET"]}}],"collection":[{"href":"https:\/\/www.24baires.com\/index.php?rest_route=\/wp\/v2\/posts"}],"about":[{"href":"https:\/\/www.24baires.com\/index.php?rest_route=\/wp\/v2\/types\/post"}],"author":[{"embeddable":true,"href":"https:\/\/www.24baires.com\/index.php?rest_route=\/wp\/v2\/users\/4"}],"replies":[{"embeddable":true,"href":"https:\/\/www.24baires.com\/index.php?rest_route=%2Fwp%2Fv2%2Fcomments&post=6865"}],"version-history":[{"count":2,"href":"https:\/\/www.24baires.com\/index.php?rest_route=\/wp\/v2\/posts\/6865\/revisions"}],"predecessor-version":[{"id":6867,"href":"https:\/\/www.24baires.com\/index.php?rest_route=\/wp\/v2\/posts\/6865\/revisions\/6867"}],"wp:attachment":[{"href":"https:\/\/www.24baires.com\/index.php?rest_route=%2Fwp%2Fv2%2Fmedia&parent=6865"}],"wp:term":[{"taxonomy":"category","embeddable":true,"href":"https:\/\/www.24baires.com\/index.php?rest_route=%2Fwp%2Fv2%2Fcategories&post=6865"},{"taxonomy":"post_tag","embeddable":true,"href":"https:\/\/www.24baires.com\/index.php?rest_route=%2Fwp%2Fv2%2Ftags&post=6865"}],"curies":[{"name":"wp","href":"https:\/\/api.w.org\/{rel}","templated":true}]}}