{"id":6857,"date":"2012-11-26T14:08:30","date_gmt":"2012-11-26T17:08:30","guid":{"rendered":"http:\/\/www.24baires.com\/?p=6857"},"modified":"2012-11-26T14:08:30","modified_gmt":"2012-11-26T17:08:30","slug":"en-materia-de-seguridad-hacemos-todo-lo-que-podemos-hacer-dijo-lunghi","status":"publish","type":"post","link":"https:\/\/www.24baires.com\/?p=6857","title":{"rendered":"\u201cEn materia de seguridad, hacemos todo lo que podemos hacer\u201d, dijo Lunghi"},"content":{"rendered":"<p><img data-recalc-dims=\"1\" loading=\"lazy\" decoding=\"async\" class=\"alignleft size-full wp-image-6858\" title=\"lunghi tandil\" src=\"https:\/\/i0.wp.com\/www.24baires.com\/wp-content\/uploads\/2012\/11\/lunghi-tandil.jpg?resize=281%2C179\" alt=\"\" width=\"281\" height=\"179\" \/><strong>TANDIL &#8211;<\/strong> El Intendente de Tandil, Miguel Lunghi, se refiri\u00f3 al tema de la inseguridad en la ciudad, especialmente luego que durante el fin de semana se produjeran dos violentos asaltos en viviendas particulares en las que los malvivientes se alzaron con importantes sumas de dinero.<!--more--><br \/>\n\u201cEl tema de la inseguridad, y no es que quiera sacarme el problema, pero es as\u00ed; es nacional. Es algo en lo que estamos mal. Uno habla con la gente y a todos les preocupa ese tema. El bien mas preciado que tenemos es la vida\u201d, declar\u00f3 el jefe comunal a LU22.<br \/>\n\u201cNosotros nos reunimos permanentemente con las autoridades, tratamos de ayudar en todo, con combustible, con la reparaci\u00f3n de m\u00f3viles, con las c\u00e1maras de seguridad. Y ante el Ministro hemos gestionado comisar\u00edas m\u00f3viles, camionetas, m\u00e1s efectivos, etc. En esto hay que trabajar en conjunto porque es un problema que no tiene bander\u00edas pol\u00edticas\u201d, a\u00f1adi\u00f3.<br \/>\nLunghi sostuvo que \u201cestamos tratando de iluminar lo m\u00e1s posible las distintas zonas de la ciudad. Estamos licitando 70 c\u00e1maras de seguridad m\u00e1s, para seguir colocando en lugares estrat\u00e9gicos y hacer prevenci\u00f3n. Es algo que ayuda\u201d.<br \/>\nConsultado sobre el ocultamiento de informaci\u00f3n en el que se escuda la polic\u00eda, para acallar lo que ocurre en Tandil en materia delictiva, el Intendente manifest\u00f3 que \u201ces algo que tal vez venga como l\u00ednea. Hay que fijarse que las m\u00e1ximas autoridades del pa\u00eds no hablan del tema. Tal vez viene de arriba hacia abajo. Pero hay una inseguridad manifiesta y a nosotros nos tiene muy preocupados. No nos sacamos el lazo para nada y lo que podemos hacer es lo que hacemos, acompa\u00f1amos, formamos parte del foro, gestionamos, etc\u201d.<br \/>\nEl pediatra consider\u00f3 que \u201csolucionar esto va a llevar a\u00f1os, pero hay que generar pol\u00edticas p\u00fablicas para ir mejorando la situaci\u00f3n. La gente hoy vive enrejada y los delincuentes libres\u201d.<br \/>\nAdem\u00e1s, dijo que hab\u00eda visitado \u201ca quien sufri\u00f3 el robo de anoche (Jos\u00e9 Ochandorena) y a todos los vecinos, recorremos los barrios, vemos muchos problemas que son estructurales\u201d.<br \/>\n\u201cTandil necesita 100 efectivos m\u00e1s. Desde el a\u00f1o pasado que estoy gestionando 20 m\u00f3viles nuevos. Es cierto tambi\u00e9n que hemos deteriorado el sistema policial. La gente no cree en ellos, los insulta, los delincuentes los matan, este a\u00f1o es r\u00e9cord en eso. No es f\u00e1cil que alguien quiera estudiar para polic\u00eda. Tenemos que construir una sociedad m\u00e1s tolerante. En una oportunidad el Ministro me dijo que mande j\u00f3venes de Tandil a estudiar a la Vucetich y que \u00e9l despu\u00e9s me los devolv\u00eda. Pero eso tampoco pasa, porque lo que van con la intenci\u00f3n de ser polic\u00edas en su ciudad, despu\u00e9s se los quedan para cubrir el conurbano\u201d, analiz\u00f3.<\/p>\n","protected":false},"excerpt":{"rendered":"<p>TANDIL &#8211; El Intendente de Tandil, Miguel Lunghi, se refiri\u00f3 al tema de la inseguridad en la ciudad, especialmente luego que durante el fin de semana se produjeran dos violentos asaltos en viviendas particulares en las que los malvivientes se alzaron con importantes sumas de dinero.<\/p>\n","protected":false},"author":4,"featured_media":0,"comment_status":"open","ping_status":"open","sticky":false,"template":"","format":"standard","meta":{"_jetpack_newsletter_access":"","_jetpack_dont_email_post_to_subs":false,"_jetpack_newsletter_tier_id":0,"_jetpack_memberships_contains_paywalled_content":false,"_jetpack_memberships_contains_paid_content":false,"footnotes":""},"categories":[38],"tags":[],"class_list":["post-6857","post","type-post","status-publish","format-standard","hentry","category-locales"],"jetpack_featured_media_url":"","jetpack_shortlink":"https:\/\/wp.me\/p2JWE0-1MB","jetpack-related-posts":[{"id":12550,"url":"https:\/\/www.24baires.com\/?p=12550","url_meta":{"origin":6857,"position":0},"title":"Tandil: anuncian la creaci\u00f3n de la Comisar\u00eda 4\u00aa","author":"AF","date":"17\/01\/2013","format":false,"excerpt":"Lo anunci\u00f3 el Subsecretario de Seguridad bonaerense Emiliano Baloira tras la reuni\u00f3n mantenida con el intendente de Tandil Miguel Lunghi y jefes policiales, este mi\u00e9rcoles en el Palacio Municipal. El funcionario del gobierno de Daniel Scioli y el intendente Lunghi atendieron a los medios luego de la reuni\u00f3n celebrada este\u2026","rel":"","context":"En \u00abLocales\u00bb","block_context":{"text":"Locales","link":"https:\/\/www.24baires.com\/?cat=38"},"img":{"alt_text":"","src":"","width":0,"height":0},"classes":[]},{"id":116229,"url":"https:\/\/www.24baires.com\/?p=116229","url_meta":{"origin":6857,"position":1},"title":"Confirman que Tandil duplic\u00f3 sus casos de Covid-19","author":"GB","date":"15\/09\/2020","format":false,"excerpt":"Tras rebelarse con la Provincia, el jefe comunal sufre un pico de contagios en su distrito. El resultado de autoexcluirse del sistema de fases que implement\u00f3 el Gobierno nacional y provincial de la provincia en el marco de la pandemia del COVID-19, le jug\u00f3 una mala pasada al intendente Migu\u00e9l\u2026","rel":"","context":"En \u00abMunicipios\u00bb","block_context":{"text":"Municipios","link":"https:\/\/www.24baires.com\/?cat=44"},"img":{"alt_text":"","src":"https:\/\/i0.wp.com\/www.24baires.com\/wp-content\/uploads\/2020\/09\/20200915103421_lunghi.jpg?resize=350%2C200","width":350,"height":200,"srcset":"https:\/\/i0.wp.com\/www.24baires.com\/wp-content\/uploads\/2020\/09\/20200915103421_lunghi.jpg?resize=350%2C200 1x, https:\/\/i0.wp.com\/www.24baires.com\/wp-content\/uploads\/2020\/09\/20200915103421_lunghi.jpg?resize=525%2C300 1.5x"},"classes":[]},{"id":59811,"url":"https:\/\/www.24baires.com\/?p=59811","url_meta":{"origin":6857,"position":2},"title":"Scioli desarroll\u00f3 actividad de seguridad en Tandil","author":"GB","date":"09\/01\/2015","format":false,"excerpt":"El gobernador Daniel Scioli, desarroll\u00f3 hoy una serie de actividades de seguridad en la ciudad de Tandil, acompa\u00f1ado por el intendente radical, Miguel Lunghi, en la que puso en marcha el edificio de Comando de Prevenci\u00f3n Rural (CPR), y la Subcoordinaci\u00f3n de Seguridad de dicha dependencia. En ese marco, entreg\u00f3\u2026","rel":"","context":"En \u00abPol\u00edtica\u00bb","block_context":{"text":"Pol\u00edtica","link":"https:\/\/www.24baires.com\/?cat=51"},"img":{"alt_text":"scioli5","src":"https:\/\/i0.wp.com\/www.24baires.com\/wp-content\/uploads\/2014\/08\/scioli5.jpg?resize=350%2C200","width":350,"height":200,"srcset":"https:\/\/i0.wp.com\/www.24baires.com\/wp-content\/uploads\/2014\/08\/scioli5.jpg?resize=350%2C200 1x, https:\/\/i0.wp.com\/www.24baires.com\/wp-content\/uploads\/2014\/08\/scioli5.jpg?resize=525%2C300 1.5x"},"classes":[]},{"id":24852,"url":"https:\/\/www.24baires.com\/?p=24852","url_meta":{"origin":6857,"position":3},"title":"Expectativa por el discurso de Scioli en la inauguraci\u00f3n de una comisar\u00eda en Tandil","author":"AF","date":"01\/06\/2013","format":false,"excerpt":"El gobernador bonaerense Daniel Scioli estar\u00e1 este s\u00e1bado en Tandil para poner en marcha, junto al Intendente local, Miguel Lunghi, la Comisaria Cuarta de esa ciudad. Ser\u00e1 la primera aparici\u00f3n p\u00fablica luego de los dichos de la Presidenta que lo habr\u00eda tenido como principal receptor y se espera con expectativa\u2026","rel":"","context":"En \u00abPol\u00edtica\u00bb","block_context":{"text":"Pol\u00edtica","link":"https:\/\/www.24baires.com\/?cat=51"},"img":{"alt_text":"scioli tierras","src":"https:\/\/i0.wp.com\/www.24baires.com\/wp-content\/uploads\/2012\/10\/scioli-tierras-300x180.jpg?resize=350%2C200","width":350,"height":200},"classes":[]},{"id":104901,"url":"https:\/\/www.24baires.com\/?p=104901","url_meta":{"origin":6857,"position":4},"title":"Tandil: cerr\u00f3 la hist\u00f3rica metal\u00fargica y despidi\u00f3 a m\u00e1s de 100 trabajadores","author":"GB","date":"12\/10\/2018","format":false,"excerpt":"Con 70 a\u00f1os, era una de las f\u00e1bricas tradicionales de la ciudad. El cierre cal\u00f3 hondo en la sociedad tandilense. Un golpe duro para la gesti\u00f3n del intendente Miguel Lunghi. El 16 de octubre se espera una multitudinaria marcha. Cerr\u00f3 \u201cMetal\u00fargica Tandil\u201d, la hist\u00f3rica f\u00e1brica serrana de autopartes. La decisi\u00f3n\u2026","rel":"","context":"En \u00abMunicipios\u00bb","block_context":{"text":"Municipios","link":"https:\/\/www.24baires.com\/?cat=44"},"img":{"alt_text":"","src":"https:\/\/i0.wp.com\/www.24baires.com\/wp-content\/uploads\/2018\/10\/tandil-fabrica.jpg?resize=350%2C200","width":350,"height":200,"srcset":"https:\/\/i0.wp.com\/www.24baires.com\/wp-content\/uploads\/2018\/10\/tandil-fabrica.jpg?resize=350%2C200 1x, https:\/\/i0.wp.com\/www.24baires.com\/wp-content\/uploads\/2018\/10\/tandil-fabrica.jpg?resize=525%2C300 1.5x"},"classes":[]},{"id":121228,"url":"https:\/\/www.24baires.com\/?p=121228","url_meta":{"origin":6857,"position":5},"title":"La UCR propone regular los precios de medicamentos","author":"GB","date":"15\/04\/2024","format":false,"excerpt":"Intendentes de la UCR liderados por Miguel Lunghi buscan reinstaurar una ley similar a la de Arturo Illia para congelar los precios de los medicamentos, en medio de la creciente dificultad de acceso a los mismos en Argentina. a Uni\u00f3n C\u00edvica Radical (UCR) liderada por Miguel Lunghi, intendente de Tandil,\u2026","rel":"","context":"En \u00abPol\u00edtica\u00bb","block_context":{"text":"Pol\u00edtica","link":"https:\/\/www.24baires.com\/?cat=51"},"img":{"alt_text":"","src":"https:\/\/i0.wp.com\/www.24baires.com\/wp-content\/uploads\/2024\/04\/ucr.webp?resize=350%2C200","width":350,"height":200,"srcset":"https:\/\/i0.wp.com\/www.24baires.com\/wp-content\/uploads\/2024\/04\/ucr.webp?resize=350%2C200 1x, https:\/\/i0.wp.com\/www.24baires.com\/wp-content\/uploads\/2024\/04\/ucr.webp?resize=525%2C300 1.5x, https:\/\/i0.wp.com\/www.24baires.com\/wp-content\/uploads\/2024\/04\/ucr.webp?resize=700%2C400 2x"},"classes":[]}],"jetpack_sharing_enabled":true,"jetpack_likes_enabled":true,"_links":{"self":[{"href":"https:\/\/www.24baires.com\/index.php?rest_route=\/wp\/v2\/posts\/6857","targetHints":{"allow":["GET"]}}],"collection":[{"href":"https:\/\/www.24baires.com\/index.php?rest_route=\/wp\/v2\/posts"}],"about":[{"href":"https:\/\/www.24baires.com\/index.php?rest_route=\/wp\/v2\/types\/post"}],"author":[{"embeddable":true,"href":"https:\/\/www.24baires.com\/index.php?rest_route=\/wp\/v2\/users\/4"}],"replies":[{"embeddable":true,"href":"https:\/\/www.24baires.com\/index.php?rest_route=%2Fwp%2Fv2%2Fcomments&post=6857"}],"version-history":[{"count":2,"href":"https:\/\/www.24baires.com\/index.php?rest_route=\/wp\/v2\/posts\/6857\/revisions"}],"predecessor-version":[{"id":6860,"href":"https:\/\/www.24baires.com\/index.php?rest_route=\/wp\/v2\/posts\/6857\/revisions\/6860"}],"wp:attachment":[{"href":"https:\/\/www.24baires.com\/index.php?rest_route=%2Fwp%2Fv2%2Fmedia&parent=6857"}],"wp:term":[{"taxonomy":"category","embeddable":true,"href":"https:\/\/www.24baires.com\/index.php?rest_route=%2Fwp%2Fv2%2Fcategories&post=6857"},{"taxonomy":"post_tag","embeddable":true,"href":"https:\/\/www.24baires.com\/index.php?rest_route=%2Fwp%2Fv2%2Ftags&post=6857"}],"curies":[{"name":"wp","href":"https:\/\/api.w.org\/{rel}","templated":true}]}}